{"id":326995,"date":"2025-08-03T15:38:36","date_gmt":"2025-08-03T12:38:36","guid":{"rendered":"https:\/\/sana.sy\/tr\/?p=326995"},"modified":"2025-08-03T15:58:22","modified_gmt":"2025-08-03T12:58:22","slug":"isveydiyedeki-kanun-disi-gruplar-ateskesi-ihlal-ederek-her-turlu-sukunet-cabasini-sabote-etmeyi-surduruyor","status":"publish","type":"post","link":"https:\/\/archive.sana.sy\/tr\/?p=326995","title":{"rendered":"S\u00fcveyda&#8217;daki Kanun D\u0131\u015f\u0131 Gruplar Ate\u015fkesi \u0130hlal Ederek Her T\u00fcrl\u00fc S\u00fckunet \u00c7abas\u0131n\u0131 Sabote Etmeyi S\u00fcrd\u00fcr\u00fcyor"},"content":{"rendered":"<p style=\"text-align: justify;\"><span style=\"color: #ff0000;\"><strong>S\u00dcVEYDA (SANA)<\/strong> <\/span>&#8211;\u00a0 S\u00fcveyda ilinde sa\u011flanan ate\u015fkes anla\u015fmas\u0131na ra\u011fmen, kanun d\u0131\u015f\u0131 gruplar bat\u0131 k\u0131rsal\u0131ndaki baz\u0131 k\u00f6ylere sald\u0131r\u0131lar d\u00fczenleyerek ate\u015fkesi ihlal etti.<\/p>\n<p style=\"text-align: justify;\">SANA muhabirinin aktard\u0131\u011f\u0131na g\u00f6re, Hikmet El Hicr\u00ee\u2019ye ba\u011fl\u0131 kanun d\u0131\u015f\u0131 gruplar, a\u011f\u0131r ve orta \u00e7apl\u0131 silahlar ile havan toplar\u0131 kullanarak Tel Hadid k\u00f6y\u00fcne sald\u0131r\u0131 d\u00fczenledi. Sald\u0131r\u0131 sonucu i\u00e7 g\u00fcvenlik g\u00fc\u00e7lerinden bir personel \u015fehit oldu, birka\u00e7 ki\u015fi de yaraland\u0131.<\/p>\n<p style=\"text-align: justify;\">H\u00fck\u00fcmetin, S\u00fcveyda iline istikrar ve huzuru geri kazand\u0131rma y\u00f6n\u00fcndeki \u00e7abalar\u0131na ra\u011fmen, El Hicr\u00ee\u2019ye ba\u011fl\u0131 kanun d\u0131\u015f\u0131 gruplar, b\u00f6lge halk\u0131n\u0131n b\u00fcy\u00fck \u00e7o\u011funlu\u011funun beklentileriyle ba\u011fda\u015fmayan ayr\u0131l\u0131k\u00e7\u0131 g\u00fcndemleri ger\u00e7ekle\u015ftirme amac\u0131yla her t\u00fcrl\u00fc s\u00fckunet ve ulusal \u00e7\u00f6z\u00fcm giri\u015fimini sabote etmeye devam ediyor.<\/p>\n<p style=\"text-align: justify;\">Bu gruplar, S\u00fcveyda halk\u0131n\u0131n iradesini gasp etmeye, farkl\u0131 g\u00f6r\u00fc\u015flere sahip olanlar\u0131 bast\u0131rmaya \u00e7al\u0131\u015farak ili s\u00fcrekli bir gerginlik, t\u0131rman\u0131\u015f ve g\u00fcvenlik kaosu i\u00e7inde tutmay\u0131 ama\u00e7l\u0131yor.<\/p>\n<p style=\"text-align: justify;\">31 Temmuz tarihinde, kanun d\u0131\u015f\u0131 gruplar, Maliye Bakanl\u0131\u011f\u0131 taraf\u0131ndan kamu \u00e7al\u0131\u015fanlar\u0131 ve emekliler i\u00e7in g\u00f6nderilen maa\u015f \u00f6demelerini silahl\u0131 bir soygunla ele ge\u00e7irdi. Bu eylem, \u015eahba kentindeki Suriye Ticaret Bankas\u0131 \u015fubesine yap\u0131lan bask\u0131nla ger\u00e7ekle\u015fti ve maa\u015f \u00f6demelerinin tamamlanmas\u0131n\u0131 engelledi.<\/p>\n<p style=\"text-align: justify;\">D\u00fcn, S\u00fcveyda\u2019da bulunan ElKerame Misafirhanesi\u2019nin temsilcisi \u015eeyh Leys El Belaus, S\u00fcveyda halk\u0131n\u0131n Suriye\u2019nin birli\u011fi ve egemenli\u011fine ba\u011fl\u0131 oldu\u011funu, hi\u00e7bir d\u0131\u015f g\u00fcndeme hizmet etmedi\u011fini ve mezhep ya da siyasi \u00e7at\u0131\u015fmalara s\u00fcr\u00fcklenmeyi reddetti\u011fini vurgulad\u0131.<\/p>\n<p style=\"text-align: justify;\">El Belaus, Hikmet El Hicr\u00ee\u2019nin bakanl\u0131k heyetlerinin ile giri\u015fini engelleme karar\u0131n\u0131n, insani ve g\u00fcvenlik ko\u015fullar\u0131n\u0131n iyile\u015ftirilmesi \u00f6n\u00fcnde b\u00fcy\u00fck bir engel olu\u015fturdu\u011funu ifade etti.<\/p>\n<p style=\"text-align: justify;\">Ge\u00e7ti\u011fimiz ay boyunca, S\u00fcveyda ilinde Bedevi a\u015firetleri ile silahl\u0131 gruplar aras\u0131nda kanl\u0131 \u00e7at\u0131\u015fmalar ya\u015fand\u0131. Bu \u00e7at\u0131\u015fmalar \u00e7ok say\u0131da can kayb\u0131na ve sivillerin zorla yerinden edilmesine yol a\u00e7t\u0131. Bunun \u00fczerine, Suriye Arap Ordusu birlikleri, S\u00fcveyda ili \u00e7evresindeki kanun d\u0131\u015f\u0131 gruplar\u0131 takip etmek ve b\u00f6lgede istikrar ve g\u00fcvenli\u011fi sa\u011flamak amac\u0131yla S\u00fcveyda kentine giri\u015f yapt\u0131.<\/p>\n","protected":false},"excerpt":{"rendered":"<p>S\u00dcVEYDA (SANA) &#8211;\u00a0 S\u00fcveyda ilinde sa\u011flanan ate\u015fkes anla\u015fmas\u0131na ra\u011fmen, kanun d\u0131\u015f\u0131 gruplar bat\u0131 k\u0131rsal\u0131ndaki baz\u0131 k\u00f6ylere sald\u0131r\u0131lar d\u00fczenleyerek ate\u015fkesi ihlal etti. SANA muhabirinin aktard\u0131\u011f\u0131na g\u00f6re, Hikmet El Hicr\u00ee\u2019ye ba\u011fl\u0131 kanun d\u0131\u015f\u0131 gruplar, a\u011f\u0131r ve orta \u00e7apl\u0131 silahlar ile havan toplar\u0131 kullanarak Tel Hadid k\u00f6y\u00fcne sald\u0131r\u0131 d\u00fczenledi. Sald\u0131r\u0131 sonucu i\u00e7 g\u00fcvenlik g\u00fc\u00e7lerinden bir personel \u015fehit oldu, &hellip;<\/p>\n","protected":false},"author":36,"featured_media":326999,"comment_status":"closed","ping_status":"closed","sticky":false,"template":"","format":"standard","meta":{"footnotes":""},"categories":[589,479,17988,478],"tags":[],"class_list":["post-326995","post","type-post","status-publish","format-standard","has-post-thumbnail","","category-haber-seridi","category-haberler-yerel","category-son-haberler","category-yerel"],"_links":{"self":[{"href":"https:\/\/archive.sana.sy\/tr\/index.php?rest_route=\/wp\/v2\/posts\/326995","targetHints":{"allow":["GET"]}}],"collection":[{"href":"https:\/\/archive.sana.sy\/tr\/index.php?rest_route=\/wp\/v2\/posts"}],"about":[{"href":"https:\/\/archive.sana.sy\/tr\/index.php?rest_route=\/wp\/v2\/types\/post"}],"author":[{"embeddable":true,"href":"https:\/\/archive.sana.sy\/tr\/index.php?rest_route=\/wp\/v2\/users\/36"}],"replies":[{"embeddable":true,"href":"https:\/\/archive.sana.sy\/tr\/index.php?rest_route=%2Fwp%2Fv2%2Fcomments&post=326995"}],"version-history":[{"count":3,"href":"https:\/\/archive.sana.sy\/tr\/index.php?rest_route=\/wp\/v2\/posts\/326995\/revisions"}],"predecessor-version":[{"id":327001,"href":"https:\/\/archive.sana.sy\/tr\/index.php?rest_route=\/wp\/v2\/posts\/326995\/revisions\/327001"}],"wp:featuredmedia":[{"embeddable":true,"href":"https:\/\/archive.sana.sy\/tr\/index.php?rest_route=\/wp\/v2\/media\/326999"}],"wp:attachment":[{"href":"https:\/\/archive.sana.sy\/tr\/index.php?rest_route=%2Fwp%2Fv2%2Fmedia&parent=326995"}],"wp:term":[{"taxonomy":"category","embeddable":true,"href":"https:\/\/archive.sana.sy\/tr\/index.php?rest_route=%2Fwp%2Fv2%2Fcategories&post=326995"},{"taxonomy":"post_tag","embeddable":true,"href":"https:\/\/archive.sana.sy\/tr\/index.php?rest_route=%2Fwp%2Fv2%2Ftags&post=326995"}],"curies":[{"name":"wp","href":"https:\/\/api.w.org\/{rel}","templated":true}]}}