{"id":327002,"date":"2025-08-03T16:50:34","date_gmt":"2025-08-03T13:50:34","guid":{"rendered":"https:\/\/sana.sy\/tr\/?p=327002"},"modified":"2025-08-18T15:49:51","modified_gmt":"2025-08-18T12:49:51","slug":"uyusturucuyla-mucadele-uyusturucu-kacakciligi-sebekesinin-en-tehlikeli-isimlerinden-amir-el-seyh-tutuklandi","status":"publish","type":"post","link":"https:\/\/archive.sana.sy\/tr\/?p=327002","title":{"rendered":"Uyu\u015fturucuyla M\u00fccadele: Uyu\u015fturucu Ka\u00e7ak\u00e7\u0131l\u0131\u011f\u0131 \u015eebekesinin En Tehlikeli \u0130simlerinden Amir El \u015eeyh Tutukland\u0131"},"content":{"rendered":"<p style=\"text-align: justify;\"><span style=\"color: #ff0000;\"><strong>\u015eAM (SANA)<\/strong> <\/span>&#8211; Narkotik Su\u00e7larla M\u00fccadele Dairesi Ba\u015fkan\u0131 Tu\u011fgeneral Halid Eid \u015funlar\u0131 s\u00f6yledi: \u2018\u2019Uzman ekiplerimiz, Suriye ve b\u00f6lgedeki uyu\u015fturucu ka\u00e7ak\u00e7\u0131l\u0131\u011f\u0131 \u015febekelerine kar\u0131\u015fan en tehlikeli ki\u015filerden biri olarak s\u0131n\u0131fland\u0131r\u0131lan Amir El \u015eeyh&#8217;i tutuklamay\u0131 ba\u015fard\u0131. Bu tutuklama, Narkotik Su\u00e7larla M\u00fccadele Dairesi&#8217;nin aylarca s\u00fcren s\u0131k\u0131 takibinin ard\u0131ndan ger\u00e7ekle\u015fti.<\/p>\n<p style=\"text-align: justify;\">Tutuklanan ki\u015fi, g\u00fcvenlik takibinden ka\u00e7\u0131nmak i\u00e7in sahte kimlik ve pasaport kullanarak seyahat ediyordu. Ola\u011fan\u00fcst\u00fc \u00e7abalar ve \u00fcst d\u00fczey g\u00fcvenlik koordinasyonuyla, T\u00fcrkiye topraklar\u0131na ula\u015fana kadar takip edildi. Suriye Arap Cumhuriyeti ve T\u00fcrkiye Cumhuriyeti aras\u0131ndaki ikili i\u015f birli\u011fi ve ortak koordinasyon \u00e7er\u00e7evesinde, T\u00fcrkiye&#8217;deki yetkili makamlar taraf\u0131ndan yakalanarak Suriye Uyu\u015fturucuyla M\u00fccadele Genel M\u00fcd\u00fcrl\u00fc\u011f\u00fc&#8217;ne teslim edildi.<\/p>\n<p style=\"text-align: justify;\">Su\u00e7lu Amir El \u015eeyh, b\u00f6lgenin en \u00f6nde gelen uyu\u015fturucu sat\u0131c\u0131lar\u0131ndan ve ka\u00e7ak\u00e7\u0131lar\u0131ndan biri olarak kabul ediliyor ve uyu\u015fturucu imalat\u0131 ve ka\u00e7ak\u00e7\u0131l\u0131\u011f\u0131yla ilgili organize ve ciddi su\u00e7lar\u0131ndan dolay\u0131 bir\u00e7ok \u00fclke taraf\u0131ndan aran\u0131yor. Bilgiler ayr\u0131ca, uluslararas\u0131 ka\u00e7ak\u00e7\u0131l\u0131k a\u011flar\u0131 ve n\u00fcfuzlu ki\u015filerle, \u00f6zellikle de kom\u015fu \u00fclkelere ve \u00f6tesine uyu\u015fturucu imalat\u0131 ve ka\u00e7ak\u00e7\u0131l\u0131\u011f\u0131n\u0131 denetledi\u011fi su\u00e7lu Mahir Esad ile yak\u0131n ba\u011flar\u0131n\u0131 ortaya koyuyor.\u2019\u2019<\/p>\n","protected":false},"excerpt":{"rendered":"<p>\u015eAM (SANA) &#8211; Narkotik Su\u00e7larla M\u00fccadele Dairesi Ba\u015fkan\u0131 Tu\u011fgeneral Halid Eid \u015funlar\u0131 s\u00f6yledi: \u2018\u2019Uzman ekiplerimiz, Suriye ve b\u00f6lgedeki uyu\u015fturucu ka\u00e7ak\u00e7\u0131l\u0131\u011f\u0131 \u015febekelerine kar\u0131\u015fan en tehlikeli ki\u015filerden biri olarak s\u0131n\u0131fland\u0131r\u0131lan Amir El \u015eeyh&#8217;i tutuklamay\u0131 ba\u015fard\u0131. Bu tutuklama, Narkotik Su\u00e7larla M\u00fccadele Dairesi&#8217;nin aylarca s\u00fcren s\u0131k\u0131 takibinin ard\u0131ndan ger\u00e7ekle\u015fti. Tutuklanan ki\u015fi, g\u00fcvenlik takibinden ka\u00e7\u0131nmak i\u00e7in sahte kimlik ve pasaport &hellip;<\/p>\n","protected":false},"author":36,"featured_media":327004,"comment_status":"closed","ping_status":"closed","sticky":false,"template":"","format":"standard","meta":{"footnotes":""},"categories":[589,479,17988,478],"tags":[],"class_list":["post-327002","post","type-post","status-publish","format-standard","has-post-thumbnail","","category-haber-seridi","category-haberler-yerel","category-son-haberler","category-yerel"],"_links":{"self":[{"href":"https:\/\/archive.sana.sy\/tr\/index.php?rest_route=\/wp\/v2\/posts\/327002","targetHints":{"allow":["GET"]}}],"collection":[{"href":"https:\/\/archive.sana.sy\/tr\/index.php?rest_route=\/wp\/v2\/posts"}],"about":[{"href":"https:\/\/archive.sana.sy\/tr\/index.php?rest_route=\/wp\/v2\/types\/post"}],"author":[{"embeddable":true,"href":"https:\/\/archive.sana.sy\/tr\/index.php?rest_route=\/wp\/v2\/users\/36"}],"replies":[{"embeddable":true,"href":"https:\/\/archive.sana.sy\/tr\/index.php?rest_route=%2Fwp%2Fv2%2Fcomments&post=327002"}],"version-history":[{"count":2,"href":"https:\/\/archive.sana.sy\/tr\/index.php?rest_route=\/wp\/v2\/posts\/327002\/revisions"}],"predecessor-version":[{"id":327910,"href":"https:\/\/archive.sana.sy\/tr\/index.php?rest_route=\/wp\/v2\/posts\/327002\/revisions\/327910"}],"wp:featuredmedia":[{"embeddable":true,"href":"https:\/\/archive.sana.sy\/tr\/index.php?rest_route=\/wp\/v2\/media\/327004"}],"wp:attachment":[{"href":"https:\/\/archive.sana.sy\/tr\/index.php?rest_route=%2Fwp%2Fv2%2Fmedia&parent=327002"}],"wp:term":[{"taxonomy":"category","embeddable":true,"href":"https:\/\/archive.sana.sy\/tr\/index.php?rest_route=%2Fwp%2Fv2%2Fcategories&post=327002"},{"taxonomy":"post_tag","embeddable":true,"href":"https:\/\/archive.sana.sy\/tr\/index.php?rest_route=%2Fwp%2Fv2%2Ftags&post=327002"}],"curies":[{"name":"wp","href":"https:\/\/api.w.org\/{rel}","templated":true}]}}