{"id":327005,"date":"2025-08-03T17:09:16","date_gmt":"2025-08-03T14:09:16","guid":{"rendered":"https:\/\/sana.sy\/tr\/?p=327005"},"modified":"2025-08-05T08:29:35","modified_gmt":"2025-08-05T05:29:35","slug":"icisleri-bakanligi-suveydada-isyanci-cetelerin-ateskes-anlasmasini-ihlal-ettigine-iliskin-aciklama-yapti","status":"publish","type":"post","link":"https:\/\/archive.sana.sy\/tr\/?p=327005","title":{"rendered":"\u0130\u00e7i\u015fleri Bakanl\u0131\u011f\u0131, S\u00fcveyda&#8217;da \u0130syanc\u0131 \u00c7etelerin Ate\u015fkes Anla\u015fmas\u0131n\u0131 \u0130hlal Etti\u011fine \u0130li\u015fkin A\u00e7\u0131klama Yapt\u0131"},"content":{"rendered":"<p style=\"text-align: justify;\"><span style=\"color: #ff0000;\"><strong>\u015eAM (SANA)<\/strong><\/span> &#8211;\u00a0 \u0130\u00e7i\u015fleri Bakanl\u0131\u011f\u0131, S\u00fcveyda&#8217;da isyanc\u0131 \u00e7etelerin ate\u015fkes anla\u015fmas\u0131n\u0131 ihlal etti\u011fine ili\u015fkin a\u00e7\u0131klama yapt\u0131. A\u00e7\u0131klamada \u015fu ifadelere yer verildi:<\/p>\n<p style=\"text-align: justify;\">S\u00fcveyde&#8217;de ate\u015fkes anla\u015fmas\u0131n\u0131n ilan edilmesinden bu yana Suriye devleti, t\u00fcm askeri, g\u00fcvenlik, sivil ve hizmet kurumlar\u0131yla anla\u015fmay\u0131 sa\u011flamla\u015ft\u0131rmak ve b\u00f6lgede istikrar\u0131 yeniden sa\u011flamak i\u00e7in \u00e7abal\u0131yor.<\/p>\n<p style=\"text-align: justify;\">H\u00fck\u00fcmet bu \u00e7aban\u0131n bir par\u00e7as\u0131 olarak, sivillerin hayatlar\u0131n\u0131 g\u00fcvence alt\u0131na almak, hizmetlerin kademeli olarak geri d\u00f6nmesinin \u00f6n\u00fcn\u00fc a\u00e7mak ve vilayette normale d\u00f6n\u00fc\u015f\u00fc sa\u011flamak i\u00e7in \u00e7al\u0131\u015ft\u0131.<\/p>\n<p style=\"text-align: justify;\">H\u00fck\u00fcmetin S\u00fcveyda&#8217;n\u0131n g\u00fcvenlik ve istikrar\u0131n\u0131 sa\u011flama y\u00f6n\u00fcndeki kararl\u0131 \u00e7abalar\u0131na ra\u011fmen, \u015fehirdeki isyanc\u0131 \u00e7etelerin \u00f6nc\u00fcl\u00fc\u011f\u00fcnde y\u00fcr\u00fct\u00fclen medya ve mezhep\u00e7i kampanyalar son d\u00f6nemde durmad\u0131.<\/p>\n<p style=\"text-align: justify;\">Bu \u00e7eteler, Suriye devletinin S\u00fcveyda&#8217;daki halk\u0131m\u0131za kar\u015f\u0131 \u00e7abalar\u0131n\u0131 ve sorumluluklar\u0131n\u0131 engelleyemeyince, i\u00e7 g\u00fcvenlik g\u00fc\u00e7lerine kar\u015f\u0131 bir\u00e7ok cephede hain sald\u0131r\u0131lar d\u00fczenleyerek, bir\u00e7ok k\u00f6y\u00fc roket ve havanlarla bombalayarak ate\u015fkesi ihlal etmeye y\u00f6neldiler; bunun sonucunda \u00e7ok say\u0131da g\u00fcvenlik g\u00f6revlisi \u015fehit oldu ve yaraland\u0131.<\/p>\n<p style=\"text-align: justify;\">\u0130\u00e7i\u015fleri Bakanl\u0131\u011f\u0131, krizin ba\u015flang\u0131c\u0131ndan bu yana S\u00fcveyda&#8217;daki ulusal ve insani g\u00f6revini yerine getirmeye devam etti\u011fini ve vatanda\u015flar\u0131n g\u00fcvenli\u011fini ve istikrar\u0131n\u0131 \u00f6nceliklerinin en \u00f6n\u00fcne koydu\u011funu teyit etmektedir. Bu arada, isyanc\u0131 \u00e7eteler, liderlerinin ki\u015fisel \u00e7\u0131karlar\u0131 do\u011frultusunda, yard\u0131m malzemelerini \u00e7alarak ve i\u00e7 \u00e7at\u0131\u015fmalar \u00e7\u0131kararak eyaleti gerginli\u011fe ve kaosa s\u00fcr\u00fckleme giri\u015fimlerini s\u00fcrd\u00fcrmektedir. Bu gruplar ayr\u0131ca, \u015fehir i\u00e7indeki hukuka ayk\u0131r\u0131 tutuklamalar da dahil olmak \u00fczere, k\u00f6t\u00fc muamelelerini \u00f6rtbas etmek i\u00e7in ate\u015fkes anla\u015fmalar\u0131n\u0131 ihlal etmektedir.<\/p>\n<p style=\"text-align: justify;\">\u0130\u00e7i\u015fleri Bakanl\u0131\u011f\u0131, S\u00fcveyda&#8217;da halk\u0131n korunmas\u0131, yard\u0131m ve ia\u015fe konvoylar\u0131n\u0131n emniyet alt\u0131na al\u0131nmas\u0131 ve milli g\u00f6rev gere\u011fi \u00e7al\u0131\u015fmalar\u0131n\u0131 s\u00fcrd\u00fcrecektir.<\/p>\n","protected":false},"excerpt":{"rendered":"<p>\u015eAM (SANA) &#8211;\u00a0 \u0130\u00e7i\u015fleri Bakanl\u0131\u011f\u0131, S\u00fcveyda&#8217;da isyanc\u0131 \u00e7etelerin ate\u015fkes anla\u015fmas\u0131n\u0131 ihlal etti\u011fine ili\u015fkin a\u00e7\u0131klama yapt\u0131. A\u00e7\u0131klamada \u015fu ifadelere yer verildi: S\u00fcveyde&#8217;de ate\u015fkes anla\u015fmas\u0131n\u0131n ilan edilmesinden bu yana Suriye devleti, t\u00fcm askeri, g\u00fcvenlik, sivil ve hizmet kurumlar\u0131yla anla\u015fmay\u0131 sa\u011flamla\u015ft\u0131rmak ve b\u00f6lgede istikrar\u0131 yeniden sa\u011flamak i\u00e7in \u00e7abal\u0131yor. H\u00fck\u00fcmet bu \u00e7aban\u0131n bir par\u00e7as\u0131 olarak, sivillerin hayatlar\u0131n\u0131 g\u00fcvence alt\u0131na &hellip;<\/p>\n","protected":false},"author":36,"featured_media":327006,"comment_status":"closed","ping_status":"closed","sticky":false,"template":"","format":"standard","meta":{"footnotes":""},"categories":[479,17988,478],"tags":[7190,44154],"class_list":["post-327005","post","type-post","status-publish","format-standard","has-post-thumbnail","","category-haberler-yerel","category-son-haberler","category-yerel","tag-icisleri-bakanligi","tag-suveydada-isyanci-cetelerin-ateskes-anlasmasini-ihlal-ettigine-iliskin-aciklama-yapti"],"_links":{"self":[{"href":"https:\/\/archive.sana.sy\/tr\/index.php?rest_route=\/wp\/v2\/posts\/327005","targetHints":{"allow":["GET"]}}],"collection":[{"href":"https:\/\/archive.sana.sy\/tr\/index.php?rest_route=\/wp\/v2\/posts"}],"about":[{"href":"https:\/\/archive.sana.sy\/tr\/index.php?rest_route=\/wp\/v2\/types\/post"}],"author":[{"embeddable":true,"href":"https:\/\/archive.sana.sy\/tr\/index.php?rest_route=\/wp\/v2\/users\/36"}],"replies":[{"embeddable":true,"href":"https:\/\/archive.sana.sy\/tr\/index.php?rest_route=%2Fwp%2Fv2%2Fcomments&post=327005"}],"version-history":[{"count":3,"href":"https:\/\/archive.sana.sy\/tr\/index.php?rest_route=\/wp\/v2\/posts\/327005\/revisions"}],"predecessor-version":[{"id":327010,"href":"https:\/\/archive.sana.sy\/tr\/index.php?rest_route=\/wp\/v2\/posts\/327005\/revisions\/327010"}],"wp:featuredmedia":[{"embeddable":true,"href":"https:\/\/archive.sana.sy\/tr\/index.php?rest_route=\/wp\/v2\/media\/327006"}],"wp:attachment":[{"href":"https:\/\/archive.sana.sy\/tr\/index.php?rest_route=%2Fwp%2Fv2%2Fmedia&parent=327005"}],"wp:term":[{"taxonomy":"category","embeddable":true,"href":"https:\/\/archive.sana.sy\/tr\/index.php?rest_route=%2Fwp%2Fv2%2Fcategories&post=327005"},{"taxonomy":"post_tag","embeddable":true,"href":"https:\/\/archive.sana.sy\/tr\/index.php?rest_route=%2Fwp%2Fv2%2Ftags&post=327005"}],"curies":[{"name":"wp","href":"https:\/\/api.w.org\/{rel}","templated":true}]}}