{"id":327011,"date":"2025-08-03T18:09:25","date_gmt":"2025-08-03T15:09:25","guid":{"rendered":"https:\/\/sana.sy\/tr\/?p=327011"},"modified":"2025-08-03T18:09:25","modified_gmt":"2025-08-03T15:09:25","slug":"samdaki-katar-maslahatguzari-suriyede-elektrige-destek-insani-bir-adimdir","status":"publish","type":"post","link":"https:\/\/archive.sana.sy\/tr\/?p=327011","title":{"rendered":"\u015eam&#8217;daki Katar Maslahatg\u00fczar\u0131: Suriye&#8217;de Elektri\u011fe Destek \u0130nsani Bir Ad\u0131md\u0131r"},"content":{"rendered":"<p style=\"text-align: justify;\"><span style=\"color: #ff0000;\"><strong>\u015eAM (SANA)<\/strong> <\/span>&#8211; Katar\u2019\u0131n \u015eam B\u00fcy\u00fckel\u00e7ili\u011fi Ge\u00e7ici Maslahatg\u00fczar\u0131 Halife Abdullah Al Mahmud, Katar\u2019\u0131n T\u00fcrkiye \u00fczerinden Suriye\u2019ye Azerbaycan gaz\u0131n\u0131n pompalanmas\u0131 projesine finansman sa\u011flama yoluyla Suriye elektrik sekt\u00f6r\u00fcn\u00fc destekleme giri\u015fiminin sadece mali destek olmad\u0131\u011f\u0131n\u0131, ayn\u0131 zamanda Suriye halk\u0131n\u0131n ya\u015fam ko\u015fullar\u0131n\u0131 iyile\u015ftirmeyi hedefleyen insani ve stratejik bir ad\u0131m oldu\u011funu, ayn\u0131 zamanda yap\u0131c\u0131 b\u00f6lgesel ortakl\u0131klar\u0131 g\u00fc\u00e7lendirmeyi ama\u00e7lad\u0131\u011f\u0131n\u0131 vurgulad\u0131.<\/p>\n<p style=\"text-align: justify;\">Halife Abdullah, SANA\u2019ya \u00f6zel a\u00e7\u0131klamas\u0131nda, bu giri\u015fimin Katar Devlet Emiri \u015eeyh Temim bin Hamad Al Sani\u2019nin direktifleri do\u011frultusunda ger\u00e7ekle\u015ftirildi\u011fini belirtti ve bu giri\u015fimin Suriye ve halk\u0131na hizmette bir model olaca\u011f\u0131n\u0131, ayr\u0131ca yak\u0131n gelecekte altyap\u0131y\u0131 g\u00fc\u00e7lendirecek bir dizi kalk\u0131nma giri\u015fiminin ba\u015flang\u0131c\u0131 oldu\u011funu ifade etti.<\/p>\n<p style=\"text-align: justify;\">Elektrik enerjisi sekt\u00f6r\u00fcne sa\u011flanan deste\u011fin hi\u00e7bir siyasi kayg\u0131 ta\u015f\u0131mad\u0131\u011f\u0131n\u0131, karde\u015f Suriyelilere y\u00f6nelik insani ve karde\u015flik sorumluluklar\u0131 gere\u011fi yap\u0131ld\u0131\u011f\u0131n\u0131 vurgulayan Halife Abdullah, bu ad\u0131m\u0131n Doha merkezli Katar Kalk\u0131nma Fonu arac\u0131l\u0131\u011f\u0131yla stratejik insani ve kalk\u0131nma giri\u015fimi kapsam\u0131nda Suriye elektrik sekt\u00f6r\u00fcne katk\u0131 amac\u0131 ta\u015f\u0131d\u0131\u011f\u0131n\u0131 belirtti.<\/p>\n<p style=\"text-align: justify;\">Halife Abdullah ayr\u0131ca, Katar\u2019\u0131n yo\u011fun deste\u011finin etkilenen b\u00f6lgelerde g\u00fcnl\u00fck elektrik arz\u0131n\u0131 \u015fu anki 3-4 saatlik s\u0131n\u0131rdan yakla\u015f\u0131k 10 saate \u00e7\u0131karaca\u011f\u0131n\u0131 ve yenilenebilir, kesintisiz i\u015fletme kapasitesinden faydalan\u0131laca\u011f\u0131n\u0131 \u00f6ng\u00f6rd\u00fcklerini s\u00f6yledi.<\/p>\n<p style=\"text-align: justify;\">Ge\u00e7ici Maslahatg\u00fczar, bu deste\u011fin ikinci a\u015famas\u0131n\u0131n d\u00fcn ba\u015flad\u0131\u011f\u0131n\u0131, ilk gaz ak\u0131\u015f\u0131n\u0131n g\u00fcnl\u00fck 3,4 milyon metrek\u00fcp oldu\u011funu ve kademeli olarak yakla\u015f\u0131k 6 milyon metrek\u00fcpe ula\u015fmas\u0131n\u0131n beklendi\u011fini; b\u00f6ylece Suriye santrallerinde \u00fcretilen toplam elektrik g\u00fcc\u00fcn\u00fcn yakla\u015f\u0131k 1.200 megavata y\u00fckselece\u011fini de\u00a0 kaydetti.<\/p>\n<p>&nbsp;<\/p>\n","protected":false},"excerpt":{"rendered":"<p>\u015eAM (SANA) &#8211; Katar\u2019\u0131n \u015eam B\u00fcy\u00fckel\u00e7ili\u011fi Ge\u00e7ici Maslahatg\u00fczar\u0131 Halife Abdullah Al Mahmud, Katar\u2019\u0131n T\u00fcrkiye \u00fczerinden Suriye\u2019ye Azerbaycan gaz\u0131n\u0131n pompalanmas\u0131 projesine finansman sa\u011flama yoluyla Suriye elektrik sekt\u00f6r\u00fcn\u00fc destekleme giri\u015fiminin sadece mali destek olmad\u0131\u011f\u0131n\u0131, ayn\u0131 zamanda Suriye halk\u0131n\u0131n ya\u015fam ko\u015fullar\u0131n\u0131 iyile\u015ftirmeyi hedefleyen insani ve stratejik bir ad\u0131m oldu\u011funu, ayn\u0131 zamanda yap\u0131c\u0131 b\u00f6lgesel ortakl\u0131klar\u0131 g\u00fc\u00e7lendirmeyi ama\u00e7lad\u0131\u011f\u0131n\u0131 vurgulad\u0131. Halife &hellip;<\/p>\n","protected":false},"author":36,"featured_media":327012,"comment_status":"closed","ping_status":"closed","sticky":false,"template":"","format":"standard","meta":{"footnotes":""},"categories":[458,589,459,17988],"tags":[44155],"class_list":["post-327011","post","type-post","status-publish","format-standard","has-post-thumbnail","","category-dunya1","category-haber-seridi","category-haberler-arap-uluslararasi-politika","category-son-haberler","tag-samdaki-katar-maslahatguzari-suriyede-elektrige-destek-insani-bir-adimdir"],"_links":{"self":[{"href":"https:\/\/archive.sana.sy\/tr\/index.php?rest_route=\/wp\/v2\/posts\/327011","targetHints":{"allow":["GET"]}}],"collection":[{"href":"https:\/\/archive.sana.sy\/tr\/index.php?rest_route=\/wp\/v2\/posts"}],"about":[{"href":"https:\/\/archive.sana.sy\/tr\/index.php?rest_route=\/wp\/v2\/types\/post"}],"author":[{"embeddable":true,"href":"https:\/\/archive.sana.sy\/tr\/index.php?rest_route=\/wp\/v2\/users\/36"}],"replies":[{"embeddable":true,"href":"https:\/\/archive.sana.sy\/tr\/index.php?rest_route=%2Fwp%2Fv2%2Fcomments&post=327011"}],"version-history":[{"count":1,"href":"https:\/\/archive.sana.sy\/tr\/index.php?rest_route=\/wp\/v2\/posts\/327011\/revisions"}],"predecessor-version":[{"id":327013,"href":"https:\/\/archive.sana.sy\/tr\/index.php?rest_route=\/wp\/v2\/posts\/327011\/revisions\/327013"}],"wp:featuredmedia":[{"embeddable":true,"href":"https:\/\/archive.sana.sy\/tr\/index.php?rest_route=\/wp\/v2\/media\/327012"}],"wp:attachment":[{"href":"https:\/\/archive.sana.sy\/tr\/index.php?rest_route=%2Fwp%2Fv2%2Fmedia&parent=327011"}],"wp:term":[{"taxonomy":"category","embeddable":true,"href":"https:\/\/archive.sana.sy\/tr\/index.php?rest_route=%2Fwp%2Fv2%2Fcategories&post=327011"},{"taxonomy":"post_tag","embeddable":true,"href":"https:\/\/archive.sana.sy\/tr\/index.php?rest_route=%2Fwp%2Fv2%2Ftags&post=327011"}],"curies":[{"name":"wp","href":"https:\/\/api.w.org\/{rel}","templated":true}]}}