{"id":327015,"date":"2025-08-03T18:19:00","date_gmt":"2025-08-03T15:19:00","guid":{"rendered":"https:\/\/sana.sy\/tr\/?p=327015"},"modified":"2025-08-03T18:19:00","modified_gmt":"2025-08-03T15:19:00","slug":"guvenlik-gucleri-suveyda-kirsalinda-hicri-milislerin-ilerledigi-bolgelerin-kontrolunu-yeniden-ele-gecirdi","status":"publish","type":"post","link":"https:\/\/archive.sana.sy\/tr\/?p=327015","title":{"rendered":"G\u00fcvenlik G\u00fc\u00e7leri, S\u00fcveyda K\u0131rsal\u0131nda Hicri Milislerin \u0130lerledi\u011fi B\u00f6lgelerin Kontrol\u00fcn\u00fc Yeniden Ele Ge\u00e7irdi"},"content":{"rendered":"<p style=\"text-align: justify;\" data-start=\"276\" data-end=\"491\"><span style=\"color: #ff0000;\"><strong data-start=\"276\" data-end=\"294\">S\u00dcVEYDA (SANA)<\/strong> <\/span>\u2014 G\u00fcvenlik kaynaklar\u0131ndan al\u0131nan bilgiye g\u00f6re, \u0130\u00e7 G\u00fcvenlik G\u00fc\u00e7leri (\u0130GK), S\u00fcveyda k\u0131rsal\u0131nda Hicri milislerin ilerledi\u011fi Tal El Hadid, Rayme Hazem ve Vel\u011fa b\u00f6lgelerinin kontrol\u00fcn\u00fc yeniden sa\u011flad\u0131.<\/p>\n<p style=\"text-align: justify;\" data-start=\"493\" data-end=\"754\">G\u00fcvenlik kayna\u011f\u0131 SANA\u2019ya yapt\u0131\u011f\u0131 a\u00e7\u0131klamada, Hicri milislerin Tal El Hadid, Rayme Hazem ve Vel\u011fa&#8217;daki \u0130\u00e7 G\u00fcvenlik noktalar\u0131na d\u00fczenledi\u011fi organize sald\u0131r\u0131n\u0131n p\u00fcsk\u00fcrt\u00fcld\u00fc\u011f\u00fcn\u00fc ve ard\u0131ndan g\u00fcvenlik g\u00fc\u00e7lerinin bu b\u00f6lgelerdeki kontrol\u00fc yeniden ele ald\u0131\u011f\u0131n\u0131 bildirdi.<\/p>\n<p style=\"text-align: justify;\" data-start=\"756\" data-end=\"895\">Ayr\u0131ca, \u0130\u00e7 G\u00fcvenlik G\u00fc\u00e7leri\u2019nin b\u00f6lgeyi g\u00fcvence alt\u0131na ald\u0131\u011f\u0131 ve ate\u015fkes anla\u015fmas\u0131n\u0131n korunmas\u0131 amac\u0131yla \u00e7at\u0131\u015fmalar\u0131 durdurdu\u011fu belirtildi.<\/p>\n","protected":false},"excerpt":{"rendered":"<p>S\u00dcVEYDA (SANA) \u2014 G\u00fcvenlik kaynaklar\u0131ndan al\u0131nan bilgiye g\u00f6re, \u0130\u00e7 G\u00fcvenlik G\u00fc\u00e7leri (\u0130GK), S\u00fcveyda k\u0131rsal\u0131nda Hicri milislerin ilerledi\u011fi Tal El Hadid, Rayme Hazem ve Vel\u011fa b\u00f6lgelerinin kontrol\u00fcn\u00fc yeniden sa\u011flad\u0131. G\u00fcvenlik kayna\u011f\u0131 SANA\u2019ya yapt\u0131\u011f\u0131 a\u00e7\u0131klamada, Hicri milislerin Tal El Hadid, Rayme Hazem ve Vel\u011fa&#8217;daki \u0130\u00e7 G\u00fcvenlik noktalar\u0131na d\u00fczenledi\u011fi organize sald\u0131r\u0131n\u0131n p\u00fcsk\u00fcrt\u00fcld\u00fc\u011f\u00fcn\u00fc ve ard\u0131ndan g\u00fcvenlik g\u00fc\u00e7lerinin bu b\u00f6lgelerdeki &hellip;<\/p>\n","protected":false},"author":36,"featured_media":327016,"comment_status":"closed","ping_status":"closed","sticky":false,"template":"","format":"standard","meta":{"footnotes":""},"categories":[458,589,459,17988],"tags":[17137,44156],"class_list":["post-327015","post","type-post","status-publish","format-standard","has-post-thumbnail","","category-dunya1","category-haber-seridi","category-haberler-arap-uluslararasi-politika","category-son-haberler","tag-guvenlik-gucleri","tag-suveyda-kirsalinda-hicri-milislerin-ilerledigi-bolgelerin-kontrolunu-yeniden-ele-gecirdi"],"_links":{"self":[{"href":"https:\/\/archive.sana.sy\/tr\/index.php?rest_route=\/wp\/v2\/posts\/327015","targetHints":{"allow":["GET"]}}],"collection":[{"href":"https:\/\/archive.sana.sy\/tr\/index.php?rest_route=\/wp\/v2\/posts"}],"about":[{"href":"https:\/\/archive.sana.sy\/tr\/index.php?rest_route=\/wp\/v2\/types\/post"}],"author":[{"embeddable":true,"href":"https:\/\/archive.sana.sy\/tr\/index.php?rest_route=\/wp\/v2\/users\/36"}],"replies":[{"embeddable":true,"href":"https:\/\/archive.sana.sy\/tr\/index.php?rest_route=%2Fwp%2Fv2%2Fcomments&post=327015"}],"version-history":[{"count":1,"href":"https:\/\/archive.sana.sy\/tr\/index.php?rest_route=\/wp\/v2\/posts\/327015\/revisions"}],"predecessor-version":[{"id":327017,"href":"https:\/\/archive.sana.sy\/tr\/index.php?rest_route=\/wp\/v2\/posts\/327015\/revisions\/327017"}],"wp:featuredmedia":[{"embeddable":true,"href":"https:\/\/archive.sana.sy\/tr\/index.php?rest_route=\/wp\/v2\/media\/327016"}],"wp:attachment":[{"href":"https:\/\/archive.sana.sy\/tr\/index.php?rest_route=%2Fwp%2Fv2%2Fmedia&parent=327015"}],"wp:term":[{"taxonomy":"category","embeddable":true,"href":"https:\/\/archive.sana.sy\/tr\/index.php?rest_route=%2Fwp%2Fv2%2Fcategories&post=327015"},{"taxonomy":"post_tag","embeddable":true,"href":"https:\/\/archive.sana.sy\/tr\/index.php?rest_route=%2Fwp%2Fv2%2Ftags&post=327015"}],"curies":[{"name":"wp","href":"https:\/\/api.w.org\/{rel}","templated":true}]}}