{"id":327019,"date":"2025-08-03T20:55:09","date_gmt":"2025-08-03T17:55:09","guid":{"rendered":"https:\/\/sana.sy\/tr\/?p=327019"},"modified":"2025-08-03T20:55:09","modified_gmt":"2025-08-03T17:55:09","slug":"suriye-kultur-bakani-italyan-kurulusu-ile-kulturel-mirasin-korunmasi-alaninda-is-birligi-olanaklarini-gorustu","status":"publish","type":"post","link":"https:\/\/archive.sana.sy\/tr\/?p=327019","title":{"rendered":"Suriye K\u00fclt\u00fcr Bakan\u0131, \u0130talyan Kurulu\u015fu ile K\u00fclt\u00fcrel Miras\u0131n Korunmas\u0131 Alan\u0131nda \u0130\u015f Birli\u011fi Olanaklar\u0131n\u0131 G\u00f6r\u00fc\u015ft\u00fc"},"content":{"rendered":"<p style=\"text-align: justify;\"><span style=\"color: #ff0000;\"><strong>\u015eAM (SANA) &#8211;<\/strong> <\/span>Suriye K\u00fclt\u00fcr Bakan\u0131 Muhammed Yasin El Salih, \u0130talyan COSV kurulu\u015funun ba\u015fkan\u0131 Paolo Cumoglio ile k\u00fclt\u00fcrel miras\u0131n korunmas\u0131 alan\u0131nda i\u015f birli\u011fi olanaklar\u0131n\u0131 g\u00f6r\u00fc\u015ft\u00fc.<\/p>\n<p style=\"text-align: justify;\">\u015eam\u2019daki \u0130talya B\u00fcy\u00fckel\u00e7isi Stefano Ravagnan\u2019\u0131n yan\u0131 s\u0131ra \u00e7e\u015fitli devlet kurumlar\u0131n\u0131n temsilcileri, yerel toplum \u00f6rg\u00fctleri ve Suriye\u2019deki k\u00fclt\u00fcrel miras sekt\u00f6r\u00fcnden ilgili taraflar\u0131n kat\u0131l\u0131m\u0131yla ger\u00e7ekle\u015fen toplant\u0131da, Suriye k\u00fclt\u00fcrel miras\u0131n\u0131n korunmas\u0131na ili\u015fkin zorluklar ve f\u0131rsatlar ele al\u0131nd\u0131. \u00d6zellikle mevcut d\u00f6nemde k\u00fclt\u00fcrel boyutun toparlanma projelerine entegre edilmesinin \u00f6nemi ve miras\u0131n toplumsal ve ekonomik kalk\u0131nma i\u00e7in bir kaynak olarak de\u011ferlendirilmesi vurguland\u0131.<\/p>\n<p style=\"text-align: justify;\">Toplant\u0131ya kat\u0131lanlar, Suriye\u2019nin k\u00fclt\u00fcrel miras\u0131n\u0131n korunmas\u0131n\u0131 hedefleyen ortak giri\u015fimlerin geli\u015ftirilmesi ve yerel toplumlar\u0131n bu s\u00fcre\u00e7teki rol\u00fcn\u00fcn g\u00fc\u00e7lendirilmesi y\u00f6n\u00fcnde \u00e7e\u015fitli \u00f6neriler sundu.<\/p>\n<p style=\"text-align: justify;\">Bu toplant\u0131, K\u00fclt\u00fcr Bakanl\u0131\u011f\u0131\u2019n\u0131n, k\u00fclt\u00fcr ve miras\u0131 toplumsal iyile\u015fme ve s\u00fcrd\u00fcr\u00fclebilir kalk\u0131nma projelerine entegre etmeye y\u00f6nelik stratejik yakla\u015f\u0131m\u0131 kapsam\u0131nda, uluslararas\u0131 ortakl\u0131klar\u0131n geni\u015fletilmesi ve k\u00fcresel deneyimlerden yararlan\u0131lmas\u0131 hedefi do\u011frultusunda d\u00fczenlenmi\u015ftir.<\/p>\n<p style=\"text-align: justify;\">COSV, \u00e7evre, insan haklar\u0131, k\u00fclt\u00fcrleraras\u0131 diyalog, sanat ve ekonomik kalk\u0131nma alanlar\u0131nda faaliyet g\u00f6steren uluslararas\u0131 i\u015f birli\u011fine odakl\u0131, \u0130talya merkezli sivil toplum kurulu\u015fudur.<\/p>\n","protected":false},"excerpt":{"rendered":"<p>\u015eAM (SANA) &#8211; Suriye K\u00fclt\u00fcr Bakan\u0131 Muhammed Yasin El Salih, \u0130talyan COSV kurulu\u015funun ba\u015fkan\u0131 Paolo Cumoglio ile k\u00fclt\u00fcrel miras\u0131n korunmas\u0131 alan\u0131nda i\u015f birli\u011fi olanaklar\u0131n\u0131 g\u00f6r\u00fc\u015ft\u00fc. \u015eam\u2019daki \u0130talya B\u00fcy\u00fckel\u00e7isi Stefano Ravagnan\u2019\u0131n yan\u0131 s\u0131ra \u00e7e\u015fitli devlet kurumlar\u0131n\u0131n temsilcileri, yerel toplum \u00f6rg\u00fctleri ve Suriye\u2019deki k\u00fclt\u00fcrel miras sekt\u00f6r\u00fcnden ilgili taraflar\u0131n kat\u0131l\u0131m\u0131yla ger\u00e7ekle\u015fen toplant\u0131da, Suriye k\u00fclt\u00fcrel miras\u0131n\u0131n korunmas\u0131na ili\u015fkin zorluklar &hellip;<\/p>\n","protected":false},"author":41,"featured_media":327020,"comment_status":"closed","ping_status":"closed","sticky":false,"template":"","format":"standard","meta":{"footnotes":""},"categories":[589,479,17988,478],"tags":[],"class_list":["post-327019","post","type-post","status-publish","format-standard","has-post-thumbnail","","category-haber-seridi","category-haberler-yerel","category-son-haberler","category-yerel"],"_links":{"self":[{"href":"https:\/\/archive.sana.sy\/tr\/index.php?rest_route=\/wp\/v2\/posts\/327019","targetHints":{"allow":["GET"]}}],"collection":[{"href":"https:\/\/archive.sana.sy\/tr\/index.php?rest_route=\/wp\/v2\/posts"}],"about":[{"href":"https:\/\/archive.sana.sy\/tr\/index.php?rest_route=\/wp\/v2\/types\/post"}],"author":[{"embeddable":true,"href":"https:\/\/archive.sana.sy\/tr\/index.php?rest_route=\/wp\/v2\/users\/41"}],"replies":[{"embeddable":true,"href":"https:\/\/archive.sana.sy\/tr\/index.php?rest_route=%2Fwp%2Fv2%2Fcomments&post=327019"}],"version-history":[{"count":1,"href":"https:\/\/archive.sana.sy\/tr\/index.php?rest_route=\/wp\/v2\/posts\/327019\/revisions"}],"predecessor-version":[{"id":327021,"href":"https:\/\/archive.sana.sy\/tr\/index.php?rest_route=\/wp\/v2\/posts\/327019\/revisions\/327021"}],"wp:featuredmedia":[{"embeddable":true,"href":"https:\/\/archive.sana.sy\/tr\/index.php?rest_route=\/wp\/v2\/media\/327020"}],"wp:attachment":[{"href":"https:\/\/archive.sana.sy\/tr\/index.php?rest_route=%2Fwp%2Fv2%2Fmedia&parent=327019"}],"wp:term":[{"taxonomy":"category","embeddable":true,"href":"https:\/\/archive.sana.sy\/tr\/index.php?rest_route=%2Fwp%2Fv2%2Fcategories&post=327019"},{"taxonomy":"post_tag","embeddable":true,"href":"https:\/\/archive.sana.sy\/tr\/index.php?rest_route=%2Fwp%2Fv2%2Ftags&post=327019"}],"curies":[{"name":"wp","href":"https:\/\/api.w.org\/{rel}","templated":true}]}}