{"id":327022,"date":"2025-08-04T08:45:42","date_gmt":"2025-08-04T05:45:42","guid":{"rendered":"https:\/\/sana.sy\/tr\/?p=327022"},"modified":"2025-08-04T08:45:42","modified_gmt":"2025-08-04T05:45:42","slug":"saglik-bakani-irak-heyetiyle-ilac-sektorunde-is-birligini-gorustu","status":"publish","type":"post","link":"https:\/\/archive.sana.sy\/tr\/?p=327022","title":{"rendered":"Sa\u011fl\u0131k Bakan\u0131, Irak Heyetiyle \u0130la\u00e7 Sekt\u00f6r\u00fcnde \u0130\u015f Birli\u011fini G\u00f6r\u00fc\u015ft\u00fc"},"content":{"rendered":"<p style=\"text-align: justify;\"><span style=\"color: #ff0000;\"><strong>\u015eAM (SANA) &#8211;<\/strong> <\/span>Suriye Sa\u011fl\u0131k Bakan\u0131 Dr. Musab El Ali, &#8220;Bayt el Dava&#8221; CEO&#8217;su Mustafa El Salim ba\u015fkanl\u0131\u011f\u0131ndaki Irakl\u0131 yat\u0131r\u0131mc\u0131lardan olu\u015fan bir heyetle, ila\u00e7 sekt\u00f6r\u00fcnde sa\u011fl\u0131k alan\u0131nda i\u015f birli\u011fini art\u0131rma yollar\u0131n\u0131 g\u00f6r\u00fc\u015ft\u00fc.<\/p>\n<p style=\"text-align: justify;\">Bakanl\u0131kta yap\u0131lan g\u00f6r\u00fc\u015fmede, iki taraf aras\u0131nda ihracat mekanizmalar\u0131, kalite kontrol\u00fc ve Suriye ila\u00e7lar\u0131n\u0131n Irak&#8217;a ihracat\u0131n\u0131n kolayla\u015ft\u0131r\u0131lmas\u0131 konular\u0131 ele al\u0131nd\u0131.<\/p>\n<p style=\"text-align: justify;\">Dr. El Ali ise Suriye ila\u00e7 sekt\u00f6r\u00fcne yat\u0131r\u0131m yap\u0131lmas\u0131n\u0131 te\u015fvik etmek, Irak Sa\u011fl\u0131k Bakanl\u0131\u011f\u0131&#8217;na Suriye ihracat\u0131n\u0131 te\u015fvik etmek i\u00e7in gerekli t\u00fcm kolayl\u0131klar\u0131 sa\u011flamak \u00fczere i\u015fbirli\u011fi ve koordinasyon sa\u011flamaya tam olarak haz\u0131r oldu\u011funu belirtti.<\/p>\n<p style=\"text-align: justify;\">Toplant\u0131ya, \u0130la\u00e7 \u0130\u015flerinden Sorumlu Sa\u011fl\u0131k Bakan Yard\u0131mc\u0131s\u0131 Dr. Abdo Mahli ve \u00e7ok say\u0131da y\u00f6netici ve payda\u015f kat\u0131ld\u0131.<\/p>\n","protected":false},"excerpt":{"rendered":"<p>\u015eAM (SANA) &#8211; Suriye Sa\u011fl\u0131k Bakan\u0131 Dr. Musab El Ali, &#8220;Bayt el Dava&#8221; CEO&#8217;su Mustafa El Salim ba\u015fkanl\u0131\u011f\u0131ndaki Irakl\u0131 yat\u0131r\u0131mc\u0131lardan olu\u015fan bir heyetle, ila\u00e7 sekt\u00f6r\u00fcnde sa\u011fl\u0131k alan\u0131nda i\u015f birli\u011fini art\u0131rma yollar\u0131n\u0131 g\u00f6r\u00fc\u015ft\u00fc. Bakanl\u0131kta yap\u0131lan g\u00f6r\u00fc\u015fmede, iki taraf aras\u0131nda ihracat mekanizmalar\u0131, kalite kontrol\u00fc ve Suriye ila\u00e7lar\u0131n\u0131n Irak&#8217;a ihracat\u0131n\u0131n kolayla\u015ft\u0131r\u0131lmas\u0131 konular\u0131 ele al\u0131nd\u0131. Dr. El Ali ise &hellip;<\/p>\n","protected":false},"author":36,"featured_media":327023,"comment_status":"closed","ping_status":"closed","sticky":false,"template":"","format":"standard","meta":{"footnotes":""},"categories":[589,479,17988,478],"tags":[],"class_list":["post-327022","post","type-post","status-publish","format-standard","has-post-thumbnail","","category-haber-seridi","category-haberler-yerel","category-son-haberler","category-yerel"],"_links":{"self":[{"href":"https:\/\/archive.sana.sy\/tr\/index.php?rest_route=\/wp\/v2\/posts\/327022","targetHints":{"allow":["GET"]}}],"collection":[{"href":"https:\/\/archive.sana.sy\/tr\/index.php?rest_route=\/wp\/v2\/posts"}],"about":[{"href":"https:\/\/archive.sana.sy\/tr\/index.php?rest_route=\/wp\/v2\/types\/post"}],"author":[{"embeddable":true,"href":"https:\/\/archive.sana.sy\/tr\/index.php?rest_route=\/wp\/v2\/users\/36"}],"replies":[{"embeddable":true,"href":"https:\/\/archive.sana.sy\/tr\/index.php?rest_route=%2Fwp%2Fv2%2Fcomments&post=327022"}],"version-history":[{"count":1,"href":"https:\/\/archive.sana.sy\/tr\/index.php?rest_route=\/wp\/v2\/posts\/327022\/revisions"}],"predecessor-version":[{"id":327024,"href":"https:\/\/archive.sana.sy\/tr\/index.php?rest_route=\/wp\/v2\/posts\/327022\/revisions\/327024"}],"wp:featuredmedia":[{"embeddable":true,"href":"https:\/\/archive.sana.sy\/tr\/index.php?rest_route=\/wp\/v2\/media\/327023"}],"wp:attachment":[{"href":"https:\/\/archive.sana.sy\/tr\/index.php?rest_route=%2Fwp%2Fv2%2Fmedia&parent=327022"}],"wp:term":[{"taxonomy":"category","embeddable":true,"href":"https:\/\/archive.sana.sy\/tr\/index.php?rest_route=%2Fwp%2Fv2%2Fcategories&post=327022"},{"taxonomy":"post_tag","embeddable":true,"href":"https:\/\/archive.sana.sy\/tr\/index.php?rest_route=%2Fwp%2Fv2%2Ftags&post=327022"}],"curies":[{"name":"wp","href":"https:\/\/api.w.org\/{rel}","templated":true}]}}