{"id":327025,"date":"2025-08-04T08:52:24","date_gmt":"2025-08-04T05:52:24","guid":{"rendered":"https:\/\/sana.sy\/tr\/?p=327025"},"modified":"2025-08-04T08:52:24","modified_gmt":"2025-08-04T05:52:24","slug":"adalet-bakani-adaletin-saglanmasinda-hukuk-mesleginin-rolunun-guclendirilmesinin-onemini-vurguladi","status":"publish","type":"post","link":"https:\/\/archive.sana.sy\/tr\/?p=327025","title":{"rendered":"Adalet Bakan\u0131, Adaletin Sa\u011flanmas\u0131nda Hukuk Mesle\u011finin Rol\u00fcn\u00fcn G\u00fc\u00e7lendirilmesinin \u00d6nemini Vurgulad\u0131"},"content":{"rendered":"<p style=\"text-align: justify;\"><span style=\"color: #ff0000;\"><strong>\u015eAM (SANA) &#8211;<\/strong> <\/span>Adalet Bakan\u0131 Dr. Mazher El Veys, bug\u00fcn Adalet Bakanl\u0131\u011f\u0131 merkezinde Ba\u015fsavc\u0131 Hasan El Turba ve Baro Ba\u015fkan\u0131 Muhammed Ali El Tavil ba\u015fkanl\u0131\u011f\u0131ndaki bir heyetle yapt\u0131\u011f\u0131 g\u00f6r\u00fc\u015fmede, hukuk mesle\u011finin adaletin tesisi ve hukuk \u00e7al\u0131\u015fmalar\u0131n\u0131n kalitesinin y\u00fckseltilmesindeki rol\u00fcn\u00fcn g\u00fc\u00e7lendirilmesinin \u00f6nemini vurgulad\u0131.<\/p>\n<p style=\"text-align: justify;\">Toplant\u0131da, Adalet Bakanl\u0131\u011f\u0131 ile Barolar Birli\u011fi aras\u0131ndaki i\u015f birli\u011finin art\u0131r\u0131lmas\u0131n\u0131n yollar\u0131 ve hakimler ile avukatlar aras\u0131ndaki kar\u015f\u0131l\u0131kl\u0131 sayg\u0131y\u0131 ve adalet s\u00fcre\u00e7lerinin sorunsuz y\u00fcr\u00fct\u00fclmesini sa\u011flayacak d\u00fczenleme mekanizmalar\u0131 ve hukuk mesle\u011finin kar\u015f\u0131 kar\u015f\u0131ya oldu\u011fu zorluklar da ele al\u0131n\u0131rken, mesle\u011fin ba\u011f\u0131ms\u0131zl\u0131\u011f\u0131 ve adaletin sa\u011flanmas\u0131ndaki rol\u00fc vurguland\u0131.<\/p>\n<p style=\"text-align: justify;\">Bakan El Veys, &#8220;Avukatlar adaletin sa\u011flanmas\u0131nda vazge\u00e7ilmez ortaklard\u0131r&#8221; diyerek, Barolar Birli\u011fi&#8217;nin \u00e7abalar\u0131n\u0131 takdir ederek, bakanl\u0131\u011f\u0131n vatanda\u015flara hizmet etmek i\u00e7in t\u00fcm taraflar aras\u0131nda s\u00fcrekli i\u015f birli\u011fi ve koordinasyona olan ba\u011fl\u0131l\u0131\u011f\u0131n\u0131 vurgulad\u0131.<\/p>\n","protected":false},"excerpt":{"rendered":"<p>\u015eAM (SANA) &#8211; Adalet Bakan\u0131 Dr. Mazher El Veys, bug\u00fcn Adalet Bakanl\u0131\u011f\u0131 merkezinde Ba\u015fsavc\u0131 Hasan El Turba ve Baro Ba\u015fkan\u0131 Muhammed Ali El Tavil ba\u015fkanl\u0131\u011f\u0131ndaki bir heyetle yapt\u0131\u011f\u0131 g\u00f6r\u00fc\u015fmede, hukuk mesle\u011finin adaletin tesisi ve hukuk \u00e7al\u0131\u015fmalar\u0131n\u0131n kalitesinin y\u00fckseltilmesindeki rol\u00fcn\u00fcn g\u00fc\u00e7lendirilmesinin \u00f6nemini vurgulad\u0131. Toplant\u0131da, Adalet Bakanl\u0131\u011f\u0131 ile Barolar Birli\u011fi aras\u0131ndaki i\u015f birli\u011finin art\u0131r\u0131lmas\u0131n\u0131n yollar\u0131 ve hakimler &hellip;<\/p>\n","protected":false},"author":36,"featured_media":327027,"comment_status":"closed","ping_status":"closed","sticky":false,"template":"","format":"standard","meta":{"footnotes":""},"categories":[589,479,17988,478],"tags":[],"class_list":["post-327025","post","type-post","status-publish","format-standard","has-post-thumbnail","","category-haber-seridi","category-haberler-yerel","category-son-haberler","category-yerel"],"_links":{"self":[{"href":"https:\/\/archive.sana.sy\/tr\/index.php?rest_route=\/wp\/v2\/posts\/327025","targetHints":{"allow":["GET"]}}],"collection":[{"href":"https:\/\/archive.sana.sy\/tr\/index.php?rest_route=\/wp\/v2\/posts"}],"about":[{"href":"https:\/\/archive.sana.sy\/tr\/index.php?rest_route=\/wp\/v2\/types\/post"}],"author":[{"embeddable":true,"href":"https:\/\/archive.sana.sy\/tr\/index.php?rest_route=\/wp\/v2\/users\/36"}],"replies":[{"embeddable":true,"href":"https:\/\/archive.sana.sy\/tr\/index.php?rest_route=%2Fwp%2Fv2%2Fcomments&post=327025"}],"version-history":[{"count":1,"href":"https:\/\/archive.sana.sy\/tr\/index.php?rest_route=\/wp\/v2\/posts\/327025\/revisions"}],"predecessor-version":[{"id":327028,"href":"https:\/\/archive.sana.sy\/tr\/index.php?rest_route=\/wp\/v2\/posts\/327025\/revisions\/327028"}],"wp:featuredmedia":[{"embeddable":true,"href":"https:\/\/archive.sana.sy\/tr\/index.php?rest_route=\/wp\/v2\/media\/327027"}],"wp:attachment":[{"href":"https:\/\/archive.sana.sy\/tr\/index.php?rest_route=%2Fwp%2Fv2%2Fmedia&parent=327025"}],"wp:term":[{"taxonomy":"category","embeddable":true,"href":"https:\/\/archive.sana.sy\/tr\/index.php?rest_route=%2Fwp%2Fv2%2Fcategories&post=327025"},{"taxonomy":"post_tag","embeddable":true,"href":"https:\/\/archive.sana.sy\/tr\/index.php?rest_route=%2Fwp%2Fv2%2Ftags&post=327025"}],"curies":[{"name":"wp","href":"https:\/\/api.w.org\/{rel}","templated":true}]}}