{"id":327029,"date":"2025-08-04T09:59:54","date_gmt":"2025-08-04T06:59:54","guid":{"rendered":"https:\/\/sana.sy\/tr\/?p=327029"},"modified":"2025-08-18T15:46:08","modified_gmt":"2025-08-18T12:46:08","slug":"disisleri-bakanligindan-bir-teknik-heyet-sudani-ziyaret-ediyor","status":"publish","type":"post","link":"https:\/\/archive.sana.sy\/tr\/?p=327029","title":{"rendered":"D\u0131\u015fi\u015fleri Bakanl\u0131\u011f\u0131&#8217;ndan Bir Teknik Heyet Sudan&#8217;\u0131 Ziyaret Ediyor"},"content":{"rendered":"<p style=\"text-align: justify;\"><span style=\"color: #ff0000;\"><strong>HARTUM (SANA) &#8211;<\/strong> <\/span>Suriye D\u0131\u015fi\u015fleri ve Gurbet\u00e7iler Bakanl\u0131\u011f\u0131&#8217;ndan bir teknik heyet, Sudan Cumhuriyeti&#8217;nde ya\u015fayan Suriyelilerin sorunlar\u0131n\u0131 g\u00f6r\u00fc\u015fmek ve iki \u00fclke aras\u0131ndaki i\u015fbirli\u011fini geli\u015ftirme yollar\u0131n\u0131 ara\u015ft\u0131rmak \u00fczere bug\u00fcn Sudan Cumhuriyeti&#8217;ne geldi.<\/p>\n<p style=\"text-align: justify;\">D\u0131\u015fi\u015fleri Bakanl\u0131\u011f\u0131, Telegram kanal\u0131ndan yapt\u0131\u011f\u0131 a\u00e7\u0131klamada, heyetin \u00e7al\u0131\u015fmalar\u0131na Pasaport ve G\u00f6\u00e7menlik Genel M\u00fcd\u00fcrl\u00fc\u011f\u00fc M\u00fcd\u00fcr\u00fc T\u00fcmgeneral polis Osman Muhammed El Hasan Dinkawi ile \u00e7ok say\u0131da \u00fcst d\u00fczey yetkilinin kat\u0131l\u0131m\u0131yla yap\u0131c\u0131 bir g\u00f6r\u00fc\u015fmeyle ba\u015flad\u0131\u011f\u0131n\u0131 bildirdi.<\/p>\n<p style=\"text-align: justify;\">\u0130ki taraf, Sudan&#8217;daki Suriyelilerin sorunlar\u0131 ve hukuki stat\u00fclerinin belirlenmesi konular\u0131n\u0131 ele ald\u0131. Sudan taraf\u0131 tam bir i\u015f birli\u011fi i\u00e7inde olduklar\u0131n\u0131 ifade ederek, iki \u00fclke ve karde\u015f halklar aras\u0131ndaki ili\u015fkilerin derinli\u011fini vurgulayarak, bu ili\u015fkileri g\u00fc\u00e7lendirmek i\u00e7in birlikte \u00e7al\u0131\u015fma konusunda mutab\u0131k kald\u0131lar.<\/p>\n<p style=\"text-align: justify;\">Suriye heyeti, Sudan D\u0131\u015fi\u015fleri Bakanl\u0131\u011f\u0131 yetkilileri taraf\u0131ndan kar\u015f\u0131land\u0131.<\/p>\n","protected":false},"excerpt":{"rendered":"<p>HARTUM (SANA) &#8211; Suriye D\u0131\u015fi\u015fleri ve Gurbet\u00e7iler Bakanl\u0131\u011f\u0131&#8217;ndan bir teknik heyet, Sudan Cumhuriyeti&#8217;nde ya\u015fayan Suriyelilerin sorunlar\u0131n\u0131 g\u00f6r\u00fc\u015fmek ve iki \u00fclke aras\u0131ndaki i\u015fbirli\u011fini geli\u015ftirme yollar\u0131n\u0131 ara\u015ft\u0131rmak \u00fczere bug\u00fcn Sudan Cumhuriyeti&#8217;ne geldi. D\u0131\u015fi\u015fleri Bakanl\u0131\u011f\u0131, Telegram kanal\u0131ndan yapt\u0131\u011f\u0131 a\u00e7\u0131klamada, heyetin \u00e7al\u0131\u015fmalar\u0131na Pasaport ve G\u00f6\u00e7menlik Genel M\u00fcd\u00fcrl\u00fc\u011f\u00fc M\u00fcd\u00fcr\u00fc T\u00fcmgeneral polis Osman Muhammed El Hasan Dinkawi ile \u00e7ok say\u0131da \u00fcst &hellip;<\/p>\n","protected":false},"author":36,"featured_media":327030,"comment_status":"closed","ping_status":"closed","sticky":false,"template":"","format":"standard","meta":{"footnotes":""},"categories":[589,479,17988,478],"tags":[],"class_list":["post-327029","post","type-post","status-publish","format-standard","has-post-thumbnail","","category-haber-seridi","category-haberler-yerel","category-son-haberler","category-yerel"],"_links":{"self":[{"href":"https:\/\/archive.sana.sy\/tr\/index.php?rest_route=\/wp\/v2\/posts\/327029","targetHints":{"allow":["GET"]}}],"collection":[{"href":"https:\/\/archive.sana.sy\/tr\/index.php?rest_route=\/wp\/v2\/posts"}],"about":[{"href":"https:\/\/archive.sana.sy\/tr\/index.php?rest_route=\/wp\/v2\/types\/post"}],"author":[{"embeddable":true,"href":"https:\/\/archive.sana.sy\/tr\/index.php?rest_route=\/wp\/v2\/users\/36"}],"replies":[{"embeddable":true,"href":"https:\/\/archive.sana.sy\/tr\/index.php?rest_route=%2Fwp%2Fv2%2Fcomments&post=327029"}],"version-history":[{"count":5,"href":"https:\/\/archive.sana.sy\/tr\/index.php?rest_route=\/wp\/v2\/posts\/327029\/revisions"}],"predecessor-version":[{"id":327909,"href":"https:\/\/archive.sana.sy\/tr\/index.php?rest_route=\/wp\/v2\/posts\/327029\/revisions\/327909"}],"wp:featuredmedia":[{"embeddable":true,"href":"https:\/\/archive.sana.sy\/tr\/index.php?rest_route=\/wp\/v2\/media\/327030"}],"wp:attachment":[{"href":"https:\/\/archive.sana.sy\/tr\/index.php?rest_route=%2Fwp%2Fv2%2Fmedia&parent=327029"}],"wp:term":[{"taxonomy":"category","embeddable":true,"href":"https:\/\/archive.sana.sy\/tr\/index.php?rest_route=%2Fwp%2Fv2%2Fcategories&post=327029"},{"taxonomy":"post_tag","embeddable":true,"href":"https:\/\/archive.sana.sy\/tr\/index.php?rest_route=%2Fwp%2Fv2%2Ftags&post=327029"}],"curies":[{"name":"wp","href":"https:\/\/api.w.org\/{rel}","templated":true}]}}