{"id":327034,"date":"2025-08-04T12:07:38","date_gmt":"2025-08-04T09:07:38","guid":{"rendered":"https:\/\/sana.sy\/tr\/?p=327034"},"modified":"2025-08-04T14:50:25","modified_gmt":"2025-08-04T11:50:25","slug":"busra-el-sam-insani-koridorunun-yeniden-acildi","status":"publish","type":"post","link":"https:\/\/archive.sana.sy\/tr\/?p=327034","title":{"rendered":"Busra El \u015eam \u0130nsani Koridoru Yeniden A\u00e7\u0131ld\u0131"},"content":{"rendered":"<p style=\"text-align: justify;\"><span style=\"color: #ff0000;\"><strong>\u015eAM (SANA) &#8211;<\/strong> <\/span>D\u00fcn S\u00fcveyda&#8217;da ate\u015fkes anla\u015fmas\u0131n\u0131 ihlal eden isyanc\u0131 Hicri \u00e7etelerinden b\u00f6lgenin g\u00fcvenli hale getirilmesinin ard\u0131ndan, Dera k\u0131rsal\u0131ndaki Busra El \u015eam insani koridoru bug\u00fcn yeniden a\u00e7\u0131ld\u0131.<\/p>\n<p style=\"text-align: justify;\">\u0130syanc\u0131 El Hicri \u00e7eteleri, S\u00fcveyda ilinin bat\u0131 k\u0131rsal\u0131ndaki baz\u0131 k\u00f6yleri bombalayip i\u00e7 g\u00fcvenlik g\u00fc\u00e7lerine bir\u00e7ok cepheden sald\u0131r\u0131lar d\u00fczenleyerek, Sald\u0131r\u0131larda \u00e7ok say\u0131da g\u00fcvenlik g\u00f6revlisi hayat\u0131n\u0131 kaybetti ve yaraland\u0131.<\/p>\n<p style=\"text-align: justify;\">Bunun \u00fczerine \u0130\u00e7i\u015fleri Bakanl\u0131\u011f\u0131 d\u00fcn sivillerin can g\u00fcvenli\u011fini sa\u011flamak amac\u0131yla koridoru ge\u00e7ici olarak kapatt\u0131.<\/p>\n<p style=\"text-align: justify;\">S\u00fcveyda ilindeki isyanc\u0131 El Hicri \u00e7etelerinin Tel El Hadid, Rima Hazem ve Val\u011fa&#8217;daki i\u00e7 g\u00fcvenlik kontrol noktalar\u0131na d\u00fczenledi\u011fi koordineli sald\u0131r\u0131y\u0131 p\u00fcsk\u00fcrten g\u00fcvenlik g\u00fc\u00e7leri, \u00e7etelerin ilerledi\u011fi mevzileri yeniden kontrol alt\u0131na ald\u0131, b\u00f6lgeyi g\u00fcvenlik alt\u0131na ald\u0131 ve ate\u015fkes anla\u015fmas\u0131n\u0131 korumak i\u00e7in \u00e7at\u0131\u015fmalar\u0131 durdurdu.<\/p>\n","protected":false},"excerpt":{"rendered":"<p>\u015eAM (SANA) &#8211; D\u00fcn S\u00fcveyda&#8217;da ate\u015fkes anla\u015fmas\u0131n\u0131 ihlal eden isyanc\u0131 Hicri \u00e7etelerinden b\u00f6lgenin g\u00fcvenli hale getirilmesinin ard\u0131ndan, Dera k\u0131rsal\u0131ndaki Busra El \u015eam insani koridoru bug\u00fcn yeniden a\u00e7\u0131ld\u0131. \u0130syanc\u0131 El Hicri \u00e7eteleri, S\u00fcveyda ilinin bat\u0131 k\u0131rsal\u0131ndaki baz\u0131 k\u00f6yleri bombalayip i\u00e7 g\u00fcvenlik g\u00fc\u00e7lerine bir\u00e7ok cepheden sald\u0131r\u0131lar d\u00fczenleyerek, Sald\u0131r\u0131larda \u00e7ok say\u0131da g\u00fcvenlik g\u00f6revlisi hayat\u0131n\u0131 kaybetti ve yaraland\u0131. Bunun &hellip;<\/p>\n","protected":false},"author":36,"featured_media":327035,"comment_status":"closed","ping_status":"closed","sticky":false,"template":"","format":"standard","meta":{"footnotes":""},"categories":[589,479,17988,478],"tags":[],"class_list":["post-327034","post","type-post","status-publish","format-standard","has-post-thumbnail","","category-haber-seridi","category-haberler-yerel","category-son-haberler","category-yerel"],"_links":{"self":[{"href":"https:\/\/archive.sana.sy\/tr\/index.php?rest_route=\/wp\/v2\/posts\/327034","targetHints":{"allow":["GET"]}}],"collection":[{"href":"https:\/\/archive.sana.sy\/tr\/index.php?rest_route=\/wp\/v2\/posts"}],"about":[{"href":"https:\/\/archive.sana.sy\/tr\/index.php?rest_route=\/wp\/v2\/types\/post"}],"author":[{"embeddable":true,"href":"https:\/\/archive.sana.sy\/tr\/index.php?rest_route=\/wp\/v2\/users\/36"}],"replies":[{"embeddable":true,"href":"https:\/\/archive.sana.sy\/tr\/index.php?rest_route=%2Fwp%2Fv2%2Fcomments&post=327034"}],"version-history":[{"count":4,"href":"https:\/\/archive.sana.sy\/tr\/index.php?rest_route=\/wp\/v2\/posts\/327034\/revisions"}],"predecessor-version":[{"id":327056,"href":"https:\/\/archive.sana.sy\/tr\/index.php?rest_route=\/wp\/v2\/posts\/327034\/revisions\/327056"}],"wp:featuredmedia":[{"embeddable":true,"href":"https:\/\/archive.sana.sy\/tr\/index.php?rest_route=\/wp\/v2\/media\/327035"}],"wp:attachment":[{"href":"https:\/\/archive.sana.sy\/tr\/index.php?rest_route=%2Fwp%2Fv2%2Fmedia&parent=327034"}],"wp:term":[{"taxonomy":"category","embeddable":true,"href":"https:\/\/archive.sana.sy\/tr\/index.php?rest_route=%2Fwp%2Fv2%2Fcategories&post=327034"},{"taxonomy":"post_tag","embeddable":true,"href":"https:\/\/archive.sana.sy\/tr\/index.php?rest_route=%2Fwp%2Fv2%2Ftags&post=327034"}],"curies":[{"name":"wp","href":"https:\/\/api.w.org\/{rel}","templated":true}]}}