{"id":327038,"date":"2025-08-04T13:22:59","date_gmt":"2025-08-04T10:22:59","guid":{"rendered":"https:\/\/sana.sy\/tr\/?p=327038"},"modified":"2025-08-05T08:29:42","modified_gmt":"2025-08-05T05:29:42","slug":"suriye-disisleri-bakanligi-teknik-heyetinin-libya-ziyareti-ila-ilgili-sanaya-yaptigi-sciklamalar","status":"publish","type":"post","link":"https:\/\/archive.sana.sy\/tr\/?p=327038","title":{"rendered":"Suriye D\u0131\u015fi\u015fleri Bakanl\u0131\u011f\u0131 Teknik Heyetinin Libya Ziyareti \u0130le \u0130lgili SANA&#8217;ya Yapt\u0131\u011f\u0131 A\u00e7\u0131klama"},"content":{"rendered":"<p style=\"text-align: justify;\" data-start=\"267\" data-end=\"536\"><strong data-start=\"267\" data-end=\"536\"><span style=\"color: #ff0000;\">TRABLUS (SANA)<\/span> \u2013 Suriye D\u0131\u015fi\u015fleri ve Gurbet\u00e7iler Bakanl\u0131\u011f\u0131&#8217;n\u0131n Libya&#8217;daki teknik heyeti, Libya\u2019daki Suriye toplumunun durumunu iyile\u015ftirmek amac\u0131yla \u00e7al\u0131\u015fmalar y\u00fcr\u00fctt\u00fcklerini ve Trablus&#8217;taki b\u00fcy\u00fckel\u00e7ili\u011fin yeniden a\u00e7\u0131lmas\u0131 i\u00e7in g\u00f6r\u00fc\u015fmelerde bulunduklar\u0131n\u0131 a\u00e7\u0131klad\u0131.<\/strong><\/p>\n<p style=\"text-align: justify;\" data-start=\"538\" data-end=\"867\">Heyet, bug\u00fcn SANA\u2019ya yapt\u0131\u011f\u0131 a\u00e7\u0131klamada, D\u0131\u015fi\u015fleri ve Gurbet\u00e7iler Bakan\u0131 Say\u0131n Assad Hasan El \u015eeybani\u2019nin talimat\u0131yla, Libya\u2019daki Suriyelilerin ko\u015fullar\u0131n\u0131 iyile\u015ftirmek \u00fczere ge\u00e7en pazartesi Trablus\u2019a geldiklerini belirtti. \u0130lk a\u015famada Trablus&#8217;ta b\u00fcy\u00fckel\u00e7ili\u011fin, ikinci a\u015famada ise Bingazi\u2019de konsoloslu\u011fun a\u00e7\u0131ld\u0131\u011f\u0131n\u0131 ifade etti.<\/p>\n<p style=\"text-align: justify;\" data-start=\"869\" data-end=\"937\">Heyet, \u00f6ncelikli olarak \u015fu ad\u0131mlar \u00fczerinde \u00e7al\u0131\u015ft\u0131klar\u0131n\u0131 kaydetti:<\/p>\n<ul style=\"text-align: justify;\" data-start=\"939\" data-end=\"1204\">\n<li data-start=\"939\" data-end=\"1058\">\n<p data-start=\"941\" data-end=\"1058\">Pasaport uzatma ve seyahat belgesi olmayanlara \u00fclkeye d\u00f6n\u00fc\u015flerini kolayla\u015ft\u0131rmak i\u00e7in transit izinlerin sa\u011flanmas\u0131,<\/p>\n<\/li>\n<li data-start=\"1059\" data-end=\"1142\">\n<p data-start=\"1061\" data-end=\"1142\">Suriye devleti ana kararg\u00e2h\u0131 devralana kadar ge\u00e7ici bir kararg\u00e2h olu\u015fturulmas\u0131,<\/p>\n<\/li>\n<li data-start=\"1143\" data-end=\"1204\">\n<p data-start=\"1145\" data-end=\"1204\">\u015eam ile Trablus aras\u0131nda hava ta\u015f\u0131mac\u0131l\u0131\u011f\u0131n\u0131n ba\u015flat\u0131lmas\u0131.<\/p>\n<\/li>\n<\/ul>\n<p style=\"text-align: justify;\" data-start=\"1206\" data-end=\"1416\">\u0130lk u\u00e7u\u015fun en k\u0131sa s\u00fcrede ger\u00e7ekle\u015fmesini umduklar\u0131n\u0131 belirten heyet, hava yollar\u0131n\u0131n aktif hale getirilmesinde iki \u00fclke aras\u0131ndaki g\u00fcvenlik riskleri ve yasad\u0131\u015f\u0131 g\u00f6\u00e7le m\u00fccadelenin dikkate al\u0131naca\u011f\u0131n\u0131 vurgulad\u0131.<\/p>\n<p style=\"text-align: justify;\" data-start=\"1418\" data-end=\"1556\">Heyet, Suriye-Libya ili\u015fkilerinin tarih\u00ee temellere dayand\u0131\u011f\u0131n\u0131, Libya halk\u0131n\u0131n Suriye devrimini ve Suriyelileri destekledi\u011fini ifade etti.<\/p>\n<p style=\"text-align: justify;\" data-start=\"1558\" data-end=\"1813\">Libya D\u0131\u015fi\u015fleri Bakanl\u0131\u011f\u0131&#8217;n\u0131n, t\u00fcm Suriyelilerin \u201cyerle\u015fik ve ayr\u0131lan\u201d para cezalar\u0131ndan muaf tutulmas\u0131 y\u00f6n\u00fcndeki karar\u0131ndan dolay\u0131 te\u015fekk\u00fcrlerini ileten heyet, ayr\u0131ca Libya\u2019n\u0131n \u015eam B\u00fcy\u00fckel\u00e7isi\u2019nin \u00e7al\u0131\u015fmalar\u0131n\u0131 kolayla\u015ft\u0131rmadaki katk\u0131lar\u0131na dikkat \u00e7ekti.<\/p>\n<p style=\"text-align: justify;\" data-start=\"1815\" data-end=\"2062\">Suriye\u2019ye g\u00f6n\u00fcll\u00fc d\u00f6n\u00fc\u015f talep eden insani vakalar\u0131n resmi makamlarla i\u015f birli\u011fi i\u00e7inde de\u011ferlendirilece\u011fini belirten heyet, b\u00fcy\u00fckel\u00e7ili\u011fin a\u00e7\u0131lmas\u0131yla Libya\u2019daki Suriyelilere hizmet sunulaca\u011f\u0131n\u0131 ve a\u00e7\u0131l\u0131\u015f\u0131n yak\u0131n zamanda ger\u00e7ekle\u015fece\u011fini bildirdi.<\/p>\n<p style=\"text-align: justify;\" data-start=\"2064\" data-end=\"2417\">Heyet, Suriye-Libya ili\u015fkilerinin g\u00fc\u00e7lendirilmesi i\u00e7in kar\u015f\u0131l\u0131kl\u0131 vize muafiyetleri, Libyal\u0131 yat\u0131r\u0131mc\u0131lar\u0131n \u015eam\u2019a davet edilmesi ve ortak \u00e7al\u0131\u015fma mekanizmas\u0131 kurulmas\u0131 gibi \u00f6neriler sunduklar\u0131n\u0131 kaydetti. Daha \u00f6nce iki \u00fclke aras\u0131nda 43 anla\u015fman\u0131n imzaland\u0131\u011f\u0131n\u0131, Suriye pazar\u0131n\u0131n Libya vatanda\u015flar\u0131 i\u00e7in tercih edilen bir destinasyon oldu\u011funu hat\u0131rlatt\u0131.<\/p>\n<p style=\"text-align: justify;\" data-start=\"2419\" data-end=\"2649\">\u015eam\u2019daki Libya B\u00fcy\u00fckel\u00e7ili\u011fi&#8217;nin, vize sisteminin k\u0131sa s\u00fcrede devreye al\u0131nmas\u0131 i\u00e7in \u00e7al\u0131\u015fmalar y\u00fcr\u00fctt\u00fc\u011f\u00fcn\u00fc iletti\u011fini aktaran heyet, para cezas\u0131ndan muafiyet karar\u0131n\u0131n resmi kabine toplant\u0131s\u0131 sonras\u0131 y\u00fcr\u00fcrl\u00fc\u011fe girece\u011fini belirtti.<\/p>\n<p style=\"text-align: justify;\" data-start=\"2651\" data-end=\"2908\">Heyet, ge\u00e7en cuma g\u00fcn\u00fcnden bu yana pasaport uzatma, d\u00f6n\u00fc\u015f bileti d\u00fczenleme ve belge onay\u0131 da dahil olmak \u00fczere yakla\u015f\u0131k 8 bin i\u015flem ger\u00e7ekle\u015ftirdiklerini, Suriye toplumunun i\u015f birli\u011fine ve resmi ba\u011flar\u0131n yeniden kurulmas\u0131na duyulan memnuniyete dikkat \u00e7ekti.<\/p>\n<p style=\"text-align: justify;\" data-start=\"2910\" data-end=\"3065\">Son olarak, Libya halk\u0131n\u0131n c\u00f6mert ve samimi oldu\u011funu, Suriyelilerin son on y\u0131lda Libya&#8217;da k\u00fclt\u00fcrel ve sosyal anlamda g\u00fc\u00e7l\u00fc bir ba\u011f olu\u015fturdu\u011funu vurgulad\u0131.<\/p>\n","protected":false},"excerpt":{"rendered":"<p>TRABLUS (SANA) \u2013 Suriye D\u0131\u015fi\u015fleri ve Gurbet\u00e7iler Bakanl\u0131\u011f\u0131&#8217;n\u0131n Libya&#8217;daki teknik heyeti, Libya\u2019daki Suriye toplumunun durumunu iyile\u015ftirmek amac\u0131yla \u00e7al\u0131\u015fmalar y\u00fcr\u00fctt\u00fcklerini ve Trablus&#8217;taki b\u00fcy\u00fckel\u00e7ili\u011fin yeniden a\u00e7\u0131lmas\u0131 i\u00e7in g\u00f6r\u00fc\u015fmelerde bulunduklar\u0131n\u0131 a\u00e7\u0131klad\u0131. Heyet, bug\u00fcn SANA\u2019ya yapt\u0131\u011f\u0131 a\u00e7\u0131klamada, D\u0131\u015fi\u015fleri ve Gurbet\u00e7iler Bakan\u0131 Say\u0131n Assad Hasan El \u015eeybani\u2019nin talimat\u0131yla, Libya\u2019daki Suriyelilerin ko\u015fullar\u0131n\u0131 iyile\u015ftirmek \u00fczere ge\u00e7en pazartesi Trablus\u2019a geldiklerini belirtti. \u0130lk a\u015famada &hellip;<\/p>\n","protected":false},"author":36,"featured_media":327039,"comment_status":"closed","ping_status":"closed","sticky":false,"template":"","format":"standard","meta":{"footnotes":""},"categories":[458,459,17988],"tags":[],"class_list":["post-327038","post","type-post","status-publish","format-standard","has-post-thumbnail","","category-dunya1","category-haberler-arap-uluslararasi-politika","category-son-haberler"],"_links":{"self":[{"href":"https:\/\/archive.sana.sy\/tr\/index.php?rest_route=\/wp\/v2\/posts\/327038","targetHints":{"allow":["GET"]}}],"collection":[{"href":"https:\/\/archive.sana.sy\/tr\/index.php?rest_route=\/wp\/v2\/posts"}],"about":[{"href":"https:\/\/archive.sana.sy\/tr\/index.php?rest_route=\/wp\/v2\/types\/post"}],"author":[{"embeddable":true,"href":"https:\/\/archive.sana.sy\/tr\/index.php?rest_route=\/wp\/v2\/users\/36"}],"replies":[{"embeddable":true,"href":"https:\/\/archive.sana.sy\/tr\/index.php?rest_route=%2Fwp%2Fv2%2Fcomments&post=327038"}],"version-history":[{"count":5,"href":"https:\/\/archive.sana.sy\/tr\/index.php?rest_route=\/wp\/v2\/posts\/327038\/revisions"}],"predecessor-version":[{"id":327059,"href":"https:\/\/archive.sana.sy\/tr\/index.php?rest_route=\/wp\/v2\/posts\/327038\/revisions\/327059"}],"wp:featuredmedia":[{"embeddable":true,"href":"https:\/\/archive.sana.sy\/tr\/index.php?rest_route=\/wp\/v2\/media\/327039"}],"wp:attachment":[{"href":"https:\/\/archive.sana.sy\/tr\/index.php?rest_route=%2Fwp%2Fv2%2Fmedia&parent=327038"}],"wp:term":[{"taxonomy":"category","embeddable":true,"href":"https:\/\/archive.sana.sy\/tr\/index.php?rest_route=%2Fwp%2Fv2%2Fcategories&post=327038"},{"taxonomy":"post_tag","embeddable":true,"href":"https:\/\/archive.sana.sy\/tr\/index.php?rest_route=%2Fwp%2Fv2%2Ftags&post=327038"}],"curies":[{"name":"wp","href":"https:\/\/api.w.org\/{rel}","templated":true}]}}