{"id":327043,"date":"2025-08-04T13:28:49","date_gmt":"2025-08-04T10:28:49","guid":{"rendered":"https:\/\/sana.sy\/tr\/?p=327043"},"modified":"2025-08-04T14:48:28","modified_gmt":"2025-08-04T11:48:28","slug":"enerji-bakani-kuresel-sirket-uccnin-yoneticileriyle-bir-araya-geldi","status":"publish","type":"post","link":"https:\/\/archive.sana.sy\/tr\/?p=327043","title":{"rendered":"Enerji Bakan\u0131, K\u00fcresel \u015eirket UCC&#8217;nin Y\u00f6neticileriyle Bir Araya Geldi"},"content":{"rendered":"<p style=\"text-align: justify;\"><span style=\"color: #ff0000;\"><strong>\u015eAM (SANA) &#8211;<\/strong> <\/span>Suriye Enerji Bakan\u0131 Muhammed El Be\u015fir, bug\u00fcn k\u00fcresel \u015firket UCC&#8217;nin y\u00f6netimiyle bir araya geldi.<\/p>\n<p style=\"text-align: justify;\">G\u00f6r\u00fc\u015fmede, iki taraf aras\u0131nda yak\u0131n zamanda imzalanan ve \u00e7e\u015fitli b\u00f6lgelerde d\u00f6rt enerji santrali ve bir g\u00fcne\u015f enerjisi santralinin in\u015fas\u0131 <img loading=\"lazy\" decoding=\"async\" class=\"size-medium wp-image-327045 alignright\" src=\"http:\/\/sana.sy\/tr\/wp-content\/uploads\/2025\/08\/7-300x171.png\" alt=\"\" width=\"300\" height=\"171\" srcset=\"https:\/\/archive.sana.sy\/tr\/wp-content\/uploads\/2025\/08\/7-300x171.png 300w, https:\/\/archive.sana.sy\/tr\/wp-content\/uploads\/2025\/08\/7.png 700w\" sizes=\"auto, (max-width: 300px) 100vw, 300px\" \/>ve geli\u015ftirilmesini i\u00e7eren mutabakat zapt\u0131n\u0131n uygulanmas\u0131na ili\u015fkin takip konular\u0131 ele al\u0131nd\u0131.<\/p>\n<p style=\"text-align: justify;\">G\u00f6r\u00fc\u015fmede, Mutabakat Zapt\u0131 kapsam\u0131ndaki \u00e7al\u0131\u015fmalar\u0131n ilerleyi\u015fi ele al\u0131narak, projelerin en k\u0131sa s\u00fcrede hayata ge\u00e7irilmesi amac\u0131yla nihai s\u00f6zle\u015fmelerin imzalanmas\u0131 i\u00e7in gerekli prosed\u00fcrlerin h\u0131zland\u0131r\u0131lmas\u0131n\u0131n \u00f6nemi vurguland\u0131.<\/p>\n<p style=\"text-align: justify;\">Bakan El Be\u015fir, gerekli et\u00fctlerin tamamlanmas\u0131n\u0131n ard\u0131ndan s\u00f6zle\u015fmelerin derhal imzalanaca\u011f\u0131n\u0131, projelerin en y\u00fcksek standartlara uygun olarak hayata ge\u00e7irilmesinin ve Suriye enerji sekt\u00f6r\u00fcn\u00fcn ihtiya\u00e7lar\u0131na cevap vermesinin sa\u011flanaca\u011f\u0131n\u0131 belirtti.<\/p>\n","protected":false},"excerpt":{"rendered":"<p>\u015eAM (SANA) &#8211; Suriye Enerji Bakan\u0131 Muhammed El Be\u015fir, bug\u00fcn k\u00fcresel \u015firket UCC&#8217;nin y\u00f6netimiyle bir araya geldi. G\u00f6r\u00fc\u015fmede, iki taraf aras\u0131nda yak\u0131n zamanda imzalanan ve \u00e7e\u015fitli b\u00f6lgelerde d\u00f6rt enerji santrali ve bir g\u00fcne\u015f enerjisi santralinin in\u015fas\u0131 ve geli\u015ftirilmesini i\u00e7eren mutabakat zapt\u0131n\u0131n uygulanmas\u0131na ili\u015fkin takip konular\u0131 ele al\u0131nd\u0131. G\u00f6r\u00fc\u015fmede, Mutabakat Zapt\u0131 kapsam\u0131ndaki \u00e7al\u0131\u015fmalar\u0131n ilerleyi\u015fi ele al\u0131narak, &hellip;<\/p>\n","protected":false},"author":36,"featured_media":327044,"comment_status":"closed","ping_status":"closed","sticky":false,"template":"","format":"standard","meta":{"footnotes":""},"categories":[589,479,17988,478],"tags":[],"class_list":["post-327043","post","type-post","status-publish","format-standard","has-post-thumbnail","","category-haber-seridi","category-haberler-yerel","category-son-haberler","category-yerel"],"_links":{"self":[{"href":"https:\/\/archive.sana.sy\/tr\/index.php?rest_route=\/wp\/v2\/posts\/327043","targetHints":{"allow":["GET"]}}],"collection":[{"href":"https:\/\/archive.sana.sy\/tr\/index.php?rest_route=\/wp\/v2\/posts"}],"about":[{"href":"https:\/\/archive.sana.sy\/tr\/index.php?rest_route=\/wp\/v2\/types\/post"}],"author":[{"embeddable":true,"href":"https:\/\/archive.sana.sy\/tr\/index.php?rest_route=\/wp\/v2\/users\/36"}],"replies":[{"embeddable":true,"href":"https:\/\/archive.sana.sy\/tr\/index.php?rest_route=%2Fwp%2Fv2%2Fcomments&post=327043"}],"version-history":[{"count":3,"href":"https:\/\/archive.sana.sy\/tr\/index.php?rest_route=\/wp\/v2\/posts\/327043\/revisions"}],"predecessor-version":[{"id":327054,"href":"https:\/\/archive.sana.sy\/tr\/index.php?rest_route=\/wp\/v2\/posts\/327043\/revisions\/327054"}],"wp:featuredmedia":[{"embeddable":true,"href":"https:\/\/archive.sana.sy\/tr\/index.php?rest_route=\/wp\/v2\/media\/327044"}],"wp:attachment":[{"href":"https:\/\/archive.sana.sy\/tr\/index.php?rest_route=%2Fwp%2Fv2%2Fmedia&parent=327043"}],"wp:term":[{"taxonomy":"category","embeddable":true,"href":"https:\/\/archive.sana.sy\/tr\/index.php?rest_route=%2Fwp%2Fv2%2Fcategories&post=327043"},{"taxonomy":"post_tag","embeddable":true,"href":"https:\/\/archive.sana.sy\/tr\/index.php?rest_route=%2Fwp%2Fv2%2Ftags&post=327043"}],"curies":[{"name":"wp","href":"https:\/\/api.w.org\/{rel}","templated":true}]}}