{"id":327048,"date":"2025-08-04T14:28:31","date_gmt":"2025-08-04T11:28:31","guid":{"rendered":"https:\/\/sana.sy\/tr\/?p=327048"},"modified":"2025-08-04T15:24:22","modified_gmt":"2025-08-04T12:24:22","slug":"barak-suriye-istikrari-hak-ediyor-ve-suriyeliler-barisi-hak-ediyor","status":"publish","type":"post","link":"https:\/\/archive.sana.sy\/tr\/?p=327048","title":{"rendered":"Barrack: Suriye \u0130stikrar\u0131 Hak Ediyor ve Suriyeliler Bar\u0131\u015f\u0131 Hak Ediyor"},"content":{"rendered":"<p style=\"text-align: justify;\"><span style=\"color: #ff0000;\"><strong>NEW YORK (SANA) &#8211;<\/strong> \u00a0<\/span>ABD&#8217;nin Suriye \u00d6zel Temsilcisi Tom Barrack, bar\u0131\u015f ve istikrara ula\u015fman\u0131n en iyi yolunun diplomasi oldu\u011funu vurgulayarak, Suriye&#8217;deki t\u00fcm taraflara sakin kalmalar\u0131 ve anla\u015fmazl\u0131klar\u0131 diyalog yoluyla \u00e7\u00f6zmeleri \u00e7a\u011fr\u0131s\u0131nda bulundu.<\/p>\n<p style=\"text-align: justify;\">Barrack, bug\u00fcn X platformunda yay\u0131nlad\u0131\u011f\u0131 blog yaz\u0131s\u0131nda \u015fu ifadelere yer verdi: &#8220;D\u00fcn S\u00fcveyda ve Menbi\u00e7&#8217;te rahats\u0131z edici \u015fiddet olaylar\u0131 ya\u015fand\u0131. \u015eiddeti durdurman\u0131n ve bar\u0131\u015f\u00e7\u0131l ve kal\u0131c\u0131 bir \u00e7\u00f6z\u00fcm in\u015fa etmenin en iyi yolu diplomasidir.&#8221;<\/p>\n<p style=\"text-align: justify;\">Barrackayr\u0131ca, &#8220;ABD, S\u00fcveyda&#8217;da bir \u00e7\u00f6z\u00fcme arac\u0131l\u0131k etmekten ve Fransa ile ortakl\u0131k yaparak kuzeydo\u011fu Suriye&#8217;nin birle\u015fik bir Suriye&#8217;ye yeniden entegre edilmesinden gurur duyuyor&#8221; dedi.<\/p>\n<p style=\"text-align: justify;\">Barrack, &#8220;\u0130leriye giden yol Suriyelilerin elindedir ve t\u00fcm taraflar\u0131 sakin olmaya ve anla\u015fmazl\u0131klar\u0131 kan d\u00f6kmeden diyalog yoluyla \u00e7\u00f6zmeye \u00e7a\u011f\u0131r\u0131yoruz. Suriye istikrar\u0131 hak ediyor ve Suriyeliler de bar\u0131\u015f\u0131 hak ediyor&#8221;\u00a0 ifadelerini s\u00f6lerine ekledi.<\/p>\n","protected":false},"excerpt":{"rendered":"<p>NEW YORK (SANA) &#8211; \u00a0ABD&#8217;nin Suriye \u00d6zel Temsilcisi Tom Barrack, bar\u0131\u015f ve istikrara ula\u015fman\u0131n en iyi yolunun diplomasi oldu\u011funu vurgulayarak, Suriye&#8217;deki t\u00fcm taraflara sakin kalmalar\u0131 ve anla\u015fmazl\u0131klar\u0131 diyalog yoluyla \u00e7\u00f6zmeleri \u00e7a\u011fr\u0131s\u0131nda bulundu. Barrack, bug\u00fcn X platformunda yay\u0131nlad\u0131\u011f\u0131 blog yaz\u0131s\u0131nda \u015fu ifadelere yer verdi: &#8220;D\u00fcn S\u00fcveyda ve Menbi\u00e7&#8217;te rahats\u0131z edici \u015fiddet olaylar\u0131 ya\u015fand\u0131. \u015eiddeti durdurman\u0131n ve &hellip;<\/p>\n","protected":false},"author":36,"featured_media":327049,"comment_status":"closed","ping_status":"closed","sticky":false,"template":"","format":"standard","meta":{"footnotes":""},"categories":[458,589,459,17988],"tags":[],"class_list":["post-327048","post","type-post","status-publish","format-standard","has-post-thumbnail","","category-dunya1","category-haber-seridi","category-haberler-arap-uluslararasi-politika","category-son-haberler"],"_links":{"self":[{"href":"https:\/\/archive.sana.sy\/tr\/index.php?rest_route=\/wp\/v2\/posts\/327048","targetHints":{"allow":["GET"]}}],"collection":[{"href":"https:\/\/archive.sana.sy\/tr\/index.php?rest_route=\/wp\/v2\/posts"}],"about":[{"href":"https:\/\/archive.sana.sy\/tr\/index.php?rest_route=\/wp\/v2\/types\/post"}],"author":[{"embeddable":true,"href":"https:\/\/archive.sana.sy\/tr\/index.php?rest_route=\/wp\/v2\/users\/36"}],"replies":[{"embeddable":true,"href":"https:\/\/archive.sana.sy\/tr\/index.php?rest_route=%2Fwp%2Fv2%2Fcomments&post=327048"}],"version-history":[{"count":4,"href":"https:\/\/archive.sana.sy\/tr\/index.php?rest_route=\/wp\/v2\/posts\/327048\/revisions"}],"predecessor-version":[{"id":327071,"href":"https:\/\/archive.sana.sy\/tr\/index.php?rest_route=\/wp\/v2\/posts\/327048\/revisions\/327071"}],"wp:featuredmedia":[{"embeddable":true,"href":"https:\/\/archive.sana.sy\/tr\/index.php?rest_route=\/wp\/v2\/media\/327049"}],"wp:attachment":[{"href":"https:\/\/archive.sana.sy\/tr\/index.php?rest_route=%2Fwp%2Fv2%2Fmedia&parent=327048"}],"wp:term":[{"taxonomy":"category","embeddable":true,"href":"https:\/\/archive.sana.sy\/tr\/index.php?rest_route=%2Fwp%2Fv2%2Fcategories&post=327048"},{"taxonomy":"post_tag","embeddable":true,"href":"https:\/\/archive.sana.sy\/tr\/index.php?rest_route=%2Fwp%2Fv2%2Ftags&post=327048"}],"curies":[{"name":"wp","href":"https:\/\/api.w.org\/{rel}","templated":true}]}}