{"id":327142,"date":"2025-08-05T16:13:50","date_gmt":"2025-08-05T13:13:50","guid":{"rendered":"https:\/\/sana.sy\/tr\/?p=327142"},"modified":"2025-08-05T16:13:50","modified_gmt":"2025-08-05T13:13:50","slug":"turk-suriye-ortak-bildirisi-turk-suriye-is-konseyi-kuruldu-10dan-fazla-anlasma-imzalandi","status":"publish","type":"post","link":"https:\/\/archive.sana.sy\/tr\/?p=327142","title":{"rendered":"T\u00fcrk-Suriye Ortak Bildirisi: T\u00fcrk-Suriye \u0130\u015f Konseyi Kuruldu, 10&#8217;dan Fazla Anla\u015fma \u0130mzaland\u0131"},"content":{"rendered":"<p style=\"text-align: justify;\" data-start=\"244\" data-end=\"501\"><span style=\"color: #ff0000;\"><strong>ANKARA (SANA)<\/strong> <\/span>&#8211; Suriye Ekonomi ve Sanayi Bakan\u0131 Dr. Muhammed N\u0131dal \u015eaar ile T\u00fcrkiye Ticaret Bakan\u0131 \u00d6mer Bolat, D\u0131\u015f Ekonomik \u0130li\u015fkiler Kurulu (DE\u0130K) b\u00fcnyesinde \u201cT\u00fcrk-Suriye \u0130\u015f Konseyi\u201dnin kuruldu\u011funu duyurdu. \u0130ki \u00fclke kurumlar\u0131 aras\u0131nda 10\u2019dan fazla anla\u015fma da imzaland\u0131.<\/p>\n<p style=\"text-align: justify;\" data-start=\"503\" data-end=\"900\">Taraflar, Ankara\u2019da yay\u0131mlad\u0131klar\u0131 ortak bildiride, D\u0131\u015f Ekonomik \u0130li\u015fkiler Kurulu\u2019nun T\u00fcrkiye ile Suriye aras\u0131ndaki kamu ve \u00f6zel sekt\u00f6r i\u015f birli\u011fini g\u00fc\u00e7lendirece\u011fini vurgulad\u0131. Ayr\u0131ca, Suriye\u2019deki g\u00fcmr\u00fck kap\u0131lar\u0131n\u0131n altyap\u0131s\u0131n\u0131n g\u00fc\u00e7lendirilmesi, g\u00fcmr\u00fck ge\u00e7i\u015f i\u015flemlerinin iyile\u015ftirilmesi ve iki \u00fclke g\u00fcmr\u00fck idareleri aras\u0131nda i\u015f birli\u011finin art\u0131r\u0131lmas\u0131 i\u00e7in \u00e7al\u0131\u015fmalar\u0131n s\u00fcrd\u00fcr\u00fclece\u011fi ifade edildi.<\/p>\n<p style=\"text-align: justify;\" data-start=\"902\" data-end=\"1370\">Bildiriye g\u00f6re, taraflar, Ortak Ekonomik ve Ticari Komite&#8217;nin kurulmas\u0131 konusunda mutabakata vard\u0131. Ayr\u0131ca, T\u00fcrkiye ile Suriye aras\u0131nda idari kalk\u0131nma ve y\u00f6neti\u015fim alan\u0131nda i\u015f birli\u011fini \u00f6ng\u00f6ren bir Mutabakat Zapt\u0131 imzaland\u0131. Bu kapsamda, Suriye\u2019nin kurumsal altyap\u0131s\u0131n\u0131n g\u00fc\u00e7lendirilmesi, kamu hizmetlerinin kalitesinin art\u0131r\u0131lmas\u0131 i\u00e7in mekanizmalar\u0131n geli\u015ftirilmesi ve Suriye sanayisinin yeniden in\u015fas\u0131 i\u00e7in kurumsal ad\u0131mlar\u0131n belirlenmesi konusunda anla\u015fmaya var\u0131ld\u0131.<\/p>\n","protected":false},"excerpt":{"rendered":"<p>ANKARA (SANA) &#8211; Suriye Ekonomi ve Sanayi Bakan\u0131 Dr. Muhammed N\u0131dal \u015eaar ile T\u00fcrkiye Ticaret Bakan\u0131 \u00d6mer Bolat, D\u0131\u015f Ekonomik \u0130li\u015fkiler Kurulu (DE\u0130K) b\u00fcnyesinde \u201cT\u00fcrk-Suriye \u0130\u015f Konseyi\u201dnin kuruldu\u011funu duyurdu. \u0130ki \u00fclke kurumlar\u0131 aras\u0131nda 10\u2019dan fazla anla\u015fma da imzaland\u0131. Taraflar, Ankara\u2019da yay\u0131mlad\u0131klar\u0131 ortak bildiride, D\u0131\u015f Ekonomik \u0130li\u015fkiler Kurulu\u2019nun T\u00fcrkiye ile Suriye aras\u0131ndaki kamu ve \u00f6zel sekt\u00f6r &hellip;<\/p>\n","protected":false},"author":41,"featured_media":327143,"comment_status":"closed","ping_status":"closed","sticky":false,"template":"","format":"standard","meta":{"footnotes":""},"categories":[589,17988,2554,2555],"tags":[],"class_list":["post-327142","post","type-post","status-publish","format-standard","has-post-thumbnail","","category-haber-seridi","category-son-haberler","category-suriye-ve-dunya","category-suriye-ve-turkiye"],"_links":{"self":[{"href":"https:\/\/archive.sana.sy\/tr\/index.php?rest_route=\/wp\/v2\/posts\/327142","targetHints":{"allow":["GET"]}}],"collection":[{"href":"https:\/\/archive.sana.sy\/tr\/index.php?rest_route=\/wp\/v2\/posts"}],"about":[{"href":"https:\/\/archive.sana.sy\/tr\/index.php?rest_route=\/wp\/v2\/types\/post"}],"author":[{"embeddable":true,"href":"https:\/\/archive.sana.sy\/tr\/index.php?rest_route=\/wp\/v2\/users\/41"}],"replies":[{"embeddable":true,"href":"https:\/\/archive.sana.sy\/tr\/index.php?rest_route=%2Fwp%2Fv2%2Fcomments&post=327142"}],"version-history":[{"count":1,"href":"https:\/\/archive.sana.sy\/tr\/index.php?rest_route=\/wp\/v2\/posts\/327142\/revisions"}],"predecessor-version":[{"id":327144,"href":"https:\/\/archive.sana.sy\/tr\/index.php?rest_route=\/wp\/v2\/posts\/327142\/revisions\/327144"}],"wp:featuredmedia":[{"embeddable":true,"href":"https:\/\/archive.sana.sy\/tr\/index.php?rest_route=\/wp\/v2\/media\/327143"}],"wp:attachment":[{"href":"https:\/\/archive.sana.sy\/tr\/index.php?rest_route=%2Fwp%2Fv2%2Fmedia&parent=327142"}],"wp:term":[{"taxonomy":"category","embeddable":true,"href":"https:\/\/archive.sana.sy\/tr\/index.php?rest_route=%2Fwp%2Fv2%2Fcategories&post=327142"},{"taxonomy":"post_tag","embeddable":true,"href":"https:\/\/archive.sana.sy\/tr\/index.php?rest_route=%2Fwp%2Fv2%2Ftags&post=327142"}],"curies":[{"name":"wp","href":"https:\/\/api.w.org\/{rel}","templated":true}]}}