{"id":327145,"date":"2025-08-05T16:18:20","date_gmt":"2025-08-05T13:18:20","guid":{"rendered":"https:\/\/sana.sy\/tr\/?p=327145"},"modified":"2025-08-06T16:35:09","modified_gmt":"2025-08-06T13:35:09","slug":"disisleri-ve-gurbetciler-bakani-lubnan-cumhuriyetindeki-kanada-buyukelcisini-kabul-etti","status":"publish","type":"post","link":"https:\/\/archive.sana.sy\/tr\/?p=327145","title":{"rendered":"D\u0131\u015fi\u015fleri Ve Gurbet\u00e7iler Bakan\u0131, L\u00fcbnan Cumhuriyeti&#8217;ndeki Kanada B\u00fcy\u00fckel\u00e7isini Kabul Etti"},"content":{"rendered":"<p style=\"text-align: justify;\"><span style=\"color: #ff0000;\"><strong>\u015eAM (SANA)<\/strong> <\/span>&#8211; D\u0131\u015fi\u015fleri ve Gurbet\u00e7iler Bakan\u0131 Asaad Hasan El \u015eeybani, \u015eam&#8217;da Kanada&#8217;n\u0131n L\u00fcbnan Cumhuriyeti B\u00fcy\u00fckel\u00e7isi Stephanie McCollum&#8217;u kabul etti.<\/p>\n<p style=\"text-align: justify;\">G\u00f6r\u00fc\u015fmede ikili ili\u015fkiler ve iki \u00fclke aras\u0131ndaki ortak ilgi alanlar\u0131ndaki ileti\u015fimi geli\u015ftirme yollar\u0131 ele al\u0131nd\u0131.<\/p>\n<p style=\"text-align: justify;\">Bakan El \u015eeybani g\u00f6r\u00fc\u015fmede ayr\u0131ca, Suriye&#8217;nin egemenli\u011fine ve birli\u011fine sayg\u0131 g\u00f6sterilmesinin \u00f6nemini ve ortak \u00e7\u0131karlar ve kar\u015f\u0131l\u0131kl\u0131 sayg\u0131ya dayal\u0131 yap\u0131c\u0131 bir diyalog kurulmas\u0131n\u0131n gereklili\u011fini vurgulad\u0131.<\/p>\n<p>&nbsp;<\/p>\n<div id='gallery-1' class='gallery galleryid-327145 gallery-columns-1 gallery-size-full'><figure class='gallery-item'>\n\t\t\t<div class='gallery-icon landscape'>\n\t\t\t\t<a href='https:\/\/archive.sana.sy\/tr\/?attachment_id=327147'><img loading=\"lazy\" decoding=\"async\" width=\"1536\" height=\"864\" src=\"https:\/\/archive.sana.sy\/tr\/wp-content\/uploads\/2025\/08\/\u0634\u064a\u0628\u0627\u062a\u064a-1536x864-1.jpg\" class=\"attachment-full size-full\" alt=\"\" srcset=\"https:\/\/archive.sana.sy\/tr\/wp-content\/uploads\/2025\/08\/\u0634\u064a\u0628\u0627\u062a\u064a-1536x864-1.jpg 1536w, https:\/\/archive.sana.sy\/tr\/wp-content\/uploads\/2025\/08\/\u0634\u064a\u0628\u0627\u062a\u064a-1536x864-1-300x169.jpg 300w, https:\/\/archive.sana.sy\/tr\/wp-content\/uploads\/2025\/08\/\u0634\u064a\u0628\u0627\u062a\u064a-1536x864-1-1024x576.jpg 1024w, https:\/\/archive.sana.sy\/tr\/wp-content\/uploads\/2025\/08\/\u0634\u064a\u0628\u0627\u062a\u064a-1536x864-1-768x432.jpg 768w\" sizes=\"auto, (max-width: 1536px) 100vw, 1536px\" \/><\/a>\n\t\t\t<\/div><\/figure>\n\t\t<\/div>\n\n<p>&nbsp;<\/p>\n","protected":false},"excerpt":{"rendered":"<p>\u015eAM (SANA) &#8211; D\u0131\u015fi\u015fleri ve Gurbet\u00e7iler Bakan\u0131 Asaad Hasan El \u015eeybani, \u015eam&#8217;da Kanada&#8217;n\u0131n L\u00fcbnan Cumhuriyeti B\u00fcy\u00fckel\u00e7isi Stephanie McCollum&#8217;u kabul etti. G\u00f6r\u00fc\u015fmede ikili ili\u015fkiler ve iki \u00fclke aras\u0131ndaki ortak ilgi alanlar\u0131ndaki ileti\u015fimi geli\u015ftirme yollar\u0131 ele al\u0131nd\u0131. Bakan El \u015eeybani g\u00f6r\u00fc\u015fmede ayr\u0131ca, Suriye&#8217;nin egemenli\u011fine ve birli\u011fine sayg\u0131 g\u00f6sterilmesinin \u00f6nemini ve ortak \u00e7\u0131karlar ve kar\u015f\u0131l\u0131kl\u0131 sayg\u0131ya dayal\u0131 yap\u0131c\u0131 &hellip;<\/p>\n","protected":false},"author":41,"featured_media":327146,"comment_status":"closed","ping_status":"closed","sticky":false,"template":"","format":"standard","meta":{"footnotes":""},"categories":[589,479,17988,478],"tags":[],"class_list":["post-327145","post","type-post","status-publish","format-standard","has-post-thumbnail","","category-haber-seridi","category-haberler-yerel","category-son-haberler","category-yerel"],"_links":{"self":[{"href":"https:\/\/archive.sana.sy\/tr\/index.php?rest_route=\/wp\/v2\/posts\/327145","targetHints":{"allow":["GET"]}}],"collection":[{"href":"https:\/\/archive.sana.sy\/tr\/index.php?rest_route=\/wp\/v2\/posts"}],"about":[{"href":"https:\/\/archive.sana.sy\/tr\/index.php?rest_route=\/wp\/v2\/types\/post"}],"author":[{"embeddable":true,"href":"https:\/\/archive.sana.sy\/tr\/index.php?rest_route=\/wp\/v2\/users\/41"}],"replies":[{"embeddable":true,"href":"https:\/\/archive.sana.sy\/tr\/index.php?rest_route=%2Fwp%2Fv2%2Fcomments&post=327145"}],"version-history":[{"count":1,"href":"https:\/\/archive.sana.sy\/tr\/index.php?rest_route=\/wp\/v2\/posts\/327145\/revisions"}],"predecessor-version":[{"id":327148,"href":"https:\/\/archive.sana.sy\/tr\/index.php?rest_route=\/wp\/v2\/posts\/327145\/revisions\/327148"}],"wp:featuredmedia":[{"embeddable":true,"href":"https:\/\/archive.sana.sy\/tr\/index.php?rest_route=\/wp\/v2\/media\/327146"}],"wp:attachment":[{"href":"https:\/\/archive.sana.sy\/tr\/index.php?rest_route=%2Fwp%2Fv2%2Fmedia&parent=327145"}],"wp:term":[{"taxonomy":"category","embeddable":true,"href":"https:\/\/archive.sana.sy\/tr\/index.php?rest_route=%2Fwp%2Fv2%2Fcategories&post=327145"},{"taxonomy":"post_tag","embeddable":true,"href":"https:\/\/archive.sana.sy\/tr\/index.php?rest_route=%2Fwp%2Fv2%2Ftags&post=327145"}],"curies":[{"name":"wp","href":"https:\/\/api.w.org\/{rel}","templated":true}]}}