{"id":327149,"date":"2025-08-05T16:42:56","date_gmt":"2025-08-05T13:42:56","guid":{"rendered":"https:\/\/sana.sy\/tr\/?p=327149"},"modified":"2025-08-06T18:39:39","modified_gmt":"2025-08-06T15:39:39","slug":"suriye-turkiye-arasinda-stratejik-ekonomik-ve-ticari-ortaklik-yol-haritasi-icin-gorusmeler","status":"publish","type":"post","link":"https:\/\/archive.sana.sy\/tr\/?p=327149","title":{"rendered":"Suriye-T\u00fcrkiye Aras\u0131nda Stratejik Ekonomik ve Ticari Ortakl\u0131k Yol Haritas\u0131 \u0130\u00e7in G\u00f6r\u00fc\u015fmeler"},"content":{"rendered":"<p style=\"text-align: justify;\" data-start=\"185\" data-end=\"614\"><span style=\"color: #ff0000;\"><strong>ANKARA (SANA)<\/strong> <\/span>&#8211; Ankara\u2019da, Suriye Ekonomi ve Sanayi Bakan\u0131 Muhammed Nidal \u015eaar ba\u015fkanl\u0131\u011f\u0131ndaki Suriye <img loading=\"lazy\" decoding=\"async\" class=\"size-full wp-image-327151 alignright\" src=\"http:\/\/sana.sy\/tr\/wp-content\/uploads\/2025\/08\/IMG-20250805-WA0162-2-300x209-1.jpg\" alt=\"\" width=\"300\" height=\"209\" \/>ekonomik heyeti ile T\u00fcrkiye Ticaret Bakan\u0131 \u00d6mer Bolat aras\u0131nda ger\u00e7ekle\u015ftirilen g\u00f6r\u00fc\u015fmelerde, iki \u00fclke aras\u0131nda ekonomik ve ticari alanda stratejik i\u015f birli\u011fi i\u00e7in yol haritas\u0131 olu\u015fturulmas\u0131 ele al\u0131nd\u0131. G\u00f6r\u00fc\u015fmeler, iki \u00fclkenin ekonomik ger\u00e7eklerine olumlu yans\u0131yacak i\u015f birli\u011fi modellerinin ve mekanizmalar\u0131n\u0131n belirlenmesine odakland\u0131.<\/p>\n<p style=\"text-align: justify;\" data-start=\"616\" data-end=\"665\"><span style=\"color: #0000ff;\"><strong data-start=\"616\" data-end=\"665\">Ortak \u0130\u015f Birli\u011fi K\u00f6pr\u00fclerinin G\u00fc\u00e7lendirilmesi<\/strong><\/span><\/p>\n<p style=\"text-align: justify;\" data-start=\"667\" data-end=\"1030\">Bug\u00fcn Ankara\u2019daki T\u00fcrkiye Ticaret Bakanl\u0131\u011f\u0131\u2019nda yap\u0131lan toplant\u0131da, her iki taraftan \u00fcst d\u00fczey yetkililer ve uzmanlar\u0131n kat\u0131l\u0131m\u0131yla, \u00f6zellikle ekonomik sekt\u00f6r ba\u015fta olmak \u00fczere \u00e7e\u015fitli alanlarda i\u015f birli\u011fi k\u00f6pr\u00fclerinin g\u00fc\u00e7lendirilmesi, ticari ili\u015fkilerin geli\u015ftirilmesi, g\u00fcmr\u00fck alan\u0131nda i\u015f birli\u011fi art\u0131r\u0131lmas\u0131 ve yat\u0131r\u0131m hacminin y\u00fckseltilmesi konular\u0131 g\u00f6r\u00fc\u015f\u00fcld\u00fc.<\/p>\n<p style=\"text-align: justify;\" data-start=\"1032\" data-end=\"1286\">Taraflar ayr\u0131ca, Suriye\u2019de yeniden imar faaliyetleri, lojistik a\u011flar\u0131n geli\u015ftirilmesi, altyap\u0131 ve \u00fcstyap\u0131 projeleri gibi <img loading=\"lazy\" decoding=\"async\" class=\"size-full wp-image-327152 alignright\" src=\"http:\/\/sana.sy\/tr\/wp-content\/uploads\/2025\/08\/IMG-20250805-WA0163-300x224-1.jpg\" alt=\"\" width=\"300\" height=\"224\" \/>sahaya d\u00f6n\u00fck i\u015f birli\u011fi alanlar\u0131n\u0131 da de\u011ferlendirerek, bu projelerin iki \u00fclkenin kalk\u0131nmas\u0131na olumlu katk\u0131 sa\u011flayaca\u011f\u0131na i\u015faret etti.<\/p>\n<p style=\"text-align: justify;\" data-start=\"1288\" data-end=\"1311\"><span style=\"color: #0000ff;\"><strong data-start=\"1288\" data-end=\"1311\">K\u00f6kl\u00fc Tarihi Ba\u011flar<\/strong><\/span><\/p>\n<p style=\"text-align: justify;\" data-start=\"1313\" data-end=\"1656\">Bakan Muhammed Nidal \u015eaar yapt\u0131\u011f\u0131 a\u00e7\u0131klamada, iki \u00fclke aras\u0131ndaki ili\u015fkinin k\u00f6kl\u00fc ve sa\u011flam tarihsel ba\u011flara dayand\u0131\u011f\u0131n\u0131 belirterek, bu i\u015f birli\u011finin somut kazan\u0131mlara d\u00f6n\u00fc\u015fece\u011fine ve hem Suriye hem T\u00fcrkiye halklar\u0131n\u0131n faydas\u0131na olaca\u011f\u0131na g\u00fc\u00e7l\u00fc inan\u00e7 duyduklar\u0131n\u0131 ifade etti. T\u00fcrkiye\u2019nin bu s\u00fcreci destekleyece\u011fine olan g\u00fcvenlerini vurgulad\u0131.<\/p>\n<p style=\"text-align: justify;\" data-start=\"1658\" data-end=\"1691\"><span style=\"color: #0000ff;\"><strong data-start=\"1658\" data-end=\"1691\">On Anla\u015fma \u00dczerinde Mutabakat<\/strong><\/span><\/p>\n<p style=\"text-align: justify;\" data-start=\"1693\" data-end=\"1959\">T\u00fcrkiye Ticaret Bakan\u0131 \u00d6mer Bolat ise Suriye heyetinin ziyaretini tarihi bir ad\u0131m olarak nitelendirerek, bu ziyaret s\u0131ras\u0131nda on anla\u015fma \u00fczerinde g\u00f6r\u00fc\u015fmeler yap\u0131ld\u0131\u011f\u0131n\u0131, bug\u00fcn iki anla\u015fman\u0131n imzalanaca\u011f\u0131n\u0131, di\u011ferlerinin ise ilerleyen d\u00f6nemde imzalanaca\u011f\u0131n\u0131 a\u00e7\u0131klad\u0131.<\/p>\n<p style=\"text-align: justify;\" data-start=\"1961\" data-end=\"2135\"><img loading=\"lazy\" decoding=\"async\" class=\"size-full wp-image-327154 alignright\" src=\"http:\/\/sana.sy\/tr\/wp-content\/uploads\/2025\/08\/\u0662\u0660\u0662\u0665\u0660\u0668\u0660\u0665_\u0661\u0662\u0661\u0662\u0662\u0669-300x209-1.jpg\" alt=\"\" width=\"300\" height=\"209\" \/>Bakan Bolat, \u201cBu ziyaret, y\u0131llarca s\u00fcren sava\u015f nedeniyle zor g\u00fcnler ya\u015fayan karde\u015flerimizle dayan\u0131\u015fma ve yeni Suriye\u2019yi birlikte in\u015fa etme irademizi ortaya koymaktad\u0131r\u201d dedi.<\/p>\n<p style=\"text-align: justify;\" data-start=\"2137\" data-end=\"2184\"><span style=\"color: #0000ff;\"><strong data-start=\"2137\" data-end=\"2184\">Kapsaml\u0131 Ekonomik Ortakl\u0131k Anla\u015fmas\u0131 Hedefi<\/strong><\/span><\/p>\n<p style=\"text-align: justify;\" data-start=\"2186\" data-end=\"2502\">Bakan Bolat, iki ekonomi aras\u0131nda tam entegrasyonu hedefleyen ve b\u00f6lge i\u00e7in \u00f6rnek te\u015fkil edecek kapsaml\u0131 yeni bir ekonomik ortakl\u0131k anla\u015fmas\u0131 olu\u015fturulmas\u0131 konusunda \u00f6nemli ilerleme kaydedildi\u011fine i\u015faret etti. Bu anla\u015fman\u0131n, iki \u00fclke aras\u0131ndaki ekonomik ve ticari ili\u015fkiler i\u00e7in yol haritas\u0131 olu\u015fturaca\u011f\u0131n\u0131 belirtti.<\/p>\n<p style=\"text-align: justify;\" data-start=\"2504\" data-end=\"2778\">T\u00fcrkiye\u2019nin t\u00fcm kurumlar\u0131yla Suriye h\u00fck\u00fcmetiyle i\u015f birli\u011fi i\u00e7inde oldu\u011funu ve Suriye\u2019nin istikrar\u0131n\u0131 olumsuz etkileyecek ad\u0131mlara kar\u015f\u0131 birlikte hareket etti\u011fini vurgulayan Bolat, Suriye ekonomisinin g\u00fc\u00e7 ve dayan\u0131kl\u0131l\u0131\u011f\u0131n\u0131n b\u00f6lgesel istikrara katk\u0131 sa\u011flayaca\u011f\u0131n\u0131 ifade etti.<\/p>\n<p style=\"text-align: justify;\" data-start=\"2780\" data-end=\"2807\"><span style=\"color: #0000ff;\"><strong data-start=\"2780\" data-end=\"2807\">Ticaret Hacminde B\u00fcy\u00fcme<\/strong><\/span><\/p>\n<p style=\"text-align: justify;\" data-start=\"2809\" data-end=\"3076\"><img loading=\"lazy\" decoding=\"async\" class=\"size-full wp-image-327155 alignright\" src=\"http:\/\/sana.sy\/tr\/wp-content\/uploads\/2025\/08\/IMG-20250805-WA0171-300x215-1.jpg\" alt=\"\" width=\"300\" height=\"215\" \/>Bakan Bolat, Suriye\u2019de ya\u015fanan yeni d\u00f6nemde iki \u00fclke aras\u0131ndaki ticari ili\u015fkilerde kayda de\u011fer bir geli\u015fme oldu\u011funu, 2024 y\u0131l\u0131nda ticaret hacminin 2,6 milyar dolara ula\u015ft\u0131\u011f\u0131n\u0131, bu y\u0131l\u0131n ilk yedi ay\u0131nda ise 1,9 milyar dolarl\u0131k bir ticaret ger\u00e7ekle\u015ftirildi\u011fini s\u00f6yledi.<\/p>\n<p style=\"text-align: justify;\" data-start=\"3078\" data-end=\"3122\"><span style=\"color: #0000ff;\"><strong data-start=\"3078\" data-end=\"3122\">\u0130dari Geli\u015fim \u0130\u00e7in \u0130\u015f Birli\u011fi Mutabakat\u0131<\/strong><\/span><\/p>\n<p style=\"text-align: justify;\" data-start=\"3124\" data-end=\"3341\">Toplant\u0131da ayr\u0131ca, Suriye Ekonomi ve Sanayi Bakanl\u0131\u011f\u0131 ile T\u00fcrkiye Ticaret Bakanl\u0131\u011f\u0131 aras\u0131nda idari geli\u015fim, bilgi ve deneyim payla\u015f\u0131m\u0131 ve ortak genel politikalar geli\u015ftirilmesine y\u00f6nelik bir mutabakat zapt\u0131 imzaland\u0131.<\/p>\n<p style=\"text-align: justify;\" data-start=\"3343\" data-end=\"3624\">Taraflar, bu mutabakat kapsam\u0131nda idari geli\u015fim ve y\u00f6neti\u015fim alanlar\u0131nda kar\u015f\u0131l\u0131kl\u0131 tecr\u00fcbe ve bilgi payla\u015f\u0131m\u0131 ile ba\u015far\u0131l\u0131 uygulamalar\u0131n aktar\u0131lmas\u0131 yoluyla kurumsal performans\u0131n art\u0131r\u0131lmas\u0131, \u015feffafl\u0131k ve hesap verebilirlik ilkelerinin g\u00fc\u00e7lendirilmesini hedeflediklerini bildirdi.<\/p>\n<p style=\"text-align: justify;\" data-start=\"3626\" data-end=\"3654\"><span style=\"color: #0000ff;\"><strong data-start=\"3626\" data-end=\"3654\">\u0130yi Y\u00f6neti\u015fim Sistemleri<\/strong><\/span><\/p>\n<p style=\"text-align: justify;\" data-start=\"3656\" data-end=\"4158\"><img loading=\"lazy\" decoding=\"async\" class=\"size-full wp-image-327156 alignright\" src=\"http:\/\/sana.sy\/tr\/wp-content\/uploads\/2025\/08\/IMG-20250805-WA0174-300x186-1.jpg\" alt=\"\" width=\"300\" height=\"186\" \/>Mutabakat zapt\u0131nda, kamu y\u00f6netimi ve y\u00f6neti\u015fim alanlar\u0131nda politika geli\u015ftirme, idari yap\u0131lar\u0131 g\u00fc\u00e7lendirme, iyi y\u00f6neti\u015fim sistemleri ve i\u00e7 denetim uygulamalar\u0131n\u0131n tasar\u0131m\u0131 ve uygulanmas\u0131 konular\u0131nda i\u015f birli\u011fi yap\u0131lmas\u0131; uzmanlar ve yetkililer aras\u0131nda ziyaretlerin ger\u00e7ekle\u015ftirilmesi; performans de\u011ferlendirme y\u00f6ntemlerinin geli\u015ftirilmesi; kamu hizmetlerinin kalitesinin art\u0131r\u0131lmas\u0131; dijital d\u00f6n\u00fc\u015f\u00fcm\u00fcn desteklenmesi ve elektronik hizmetlerin geli\u015ftirilmesi gibi alanlarda ortak \u00e7al\u0131\u015fmalar \u00f6ng\u00f6r\u00fcl\u00fcyor.<\/p>\n<p style=\"text-align: justify;\" data-start=\"4160\" data-end=\"4227\"><span style=\"color: #0000ff;\"><strong data-start=\"4160\" data-end=\"4227\">Suriye ve T\u00fcrkiye Ticaret ve Sanayi Odalar\u0131 Aras\u0131nda \u0130\u015f Birli\u011fi<\/strong><\/span><\/p>\n<p style=\"text-align: justify;\" data-start=\"4229\" data-end=\"4521\">Ekonomik heyet ayr\u0131ca Ankara\u2019da T\u00fcrkiye Odalar ve Borsalar Birli\u011fi (TOBB) ile de bir araya gelerek, ticaret ve sanayi odalar\u0131 aras\u0131nda i\u015f birli\u011fi imk\u00e2nlar\u0131n\u0131 ve ekonomik ortakl\u0131klar\u0131n etkinle\u015ftirilmesini ele ald\u0131. Toplant\u0131ya T\u00fcrkiye Ticaret Bakan\u0131 ve iki \u00fclkeden \u00e7ok say\u0131da i\u015f insan\u0131 kat\u0131ld\u0131.<\/p>\n<p style=\"text-align: justify;\" data-start=\"4523\" data-end=\"4762\">Toplant\u0131da, iki \u00fclke aras\u0131ndaki yat\u0131r\u0131m ortakl\u0131klar\u0131n\u0131n geni\u015fletilmesi ve iki taraf\u0131n kar\u015f\u0131l\u0131kl\u0131 \u00e7\u0131karlar\u0131n\u0131n g\u00f6zetilmesi i\u00e7in \u00f6zel sekt\u00f6rler aras\u0131nda ileti\u015fim k\u00f6pr\u00fclerinin kurulmas\u0131n\u0131n ve yeni pazarlar\u0131n a\u00e7\u0131lmas\u0131n\u0131n \u00f6nemine vurgu yap\u0131ld\u0131.<\/p>\n<p style=\"text-align: justify;\" data-start=\"4764\" data-end=\"4822\"><span style=\"color: #0000ff;\"><strong data-start=\"4764\" data-end=\"4822\">Y\u00fcksek D\u00fczeyde Suriye Ekonomik Heyeti T\u00fcrkiye Ziyareti<\/strong><\/span><\/p>\n<p style=\"text-align: justify;\" data-start=\"4824\" data-end=\"5047\">Suriye Ekonomi ve Sanayi Bakan\u0131 Muhammed Nidal \u015eaar ba\u015fkanl\u0131\u011f\u0131ndaki \u00fcst d\u00fczey ekonomik heyet, d\u00fcn ak\u015fam T\u00fcrkiye\u2019ye gelerek, iki \u00fclke aras\u0131ndaki i\u015f birli\u011fini g\u00fc\u00e7lendirmek amac\u0131yla birka\u00e7 g\u00fcnl\u00fck resmi ziyarete ba\u015flam\u0131\u015ft\u0131.<\/p>\n<p style=\"text-align: justify;\">\n","protected":false},"excerpt":{"rendered":"<p>ANKARA (SANA) &#8211; Ankara\u2019da, Suriye Ekonomi ve Sanayi Bakan\u0131 Muhammed Nidal \u015eaar ba\u015fkanl\u0131\u011f\u0131ndaki Suriye ekonomik heyeti ile T\u00fcrkiye Ticaret Bakan\u0131 \u00d6mer Bolat aras\u0131nda ger\u00e7ekle\u015ftirilen g\u00f6r\u00fc\u015fmelerde, iki \u00fclke aras\u0131nda ekonomik ve ticari alanda stratejik i\u015f birli\u011fi i\u00e7in yol haritas\u0131 olu\u015fturulmas\u0131 ele al\u0131nd\u0131. G\u00f6r\u00fc\u015fmeler, iki \u00fclkenin ekonomik ger\u00e7eklerine olumlu yans\u0131yacak i\u015f birli\u011fi modellerinin ve mekanizmalar\u0131n\u0131n belirlenmesine odakland\u0131. &hellip;<\/p>\n","protected":false},"author":41,"featured_media":327150,"comment_status":"closed","ping_status":"closed","sticky":false,"template":"","format":"standard","meta":{"footnotes":""},"categories":[485,589,486,17988,2554,2555],"tags":[],"class_list":["post-327149","post","type-post","status-publish","format-standard","has-post-thumbnail","","category-is-ve-sermaye","category-haber-seridi","category-haberler-is-ve-sermaye","category-son-haberler","category-suriye-ve-dunya","category-suriye-ve-turkiye"],"_links":{"self":[{"href":"https:\/\/archive.sana.sy\/tr\/index.php?rest_route=\/wp\/v2\/posts\/327149","targetHints":{"allow":["GET"]}}],"collection":[{"href":"https:\/\/archive.sana.sy\/tr\/index.php?rest_route=\/wp\/v2\/posts"}],"about":[{"href":"https:\/\/archive.sana.sy\/tr\/index.php?rest_route=\/wp\/v2\/types\/post"}],"author":[{"embeddable":true,"href":"https:\/\/archive.sana.sy\/tr\/index.php?rest_route=\/wp\/v2\/users\/41"}],"replies":[{"embeddable":true,"href":"https:\/\/archive.sana.sy\/tr\/index.php?rest_route=%2Fwp%2Fv2%2Fcomments&post=327149"}],"version-history":[{"count":1,"href":"https:\/\/archive.sana.sy\/tr\/index.php?rest_route=\/wp\/v2\/posts\/327149\/revisions"}],"predecessor-version":[{"id":327157,"href":"https:\/\/archive.sana.sy\/tr\/index.php?rest_route=\/wp\/v2\/posts\/327149\/revisions\/327157"}],"wp:featuredmedia":[{"embeddable":true,"href":"https:\/\/archive.sana.sy\/tr\/index.php?rest_route=\/wp\/v2\/media\/327150"}],"wp:attachment":[{"href":"https:\/\/archive.sana.sy\/tr\/index.php?rest_route=%2Fwp%2Fv2%2Fmedia&parent=327149"}],"wp:term":[{"taxonomy":"category","embeddable":true,"href":"https:\/\/archive.sana.sy\/tr\/index.php?rest_route=%2Fwp%2Fv2%2Fcategories&post=327149"},{"taxonomy":"post_tag","embeddable":true,"href":"https:\/\/archive.sana.sy\/tr\/index.php?rest_route=%2Fwp%2Fv2%2Ftags&post=327149"}],"curies":[{"name":"wp","href":"https:\/\/api.w.org\/{rel}","templated":true}]}}