{"id":327158,"date":"2025-08-05T17:34:29","date_gmt":"2025-08-05T14:34:29","guid":{"rendered":"https:\/\/sana.sy\/tr\/?p=327158"},"modified":"2025-08-05T17:37:01","modified_gmt":"2025-08-05T14:37:01","slug":"turk-yetkili-suriyede-hizli-ekonomik-iyilesme-ulkedeki-istikrar-icin-onemlidir","status":"publish","type":"post","link":"https:\/\/archive.sana.sy\/tr\/?p=327158","title":{"rendered":"T\u00fcrk Yetkili: Suriye\u2019de H\u0131zl\u0131 Ekonomik \u0130yile\u015fme, \u00dclkedeki \u0130stikrar \u0130\u00e7in \u00d6nemlidir"},"content":{"rendered":"<p style=\"text-align: justify;\" data-start=\"146\" data-end=\"463\"><span style=\"color: #ff0000;\"><b>ANKARA (SANA)<\/b><\/span> &#8211; <em><span style=\"font-style: normal;\">T\u00fcrkiye Odalar ve Borsalar Birli\u011fi (TOBB)\u00a0<\/span><\/em> Ba\u015fkan\u0131 Rifat H\u0131sarc\u0131kl\u0131o\u011flu, Suriye\u2019de h\u0131zl\u0131 ekonomik iyile\u015fmenin, \u00fclkedeki g\u00fcvenlik ve istikrar\u0131n g\u00fc\u00e7lendirilmesi a\u00e7\u0131s\u0131ndan b\u00fcy\u00fck \u00f6nem ta\u015f\u0131d\u0131\u011f\u0131n\u0131 vurgulayarak, T\u00fcrkiye\u2019nin, Suriye\u2019de ticaret odalar\u0131 sistemini kurmak veya geli\u015ftirmek konusunda haz\u0131r oldu\u011funu belirtti.<\/p>\n<p style=\"text-align: justify;\" data-start=\"465\" data-end=\"766\">Anadolu Ajans\u0131\u2019n\u0131n aktard\u0131\u011f\u0131na g\u00f6re, Hisarc\u0131kl\u0131o\u011flu bug\u00fcn Ankara\u2019da ger\u00e7ekle\u015ftirilen \u201cT\u00fcrk-Suriye Yuvarlak Masa Toplant\u0131s\u0131\u201dnda yapt\u0131\u011f\u0131 konu\u015fmada, T\u00fcrk \u015firketlerinin Suriye\u2019de i\u015f yapmaya istekli oldu\u011funu, \u00fclkede en zor d\u00f6nemin geride kald\u0131\u011f\u0131n\u0131 ve yeniden istikrar\u0131n hakim olmaya ba\u015flad\u0131\u011f\u0131n\u0131 ifade etti.<\/p>\n<p style=\"text-align: justify;\" data-start=\"768\" data-end=\"1113\">Hisarc\u0131kl\u0131o\u011flu ayr\u0131ca, yat\u0131r\u0131m ve i\u015f altyap\u0131s\u0131n\u0131n olu\u015fturulmas\u0131n\u0131n, g\u00fcvenli\u011fin sa\u011flanmas\u0131n\u0131n ve T\u00fcrk deneyiminden faydalanman\u0131n \u00f6nemine i\u015faret ederek, Suriye ile T\u00fcrkiye aras\u0131ndaki ticaret ve yat\u0131r\u0131m ko\u015fullar\u0131n\u0131n s\u00fcrekli iyile\u015fti\u011fini s\u00f6yledi. Ayr\u0131ca, T\u00fcrk i\u015f d\u00fcnyas\u0131n\u0131n Suriye toprak b\u00fct\u00fcnl\u00fc\u011f\u00fcne \u00f6ncelik veren yakla\u015f\u0131m\u0131 tamamen destekledi\u011fini belirtti.<\/p>\n","protected":false},"excerpt":{"rendered":"<p>ANKARA (SANA) &#8211; T\u00fcrkiye Odalar ve Borsalar Birli\u011fi (TOBB)\u00a0 Ba\u015fkan\u0131 Rifat H\u0131sarc\u0131kl\u0131o\u011flu, Suriye\u2019de h\u0131zl\u0131 ekonomik iyile\u015fmenin, \u00fclkedeki g\u00fcvenlik ve istikrar\u0131n g\u00fc\u00e7lendirilmesi a\u00e7\u0131s\u0131ndan b\u00fcy\u00fck \u00f6nem ta\u015f\u0131d\u0131\u011f\u0131n\u0131 vurgulayarak, T\u00fcrkiye\u2019nin, Suriye\u2019de ticaret odalar\u0131 sistemini kurmak veya geli\u015ftirmek konusunda haz\u0131r oldu\u011funu belirtti. Anadolu Ajans\u0131\u2019n\u0131n aktard\u0131\u011f\u0131na g\u00f6re, Hisarc\u0131kl\u0131o\u011flu bug\u00fcn Ankara\u2019da ger\u00e7ekle\u015ftirilen \u201cT\u00fcrk-Suriye Yuvarlak Masa Toplant\u0131s\u0131\u201dnda yapt\u0131\u011f\u0131 konu\u015fmada, T\u00fcrk \u015firketlerinin Suriye\u2019de &hellip;<\/p>\n","protected":false},"author":41,"featured_media":327159,"comment_status":"closed","ping_status":"closed","sticky":false,"template":"","format":"standard","meta":{"footnotes":""},"categories":[589,17988,2554,2555],"tags":[],"class_list":["post-327158","post","type-post","status-publish","format-standard","has-post-thumbnail","","category-haber-seridi","category-son-haberler","category-suriye-ve-dunya","category-suriye-ve-turkiye"],"_links":{"self":[{"href":"https:\/\/archive.sana.sy\/tr\/index.php?rest_route=\/wp\/v2\/posts\/327158","targetHints":{"allow":["GET"]}}],"collection":[{"href":"https:\/\/archive.sana.sy\/tr\/index.php?rest_route=\/wp\/v2\/posts"}],"about":[{"href":"https:\/\/archive.sana.sy\/tr\/index.php?rest_route=\/wp\/v2\/types\/post"}],"author":[{"embeddable":true,"href":"https:\/\/archive.sana.sy\/tr\/index.php?rest_route=\/wp\/v2\/users\/41"}],"replies":[{"embeddable":true,"href":"https:\/\/archive.sana.sy\/tr\/index.php?rest_route=%2Fwp%2Fv2%2Fcomments&post=327158"}],"version-history":[{"count":3,"href":"https:\/\/archive.sana.sy\/tr\/index.php?rest_route=\/wp\/v2\/posts\/327158\/revisions"}],"predecessor-version":[{"id":327162,"href":"https:\/\/archive.sana.sy\/tr\/index.php?rest_route=\/wp\/v2\/posts\/327158\/revisions\/327162"}],"wp:featuredmedia":[{"embeddable":true,"href":"https:\/\/archive.sana.sy\/tr\/index.php?rest_route=\/wp\/v2\/media\/327159"}],"wp:attachment":[{"href":"https:\/\/archive.sana.sy\/tr\/index.php?rest_route=%2Fwp%2Fv2%2Fmedia&parent=327158"}],"wp:term":[{"taxonomy":"category","embeddable":true,"href":"https:\/\/archive.sana.sy\/tr\/index.php?rest_route=%2Fwp%2Fv2%2Fcategories&post=327158"},{"taxonomy":"post_tag","embeddable":true,"href":"https:\/\/archive.sana.sy\/tr\/index.php?rest_route=%2Fwp%2Fv2%2Ftags&post=327158"}],"curies":[{"name":"wp","href":"https:\/\/api.w.org\/{rel}","templated":true}]}}