{"id":327163,"date":"2025-08-05T18:14:58","date_gmt":"2025-08-05T15:14:58","guid":{"rendered":"https:\/\/sana.sy\/tr\/?p=327163"},"modified":"2025-08-07T08:19:40","modified_gmt":"2025-08-07T05:19:40","slug":"cumhurbaskani-el-sara-ingiliz-ulusal-guvenlik-danismanini-kabul-etti","status":"publish","type":"post","link":"https:\/\/archive.sana.sy\/tr\/?p=327163","title":{"rendered":"Cumhurba\u015fkan\u0131 El \u015eara, \u0130ngiliz Ulusal G\u00fcvenlik Dan\u0131\u015fman\u0131n\u0131 Kabul Etti"},"content":{"rendered":"<p style=\"text-align: justify;\"><span style=\"color: #ff0000;\"><strong>\u015eAM (SANA)<\/strong> <\/span>&#8211; Suriye Arap Cumhuriyeti Cumhurba\u015fkan\u0131 Say\u0131n Ahmed El \u015eara, D\u0131\u015fi\u015fleri ve Gurbet\u00e7iler Bakan\u0131 Say\u0131n Asaad Hasan El \u015eeybani ve Genel \u0130stihbarat Ba\u015fkan\u0131 Say\u0131n H\u00fcseyin El Selama&#8217;n\u0131n da kat\u0131l\u0131m\u0131yla \u015eam&#8217;da \u0130ngiliz Ulusal G\u00fcvenlik Dan\u0131\u015fman\u0131 Say\u0131n Jonathan Powell&#8217;\u0131 kabul etti.<\/p>\n<p style=\"text-align: justify;\">\u0130ki taraf, ikili ili\u015fkileri g\u00fc\u00e7lendirmenin yollar\u0131n\u0131 ve mevcut b\u00f6lgesel ve uluslararas\u0131 durumu ele ald\u0131.<\/p>\n<p style=\"text-align: justify;\">G\u00f6r\u00fc\u015fmede Cumhurba\u015fkan\u0131, Suriye&#8217;nin, egemenli\u011fine ve ba\u011f\u0131ms\u0131z ulusal karar alma s\u00fcre\u00e7lerine sayg\u0131 duyulmas\u0131 ko\u015fuluyla, b\u00f6lgenin g\u00fcvenli\u011fini ve istikrar\u0131n\u0131 destekleyen her t\u00fcrl\u00fc samimi giri\u015fime a\u00e7\u0131k oldu\u011funu teyit etti.<\/p>\n<div id='gallery-1' class='gallery galleryid-327163 gallery-columns-1 gallery-size-full'><figure class='gallery-item'>\n\t\t\t<div class='gallery-icon landscape'>\n\t\t\t\t<a href='https:\/\/archive.sana.sy\/tr\/?attachment_id=327165'><img loading=\"lazy\" decoding=\"async\" width=\"2560\" height=\"1436\" src=\"https:\/\/archive.sana.sy\/tr\/wp-content\/uploads\/2025\/08\/photo_2025-08-05_17-51-48.jpg\" class=\"attachment-full size-full\" alt=\"\" srcset=\"https:\/\/archive.sana.sy\/tr\/wp-content\/uploads\/2025\/08\/photo_2025-08-05_17-51-48.jpg 2560w, https:\/\/archive.sana.sy\/tr\/wp-content\/uploads\/2025\/08\/photo_2025-08-05_17-51-48-300x168.jpg 300w, https:\/\/archive.sana.sy\/tr\/wp-content\/uploads\/2025\/08\/photo_2025-08-05_17-51-48-1024x574.jpg 1024w, https:\/\/archive.sana.sy\/tr\/wp-content\/uploads\/2025\/08\/photo_2025-08-05_17-51-48-768x431.jpg 768w, https:\/\/archive.sana.sy\/tr\/wp-content\/uploads\/2025\/08\/photo_2025-08-05_17-51-48-1536x862.jpg 1536w, https:\/\/archive.sana.sy\/tr\/wp-content\/uploads\/2025\/08\/photo_2025-08-05_17-51-48-2048x1149.jpg 2048w\" sizes=\"auto, (max-width: 2560px) 100vw, 2560px\" \/><\/a>\n\t\t\t<\/div><\/figure><figure class='gallery-item'>\n\t\t\t<div class='gallery-icon landscape'>\n\t\t\t\t<a href='https:\/\/archive.sana.sy\/tr\/?attachment_id=327166'><img loading=\"lazy\" decoding=\"async\" width=\"2560\" height=\"1438\" src=\"https:\/\/archive.sana.sy\/tr\/wp-content\/uploads\/2025\/08\/photo_2025-08-05_17-51-51.jpg\" class=\"attachment-full size-full\" alt=\"\" srcset=\"https:\/\/archive.sana.sy\/tr\/wp-content\/uploads\/2025\/08\/photo_2025-08-05_17-51-51.jpg 2560w, https:\/\/archive.sana.sy\/tr\/wp-content\/uploads\/2025\/08\/photo_2025-08-05_17-51-51-300x169.jpg 300w, https:\/\/archive.sana.sy\/tr\/wp-content\/uploads\/2025\/08\/photo_2025-08-05_17-51-51-1024x575.jpg 1024w, https:\/\/archive.sana.sy\/tr\/wp-content\/uploads\/2025\/08\/photo_2025-08-05_17-51-51-768x431.jpg 768w, https:\/\/archive.sana.sy\/tr\/wp-content\/uploads\/2025\/08\/photo_2025-08-05_17-51-51-1536x863.jpg 1536w, https:\/\/archive.sana.sy\/tr\/wp-content\/uploads\/2025\/08\/photo_2025-08-05_17-51-51-2048x1150.jpg 2048w\" sizes=\"auto, (max-width: 2560px) 100vw, 2560px\" \/><\/a>\n\t\t\t<\/div><\/figure>\n\t\t<\/div>\n\n","protected":false},"excerpt":{"rendered":"<p>\u015eAM (SANA) &#8211; Suriye Arap Cumhuriyeti Cumhurba\u015fkan\u0131 Say\u0131n Ahmed El \u015eara, D\u0131\u015fi\u015fleri ve Gurbet\u00e7iler Bakan\u0131 Say\u0131n Asaad Hasan El \u015eeybani ve Genel \u0130stihbarat Ba\u015fkan\u0131 Say\u0131n H\u00fcseyin El Selama&#8217;n\u0131n da kat\u0131l\u0131m\u0131yla \u015eam&#8217;da \u0130ngiliz Ulusal G\u00fcvenlik Dan\u0131\u015fman\u0131 Say\u0131n Jonathan Powell&#8217;\u0131 kabul etti. \u0130ki taraf, ikili ili\u015fkileri g\u00fc\u00e7lendirmenin yollar\u0131n\u0131 ve mevcut b\u00f6lgesel ve uluslararas\u0131 durumu ele ald\u0131. G\u00f6r\u00fc\u015fmede &hellip;<\/p>\n","protected":false},"author":41,"featured_media":327164,"comment_status":"closed","ping_status":"closed","sticky":false,"template":"","format":"standard","meta":{"footnotes":""},"categories":[606,605],"tags":[],"class_list":["post-327163","post","type-post","status-publish","format-standard","has-post-thumbnail","","category-cumhurbaskani","category-sayin-cumhurbaskani"],"_links":{"self":[{"href":"https:\/\/archive.sana.sy\/tr\/index.php?rest_route=\/wp\/v2\/posts\/327163","targetHints":{"allow":["GET"]}}],"collection":[{"href":"https:\/\/archive.sana.sy\/tr\/index.php?rest_route=\/wp\/v2\/posts"}],"about":[{"href":"https:\/\/archive.sana.sy\/tr\/index.php?rest_route=\/wp\/v2\/types\/post"}],"author":[{"embeddable":true,"href":"https:\/\/archive.sana.sy\/tr\/index.php?rest_route=\/wp\/v2\/users\/41"}],"replies":[{"embeddable":true,"href":"https:\/\/archive.sana.sy\/tr\/index.php?rest_route=%2Fwp%2Fv2%2Fcomments&post=327163"}],"version-history":[{"count":1,"href":"https:\/\/archive.sana.sy\/tr\/index.php?rest_route=\/wp\/v2\/posts\/327163\/revisions"}],"predecessor-version":[{"id":327167,"href":"https:\/\/archive.sana.sy\/tr\/index.php?rest_route=\/wp\/v2\/posts\/327163\/revisions\/327167"}],"wp:featuredmedia":[{"embeddable":true,"href":"https:\/\/archive.sana.sy\/tr\/index.php?rest_route=\/wp\/v2\/media\/327164"}],"wp:attachment":[{"href":"https:\/\/archive.sana.sy\/tr\/index.php?rest_route=%2Fwp%2Fv2%2Fmedia&parent=327163"}],"wp:term":[{"taxonomy":"category","embeddable":true,"href":"https:\/\/archive.sana.sy\/tr\/index.php?rest_route=%2Fwp%2Fv2%2Fcategories&post=327163"},{"taxonomy":"post_tag","embeddable":true,"href":"https:\/\/archive.sana.sy\/tr\/index.php?rest_route=%2Fwp%2Fv2%2Ftags&post=327163"}],"curies":[{"name":"wp","href":"https:\/\/api.w.org\/{rel}","templated":true}]}}