{"id":327168,"date":"2025-08-05T19:25:50","date_gmt":"2025-08-05T16:25:50","guid":{"rendered":"https:\/\/sana.sy\/tr\/?p=327168"},"modified":"2025-08-05T21:38:02","modified_gmt":"2025-08-05T18:38:02","slug":"suriye-ile-turkiye-arasinda-iki-ulke-arasindaki-ortak-projeleri-desteklemek-uzere-isbirligi-anlasmasi-imzalandi","status":"publish","type":"post","link":"https:\/\/archive.sana.sy\/tr\/?p=327168","title":{"rendered":"Suriye \u0130le T\u00fcrkiye Aras\u0131nda, \u0130ki \u00dclke Aras\u0131ndaki Ortak Projeleri Desteklemek \u00dczere \u0130\u015fbirli\u011fi Anla\u015fmas\u0131 \u0130mzaland\u0131"},"content":{"rendered":"<p style=\"text-align: justify;\"><span style=\"color: #ff0000;\"><strong>ANKARA (SANA) &#8211;<\/strong><\/span> Ekonomi ve Sanayi Bakan\u0131 Muhammed Nidal El \u015eaar ve T\u00fcrkiye Sanayi ve Teknoloji Bakan\u0131 Mehmet Fatih Kac\u0131r, iki \u00fclke aras\u0131ndaki ortak projeleri desteklemek ve end\u00fcstriyel kalk\u0131nma ve modern teknoloji alanlar\u0131nda uzmanl\u0131k al\u0131\u015fveri\u015finde bulunmak \u00fczere bir i\u015f birli\u011fi anla\u015fmas\u0131 imzalad\u0131.<\/p>\n<div id='gallery-1' class='gallery galleryid-327168 gallery-columns-1 gallery-size-full'><figure class='gallery-item'>\n\t\t\t<div class='gallery-icon landscape'>\n\t\t\t\t<a href='https:\/\/archive.sana.sy\/tr\/?attachment_id=327170'><img loading=\"lazy\" decoding=\"async\" width=\"1280\" height=\"853\" src=\"https:\/\/archive.sana.sy\/tr\/wp-content\/uploads\/2025\/08\/photo_2025-08-05_17-47-05-2.jpg\" class=\"attachment-full size-full\" alt=\"\" srcset=\"https:\/\/archive.sana.sy\/tr\/wp-content\/uploads\/2025\/08\/photo_2025-08-05_17-47-05-2.jpg 1280w, https:\/\/archive.sana.sy\/tr\/wp-content\/uploads\/2025\/08\/photo_2025-08-05_17-47-05-2-300x200.jpg 300w, https:\/\/archive.sana.sy\/tr\/wp-content\/uploads\/2025\/08\/photo_2025-08-05_17-47-05-2-1024x682.jpg 1024w, https:\/\/archive.sana.sy\/tr\/wp-content\/uploads\/2025\/08\/photo_2025-08-05_17-47-05-2-768x512.jpg 768w\" sizes=\"auto, (max-width: 1280px) 100vw, 1280px\" \/><\/a>\n\t\t\t<\/div><\/figure><figure class='gallery-item'>\n\t\t\t<div class='gallery-icon landscape'>\n\t\t\t\t<a href='https:\/\/archive.sana.sy\/tr\/?attachment_id=327171'><img loading=\"lazy\" decoding=\"async\" width=\"1280\" height=\"853\" src=\"https:\/\/archive.sana.sy\/tr\/wp-content\/uploads\/2025\/08\/photo_2025-08-05_17-47-05-3.jpg\" class=\"attachment-full size-full\" alt=\"\" srcset=\"https:\/\/archive.sana.sy\/tr\/wp-content\/uploads\/2025\/08\/photo_2025-08-05_17-47-05-3.jpg 1280w, https:\/\/archive.sana.sy\/tr\/wp-content\/uploads\/2025\/08\/photo_2025-08-05_17-47-05-3-300x200.jpg 300w, https:\/\/archive.sana.sy\/tr\/wp-content\/uploads\/2025\/08\/photo_2025-08-05_17-47-05-3-1024x682.jpg 1024w, https:\/\/archive.sana.sy\/tr\/wp-content\/uploads\/2025\/08\/photo_2025-08-05_17-47-05-3-768x512.jpg 768w\" sizes=\"auto, (max-width: 1280px) 100vw, 1280px\" \/><\/a>\n\t\t\t<\/div><\/figure>\n\t\t<\/div>\n\n","protected":false},"excerpt":{"rendered":"<p>ANKARA (SANA) &#8211; Ekonomi ve Sanayi Bakan\u0131 Muhammed Nidal El \u015eaar ve T\u00fcrkiye Sanayi ve Teknoloji Bakan\u0131 Mehmet Fatih Kac\u0131r, iki \u00fclke aras\u0131ndaki ortak projeleri desteklemek ve end\u00fcstriyel kalk\u0131nma ve modern teknoloji alanlar\u0131nda uzmanl\u0131k al\u0131\u015fveri\u015finde bulunmak \u00fczere bir i\u015f birli\u011fi anla\u015fmas\u0131 imzalad\u0131.<\/p>\n","protected":false},"author":41,"featured_media":327169,"comment_status":"closed","ping_status":"closed","sticky":false,"template":"","format":"standard","meta":{"footnotes":""},"categories":[589,17988,2554,2555],"tags":[],"class_list":["post-327168","post","type-post","status-publish","format-standard","has-post-thumbnail","","category-haber-seridi","category-son-haberler","category-suriye-ve-dunya","category-suriye-ve-turkiye"],"_links":{"self":[{"href":"https:\/\/archive.sana.sy\/tr\/index.php?rest_route=\/wp\/v2\/posts\/327168","targetHints":{"allow":["GET"]}}],"collection":[{"href":"https:\/\/archive.sana.sy\/tr\/index.php?rest_route=\/wp\/v2\/posts"}],"about":[{"href":"https:\/\/archive.sana.sy\/tr\/index.php?rest_route=\/wp\/v2\/types\/post"}],"author":[{"embeddable":true,"href":"https:\/\/archive.sana.sy\/tr\/index.php?rest_route=\/wp\/v2\/users\/41"}],"replies":[{"embeddable":true,"href":"https:\/\/archive.sana.sy\/tr\/index.php?rest_route=%2Fwp%2Fv2%2Fcomments&post=327168"}],"version-history":[{"count":2,"href":"https:\/\/archive.sana.sy\/tr\/index.php?rest_route=\/wp\/v2\/posts\/327168\/revisions"}],"predecessor-version":[{"id":327183,"href":"https:\/\/archive.sana.sy\/tr\/index.php?rest_route=\/wp\/v2\/posts\/327168\/revisions\/327183"}],"wp:featuredmedia":[{"embeddable":true,"href":"https:\/\/archive.sana.sy\/tr\/index.php?rest_route=\/wp\/v2\/media\/327169"}],"wp:attachment":[{"href":"https:\/\/archive.sana.sy\/tr\/index.php?rest_route=%2Fwp%2Fv2%2Fmedia&parent=327168"}],"wp:term":[{"taxonomy":"category","embeddable":true,"href":"https:\/\/archive.sana.sy\/tr\/index.php?rest_route=%2Fwp%2Fv2%2Fcategories&post=327168"},{"taxonomy":"post_tag","embeddable":true,"href":"https:\/\/archive.sana.sy\/tr\/index.php?rest_route=%2Fwp%2Fv2%2Ftags&post=327168"}],"curies":[{"name":"wp","href":"https:\/\/api.w.org\/{rel}","templated":true}]}}