{"id":327173,"date":"2025-08-05T19:31:45","date_gmt":"2025-08-05T16:31:45","guid":{"rendered":"https:\/\/sana.sy\/tr\/?p=327173"},"modified":"2025-08-05T19:31:45","modified_gmt":"2025-08-05T16:31:45","slug":"ingiltere-suriyedeki-85-000den-fazla-kisiye-acil-yardim-paketi-gonderdigini-duyurdu","status":"publish","type":"post","link":"https:\/\/archive.sana.sy\/tr\/?p=327173","title":{"rendered":"\u0130ngiltere, Suriye&#8217;deki 85.000&#8217;den Fazla Ki\u015fiye Acil Yard\u0131m Paketi G\u00f6nderdi\u011fini Duyurdu"},"content":{"rendered":"<p style=\"text-align: justify;\"><span style=\"color: #ff0000;\"><strong>\u015eAM (SANA) &#8211;<\/strong><\/span>\u00a0 \u0130ngiliz h\u00fck\u00fcmeti bug\u00fcn, Suriye&#8217;deki 85.000&#8217;den fazla ki\u015fiye insani ihtiya\u00e7lar\u0131 kar\u015f\u0131lamak \u00fczere bir insani yard\u0131m paketi g\u00f6nderildi\u011fini duyurdu.<\/p>\n<p style=\"text-align: justify;\">\u0130ngiliz h\u00fck\u00fcmeti, web sitesinde yapt\u0131\u011f\u0131 a\u00e7\u0131klamada, &#8220;Yard\u0131m paketi, yerinden edilmi\u015f ki\u015filere g\u0131da, temiz su ve temel sa\u011fl\u0131k hizmetlerinin yan\u0131 s\u0131ra S\u00fcveyda, Dera ve \u015eam k\u0131rsal\u0131nda hijyen ve sanitasyon malzemeleri de dahil olmak \u00fczere t\u0131bbi ve insani destek i\u00e7eriyor.&#8221; ifadelerini kulland\u0131.<\/p>\n<p style=\"text-align: justify;\">H\u00fck\u00fcmet ayr\u0131ca, yard\u0131m\u0131n acil sa\u011fl\u0131k hizmeti sunmak \u00fczere mobil sa\u011fl\u0131k ekiplerinin g\u00f6nderilmesini ve sa\u011fl\u0131k merkezlerine ila\u00e7 ve acil bak\u0131m ekipman\u0131 da\u011f\u0131t\u0131lmas\u0131n\u0131 i\u00e7erdi\u011fini a\u00e7\u0131klayarak, bu yard\u0131m\u0131n de\u011ferinin 1,7 milyon sterlin oldu\u011funu ve Birle\u015fmi\u015f Milletler N\u00fcfus Fonu, Uluslararas\u0131 T\u0131bbi Yard\u0131m \u00d6rg\u00fct\u00fc ve Suriye Destek Fonu ile i\u015f birli\u011fi i\u00e7inde yerel Suriye kurulu\u015flar\u0131yla ortakl\u0131klar yoluyla uygulanaca\u011f\u0131n\u0131 belirtti.<\/p>\n<p style=\"text-align: justify;\">\u0130ngiliz h\u00fck\u00fcmeti, b\u00f6lgesel ve k\u00fcresel g\u00fcvenli\u011fi sa\u011flama taahh\u00fcd\u00fcn\u00fc yineleyerek, yard\u0131m\u0131n hak edenlere ula\u015fmas\u0131n\u0131 sa\u011flamak i\u00e7in \u00f6nlemler al\u0131nmas\u0131 gerekti\u011fini vurgulad\u0131.<\/p>\n","protected":false},"excerpt":{"rendered":"<p>\u015eAM (SANA) &#8211;\u00a0 \u0130ngiliz h\u00fck\u00fcmeti bug\u00fcn, Suriye&#8217;deki 85.000&#8217;den fazla ki\u015fiye insani ihtiya\u00e7lar\u0131 kar\u015f\u0131lamak \u00fczere bir insani yard\u0131m paketi g\u00f6nderildi\u011fini duyurdu. \u0130ngiliz h\u00fck\u00fcmeti, web sitesinde yapt\u0131\u011f\u0131 a\u00e7\u0131klamada, &#8220;Yard\u0131m paketi, yerinden edilmi\u015f ki\u015filere g\u0131da, temiz su ve temel sa\u011fl\u0131k hizmetlerinin yan\u0131 s\u0131ra S\u00fcveyda, Dera ve \u015eam k\u0131rsal\u0131nda hijyen ve sanitasyon malzemeleri de dahil olmak \u00fczere t\u0131bbi ve &hellip;<\/p>\n","protected":false},"author":41,"featured_media":327174,"comment_status":"closed","ping_status":"closed","sticky":false,"template":"","format":"standard","meta":{"footnotes":""},"categories":[458,589,459,17988],"tags":[],"class_list":["post-327173","post","type-post","status-publish","format-standard","has-post-thumbnail","","category-dunya1","category-haber-seridi","category-haberler-arap-uluslararasi-politika","category-son-haberler"],"_links":{"self":[{"href":"https:\/\/archive.sana.sy\/tr\/index.php?rest_route=\/wp\/v2\/posts\/327173","targetHints":{"allow":["GET"]}}],"collection":[{"href":"https:\/\/archive.sana.sy\/tr\/index.php?rest_route=\/wp\/v2\/posts"}],"about":[{"href":"https:\/\/archive.sana.sy\/tr\/index.php?rest_route=\/wp\/v2\/types\/post"}],"author":[{"embeddable":true,"href":"https:\/\/archive.sana.sy\/tr\/index.php?rest_route=\/wp\/v2\/users\/41"}],"replies":[{"embeddable":true,"href":"https:\/\/archive.sana.sy\/tr\/index.php?rest_route=%2Fwp%2Fv2%2Fcomments&post=327173"}],"version-history":[{"count":1,"href":"https:\/\/archive.sana.sy\/tr\/index.php?rest_route=\/wp\/v2\/posts\/327173\/revisions"}],"predecessor-version":[{"id":327175,"href":"https:\/\/archive.sana.sy\/tr\/index.php?rest_route=\/wp\/v2\/posts\/327173\/revisions\/327175"}],"wp:featuredmedia":[{"embeddable":true,"href":"https:\/\/archive.sana.sy\/tr\/index.php?rest_route=\/wp\/v2\/media\/327174"}],"wp:attachment":[{"href":"https:\/\/archive.sana.sy\/tr\/index.php?rest_route=%2Fwp%2Fv2%2Fmedia&parent=327173"}],"wp:term":[{"taxonomy":"category","embeddable":true,"href":"https:\/\/archive.sana.sy\/tr\/index.php?rest_route=%2Fwp%2Fv2%2Fcategories&post=327173"},{"taxonomy":"post_tag","embeddable":true,"href":"https:\/\/archive.sana.sy\/tr\/index.php?rest_route=%2Fwp%2Fv2%2Ftags&post=327173"}],"curies":[{"name":"wp","href":"https:\/\/api.w.org\/{rel}","templated":true}]}}