{"id":327176,"date":"2025-08-05T21:25:37","date_gmt":"2025-08-05T18:25:37","guid":{"rendered":"https:\/\/sana.sy\/tr\/?p=327176"},"modified":"2025-08-05T21:25:37","modified_gmt":"2025-08-05T18:25:37","slug":"samda-37-yerli-ve-uluslararasi-sirketin-katilimiyla-motorex-expo-2025-basladi","status":"publish","type":"post","link":"https:\/\/archive.sana.sy\/tr\/?p=327176","title":{"rendered":"\u015eam&#8217;da 37 Yerli ve Uluslararas\u0131 \u015eirketin Kat\u0131l\u0131m\u0131yla \u201cMotorex Expo 2025\u201d Ba\u015flad\u0131"},"content":{"rendered":"<p style=\"text-align: justify;\"><span style=\"color: #ff0000;\"><strong>\u015eAM(SANA) &#8211;<\/strong><\/span> Otomobil, ara\u00e7, motosiklet ve ilgili ekipmanlara y\u00f6nelik \u201cMotorex Expo 2025\u201d fuar\u0131, bug\u00fcn \u015eam Fuar Alan\u0131\u2019nda ba\u015flad\u0131. Etkinlik, 37&#8217;den fazla yerli, Arap ve uluslararas\u0131 \u015firketin kat\u0131l\u0131m\u0131yla ger\u00e7ekle\u015ftiriliyor.<\/p>\n<div id='gallery-1' class='gallery galleryid-327176 gallery-columns-1 gallery-size-full'><figure class='gallery-item'>\n\t\t\t<div class='gallery-icon landscape'>\n\t\t\t\t<a href='https:\/\/archive.sana.sy\/tr\/?attachment_id=327178'><img loading=\"lazy\" decoding=\"async\" width=\"1280\" height=\"844\" src=\"https:\/\/archive.sana.sy\/tr\/wp-content\/uploads\/2025\/08\/photo_1_2025-08-05_19-42-11.jpg\" class=\"attachment-full size-full\" alt=\"\" srcset=\"https:\/\/archive.sana.sy\/tr\/wp-content\/uploads\/2025\/08\/photo_1_2025-08-05_19-42-11.jpg 1280w, https:\/\/archive.sana.sy\/tr\/wp-content\/uploads\/2025\/08\/photo_1_2025-08-05_19-42-11-300x198.jpg 300w, https:\/\/archive.sana.sy\/tr\/wp-content\/uploads\/2025\/08\/photo_1_2025-08-05_19-42-11-1024x675.jpg 1024w, https:\/\/archive.sana.sy\/tr\/wp-content\/uploads\/2025\/08\/photo_1_2025-08-05_19-42-11-768x506.jpg 768w, https:\/\/archive.sana.sy\/tr\/wp-content\/uploads\/2025\/08\/photo_1_2025-08-05_19-42-11-310x205.jpg 310w\" sizes=\"auto, (max-width: 1280px) 100vw, 1280px\" \/><\/a>\n\t\t\t<\/div><\/figure><figure class='gallery-item'>\n\t\t\t<div class='gallery-icon landscape'>\n\t\t\t\t<a href='https:\/\/archive.sana.sy\/tr\/?attachment_id=327179'><img loading=\"lazy\" decoding=\"async\" width=\"1280\" height=\"748\" src=\"https:\/\/archive.sana.sy\/tr\/wp-content\/uploads\/2025\/08\/photo_2_2025-08-05_19-42-11.jpg\" class=\"attachment-full size-full\" alt=\"\" srcset=\"https:\/\/archive.sana.sy\/tr\/wp-content\/uploads\/2025\/08\/photo_2_2025-08-05_19-42-11.jpg 1280w, https:\/\/archive.sana.sy\/tr\/wp-content\/uploads\/2025\/08\/photo_2_2025-08-05_19-42-11-300x175.jpg 300w, https:\/\/archive.sana.sy\/tr\/wp-content\/uploads\/2025\/08\/photo_2_2025-08-05_19-42-11-1024x598.jpg 1024w, https:\/\/archive.sana.sy\/tr\/wp-content\/uploads\/2025\/08\/photo_2_2025-08-05_19-42-11-768x449.jpg 768w\" sizes=\"auto, (max-width: 1280px) 100vw, 1280px\" \/><\/a>\n\t\t\t<\/div><\/figure><figure class='gallery-item'>\n\t\t\t<div class='gallery-icon landscape'>\n\t\t\t\t<a href='https:\/\/archive.sana.sy\/tr\/?attachment_id=327180'><img loading=\"lazy\" decoding=\"async\" width=\"1280\" height=\"748\" src=\"https:\/\/archive.sana.sy\/tr\/wp-content\/uploads\/2025\/08\/photo_3_2025-08-05_19-42-11.jpg\" class=\"attachment-full size-full\" alt=\"\" srcset=\"https:\/\/archive.sana.sy\/tr\/wp-content\/uploads\/2025\/08\/photo_3_2025-08-05_19-42-11.jpg 1280w, https:\/\/archive.sana.sy\/tr\/wp-content\/uploads\/2025\/08\/photo_3_2025-08-05_19-42-11-300x175.jpg 300w, https:\/\/archive.sana.sy\/tr\/wp-content\/uploads\/2025\/08\/photo_3_2025-08-05_19-42-11-1024x598.jpg 1024w, https:\/\/archive.sana.sy\/tr\/wp-content\/uploads\/2025\/08\/photo_3_2025-08-05_19-42-11-768x449.jpg 768w\" sizes=\"auto, (max-width: 1280px) 100vw, 1280px\" \/><\/a>\n\t\t\t<\/div><\/figure><figure class='gallery-item'>\n\t\t\t<div class='gallery-icon landscape'>\n\t\t\t\t<a href='https:\/\/archive.sana.sy\/tr\/?attachment_id=327181'><img loading=\"lazy\" decoding=\"async\" width=\"1280\" height=\"853\" src=\"https:\/\/archive.sana.sy\/tr\/wp-content\/uploads\/2025\/08\/photo_4_2025-08-05_19-42-11.jpg\" class=\"attachment-full size-full\" alt=\"\" srcset=\"https:\/\/archive.sana.sy\/tr\/wp-content\/uploads\/2025\/08\/photo_4_2025-08-05_19-42-11.jpg 1280w, https:\/\/archive.sana.sy\/tr\/wp-content\/uploads\/2025\/08\/photo_4_2025-08-05_19-42-11-300x200.jpg 300w, https:\/\/archive.sana.sy\/tr\/wp-content\/uploads\/2025\/08\/photo_4_2025-08-05_19-42-11-1024x682.jpg 1024w, https:\/\/archive.sana.sy\/tr\/wp-content\/uploads\/2025\/08\/photo_4_2025-08-05_19-42-11-768x512.jpg 768w\" sizes=\"auto, (max-width: 1280px) 100vw, 1280px\" \/><\/a>\n\t\t\t<\/div><\/figure>\n\t\t<\/div>\n\n","protected":false},"excerpt":{"rendered":"<p>\u015eAM(SANA) &#8211; Otomobil, ara\u00e7, motosiklet ve ilgili ekipmanlara y\u00f6nelik \u201cMotorex Expo 2025\u201d fuar\u0131, bug\u00fcn \u015eam Fuar Alan\u0131\u2019nda ba\u015flad\u0131. Etkinlik, 37&#8217;den fazla yerli, Arap ve uluslararas\u0131 \u015firketin kat\u0131l\u0131m\u0131yla ger\u00e7ekle\u015ftiriliyor.<\/p>\n","protected":false},"author":41,"featured_media":327177,"comment_status":"closed","ping_status":"closed","sticky":false,"template":"","format":"standard","meta":{"footnotes":""},"categories":[485,486,17988],"tags":[],"class_list":["post-327176","post","type-post","status-publish","format-standard","has-post-thumbnail","","category-is-ve-sermaye","category-haberler-is-ve-sermaye","category-son-haberler"],"_links":{"self":[{"href":"https:\/\/archive.sana.sy\/tr\/index.php?rest_route=\/wp\/v2\/posts\/327176","targetHints":{"allow":["GET"]}}],"collection":[{"href":"https:\/\/archive.sana.sy\/tr\/index.php?rest_route=\/wp\/v2\/posts"}],"about":[{"href":"https:\/\/archive.sana.sy\/tr\/index.php?rest_route=\/wp\/v2\/types\/post"}],"author":[{"embeddable":true,"href":"https:\/\/archive.sana.sy\/tr\/index.php?rest_route=\/wp\/v2\/users\/41"}],"replies":[{"embeddable":true,"href":"https:\/\/archive.sana.sy\/tr\/index.php?rest_route=%2Fwp%2Fv2%2Fcomments&post=327176"}],"version-history":[{"count":1,"href":"https:\/\/archive.sana.sy\/tr\/index.php?rest_route=\/wp\/v2\/posts\/327176\/revisions"}],"predecessor-version":[{"id":327182,"href":"https:\/\/archive.sana.sy\/tr\/index.php?rest_route=\/wp\/v2\/posts\/327176\/revisions\/327182"}],"wp:featuredmedia":[{"embeddable":true,"href":"https:\/\/archive.sana.sy\/tr\/index.php?rest_route=\/wp\/v2\/media\/327177"}],"wp:attachment":[{"href":"https:\/\/archive.sana.sy\/tr\/index.php?rest_route=%2Fwp%2Fv2%2Fmedia&parent=327176"}],"wp:term":[{"taxonomy":"category","embeddable":true,"href":"https:\/\/archive.sana.sy\/tr\/index.php?rest_route=%2Fwp%2Fv2%2Fcategories&post=327176"},{"taxonomy":"post_tag","embeddable":true,"href":"https:\/\/archive.sana.sy\/tr\/index.php?rest_route=%2Fwp%2Fv2%2Ftags&post=327176"}],"curies":[{"name":"wp","href":"https:\/\/api.w.org\/{rel}","templated":true}]}}