{"id":327198,"date":"2025-08-06T10:01:20","date_gmt":"2025-08-06T07:01:20","guid":{"rendered":"https:\/\/sana.sy\/tr\/?p=327198"},"modified":"2025-08-06T15:21:06","modified_gmt":"2025-08-06T12:21:06","slug":"ingiltere-suriye-halkina-destegini-yineledi","status":"publish","type":"post","link":"https:\/\/archive.sana.sy\/tr\/?p=327198","title":{"rendered":"\u0130ngiltere Suriye Halk\u0131na Deste\u011fini Yineledi"},"content":{"rendered":"<p style=\"text-align: justify;\"><strong><span style=\"color: #ff0000;\">LONDRA (SANA) &#8211;<\/span> <\/strong>\u0130ngiltere bug\u00fcn Suriye halk\u0131na deste\u011fini yineledi ve yard\u0131m sa\u011flamaya devam edece\u011fini belirtti.<\/p>\n<p style=\"text-align: justify;\">\u0130ngiltere&#8217;nin Suriye \u00d6zel Temsilcisi Anne Snow, X platformunda yapt\u0131\u011f\u0131 payla\u015f\u0131mda, &#8220;Birle\u015fik Krall\u0131k, Suriye halk\u0131n\u0131n yan\u0131ndad\u0131r ve yan\u0131nda olmaya devam edecektir&#8221; dedi.<\/p>\n<p style=\"text-align: justify;\">Snow ayr\u0131ca \u015funlar\u0131 ekledi: &#8220;Suriye Cumhurba\u015fkan\u0131 Ahmed El \u015eara ve D\u0131\u015fi\u015fleri Bakan\u0131 Esad El \u015eeyabani ile b\u00f6lgesel durum ve Suriye&#8217;deki ge\u00e7i\u015f s\u00fcreci hakk\u0131nda g\u00f6r\u00fc\u015fmek \u00fczere \u015eam&#8217;a d\u00f6nd\u00fcm.&#8221;<\/p>\n<p style=\"text-align: justify;\">Suriye Cumhurba\u015fkan\u0131 Ahmed El \u015eara, d\u00fcn \u015eam&#8217;da \u0130ngiliz Ulusal G\u00fcvenlik Dan\u0131\u015fman\u0131 Jonathan Powell ile bir araya gelerek ikili ili\u015fkilerin g\u00fc\u00e7lendirilmesinin yollar\u0131n\u0131 ve mevcut b\u00f6lgesel ve uluslararas\u0131 durumu ele ald\u0131.<\/p>\n<p style=\"text-align: justify;\">Cumhurba\u015fkan\u0131, Suriye&#8217;nin, egemenli\u011fine ve ba\u011f\u0131ms\u0131z ulusal kararlar\u0131na sayg\u0131 duyulmas\u0131 kayd\u0131yla b\u00f6lgenin g\u00fcvenlik ve istikrar\u0131n\u0131 destekleyen her t\u00fcrl\u00fc samimi giri\u015fime a\u00e7\u0131k oldu\u011funu da vurgulad\u0131.<\/p>\n","protected":false},"excerpt":{"rendered":"<p>LONDRA (SANA) &#8211; \u0130ngiltere bug\u00fcn Suriye halk\u0131na deste\u011fini yineledi ve yard\u0131m sa\u011flamaya devam edece\u011fini belirtti. \u0130ngiltere&#8217;nin Suriye \u00d6zel Temsilcisi Anne Snow, X platformunda yapt\u0131\u011f\u0131 payla\u015f\u0131mda, &#8220;Birle\u015fik Krall\u0131k, Suriye halk\u0131n\u0131n yan\u0131ndad\u0131r ve yan\u0131nda olmaya devam edecektir&#8221; dedi. Snow ayr\u0131ca \u015funlar\u0131 ekledi: &#8220;Suriye Cumhurba\u015fkan\u0131 Ahmed El \u015eara ve D\u0131\u015fi\u015fleri Bakan\u0131 Esad El \u015eeyabani ile b\u00f6lgesel durum ve &hellip;<\/p>\n","protected":false},"author":36,"featured_media":327199,"comment_status":"closed","ping_status":"closed","sticky":false,"template":"","format":"standard","meta":{"footnotes":""},"categories":[458,589,459,17988],"tags":[],"class_list":["post-327198","post","type-post","status-publish","format-standard","has-post-thumbnail","","category-dunya1","category-haber-seridi","category-haberler-arap-uluslararasi-politika","category-son-haberler"],"_links":{"self":[{"href":"https:\/\/archive.sana.sy\/tr\/index.php?rest_route=\/wp\/v2\/posts\/327198","targetHints":{"allow":["GET"]}}],"collection":[{"href":"https:\/\/archive.sana.sy\/tr\/index.php?rest_route=\/wp\/v2\/posts"}],"about":[{"href":"https:\/\/archive.sana.sy\/tr\/index.php?rest_route=\/wp\/v2\/types\/post"}],"author":[{"embeddable":true,"href":"https:\/\/archive.sana.sy\/tr\/index.php?rest_route=\/wp\/v2\/users\/36"}],"replies":[{"embeddable":true,"href":"https:\/\/archive.sana.sy\/tr\/index.php?rest_route=%2Fwp%2Fv2%2Fcomments&post=327198"}],"version-history":[{"count":2,"href":"https:\/\/archive.sana.sy\/tr\/index.php?rest_route=\/wp\/v2\/posts\/327198\/revisions"}],"predecessor-version":[{"id":327232,"href":"https:\/\/archive.sana.sy\/tr\/index.php?rest_route=\/wp\/v2\/posts\/327198\/revisions\/327232"}],"wp:featuredmedia":[{"embeddable":true,"href":"https:\/\/archive.sana.sy\/tr\/index.php?rest_route=\/wp\/v2\/media\/327199"}],"wp:attachment":[{"href":"https:\/\/archive.sana.sy\/tr\/index.php?rest_route=%2Fwp%2Fv2%2Fmedia&parent=327198"}],"wp:term":[{"taxonomy":"category","embeddable":true,"href":"https:\/\/archive.sana.sy\/tr\/index.php?rest_route=%2Fwp%2Fv2%2Fcategories&post=327198"},{"taxonomy":"post_tag","embeddable":true,"href":"https:\/\/archive.sana.sy\/tr\/index.php?rest_route=%2Fwp%2Fv2%2Ftags&post=327198"}],"curies":[{"name":"wp","href":"https:\/\/api.w.org\/{rel}","templated":true}]}}