{"id":327206,"date":"2025-08-06T12:06:00","date_gmt":"2025-08-06T09:06:00","guid":{"rendered":"https:\/\/sana.sy\/tr\/?p=327206"},"modified":"2025-08-06T12:06:00","modified_gmt":"2025-08-06T09:06:00","slug":"sam-kirsalinda-kontrol-ve-teftis-uzmanlik-enstitusunun-acildi","status":"publish","type":"post","link":"https:\/\/archive.sana.sy\/tr\/?p=327206","title":{"rendered":"\u015eam K\u0131rsal\u0131nda Kontrol ve Tefti\u015f Uzmanl\u0131k Enstit\u00fcs\u00fc&#8217;n\u00fcn A\u00e7\u0131ld\u0131"},"content":{"rendered":"<p style=\"text-align: justify;\"><strong><span style=\"color: #ff0000;\">\u015eAM (SANA) &#8211;<\/span> <\/strong>Y\u00fcksek\u00f6\u011fretim ve Bilimsel Ara\u015ft\u0131rma Bakan\u0131 Dr. Mervan El Halabi ve Genel Kontrol ve Tefti\u015f Kurumu Ba\u015fkan\u0131 M\u00fchendis Amir E -Ali, bug\u00fcn \u015eam k\u0131rsal\u0131ndaki Kudsaya semtinde Kontrol ve Tefti\u015f Uzmanl\u0131k Enstit\u00fcs\u00fc&#8217;n\u00fcn a\u00e7\u0131l\u0131\u015f\u0131n\u0131 ger\u00e7ekle\u015ftirdi.<\/p>\n<div id='gallery-1' class='gallery galleryid-327206 gallery-columns-2 gallery-size-full'><figure class='gallery-item'>\n\t\t\t<div class='gallery-icon landscape'>\n\t\t\t\t<a href='https:\/\/archive.sana.sy\/tr\/wp-content\/uploads\/2025\/08\/photo_2025-08-06_11-41-11.jpg'><img loading=\"lazy\" decoding=\"async\" width=\"1080\" height=\"720\" src=\"https:\/\/archive.sana.sy\/tr\/wp-content\/uploads\/2025\/08\/photo_2025-08-06_11-41-11.jpg\" class=\"attachment-full size-full\" alt=\"\" srcset=\"https:\/\/archive.sana.sy\/tr\/wp-content\/uploads\/2025\/08\/photo_2025-08-06_11-41-11.jpg 1080w, https:\/\/archive.sana.sy\/tr\/wp-content\/uploads\/2025\/08\/photo_2025-08-06_11-41-11-300x200.jpg 300w, https:\/\/archive.sana.sy\/tr\/wp-content\/uploads\/2025\/08\/photo_2025-08-06_11-41-11-1024x683.jpg 1024w, https:\/\/archive.sana.sy\/tr\/wp-content\/uploads\/2025\/08\/photo_2025-08-06_11-41-11-768x512.jpg 768w\" sizes=\"auto, (max-width: 1080px) 100vw, 1080px\" \/><\/a>\n\t\t\t<\/div><\/figure><figure class='gallery-item'>\n\t\t\t<div class='gallery-icon landscape'>\n\t\t\t\t<a href='https:\/\/archive.sana.sy\/tr\/wp-content\/uploads\/2025\/08\/photo_2025-08-06_11-41-13.jpg'><img loading=\"lazy\" decoding=\"async\" width=\"1082\" height=\"721\" src=\"https:\/\/archive.sana.sy\/tr\/wp-content\/uploads\/2025\/08\/photo_2025-08-06_11-41-13.jpg\" class=\"attachment-full size-full\" alt=\"\" srcset=\"https:\/\/archive.sana.sy\/tr\/wp-content\/uploads\/2025\/08\/photo_2025-08-06_11-41-13.jpg 1082w, https:\/\/archive.sana.sy\/tr\/wp-content\/uploads\/2025\/08\/photo_2025-08-06_11-41-13-300x200.jpg 300w, https:\/\/archive.sana.sy\/tr\/wp-content\/uploads\/2025\/08\/photo_2025-08-06_11-41-13-1024x682.jpg 1024w, https:\/\/archive.sana.sy\/tr\/wp-content\/uploads\/2025\/08\/photo_2025-08-06_11-41-13-768x512.jpg 768w\" sizes=\"auto, (max-width: 1082px) 100vw, 1082px\" \/><\/a>\n\t\t\t<\/div><\/figure>\n\t\t<\/div>\n\n","protected":false},"excerpt":{"rendered":"<p>\u015eAM (SANA) &#8211; Y\u00fcksek\u00f6\u011fretim ve Bilimsel Ara\u015ft\u0131rma Bakan\u0131 Dr. Mervan El Halabi ve Genel Kontrol ve Tefti\u015f Kurumu Ba\u015fkan\u0131 M\u00fchendis Amir E -Ali, bug\u00fcn \u015eam k\u0131rsal\u0131ndaki Kudsaya semtinde Kontrol ve Tefti\u015f Uzmanl\u0131k Enstit\u00fcs\u00fc&#8217;n\u00fcn a\u00e7\u0131l\u0131\u015f\u0131n\u0131 ger\u00e7ekle\u015ftirdi.<\/p>\n","protected":false},"author":36,"featured_media":327209,"comment_status":"closed","ping_status":"closed","sticky":false,"template":"","format":"standard","meta":{"footnotes":""},"categories":[589,479,17988,478],"tags":[],"class_list":["post-327206","post","type-post","status-publish","format-standard","has-post-thumbnail","","category-haber-seridi","category-haberler-yerel","category-son-haberler","category-yerel"],"_links":{"self":[{"href":"https:\/\/archive.sana.sy\/tr\/index.php?rest_route=\/wp\/v2\/posts\/327206","targetHints":{"allow":["GET"]}}],"collection":[{"href":"https:\/\/archive.sana.sy\/tr\/index.php?rest_route=\/wp\/v2\/posts"}],"about":[{"href":"https:\/\/archive.sana.sy\/tr\/index.php?rest_route=\/wp\/v2\/types\/post"}],"author":[{"embeddable":true,"href":"https:\/\/archive.sana.sy\/tr\/index.php?rest_route=\/wp\/v2\/users\/36"}],"replies":[{"embeddable":true,"href":"https:\/\/archive.sana.sy\/tr\/index.php?rest_route=%2Fwp%2Fv2%2Fcomments&post=327206"}],"version-history":[{"count":1,"href":"https:\/\/archive.sana.sy\/tr\/index.php?rest_route=\/wp\/v2\/posts\/327206\/revisions"}],"predecessor-version":[{"id":327210,"href":"https:\/\/archive.sana.sy\/tr\/index.php?rest_route=\/wp\/v2\/posts\/327206\/revisions\/327210"}],"wp:featuredmedia":[{"embeddable":true,"href":"https:\/\/archive.sana.sy\/tr\/index.php?rest_route=\/wp\/v2\/media\/327209"}],"wp:attachment":[{"href":"https:\/\/archive.sana.sy\/tr\/index.php?rest_route=%2Fwp%2Fv2%2Fmedia&parent=327206"}],"wp:term":[{"taxonomy":"category","embeddable":true,"href":"https:\/\/archive.sana.sy\/tr\/index.php?rest_route=%2Fwp%2Fv2%2Fcategories&post=327206"},{"taxonomy":"post_tag","embeddable":true,"href":"https:\/\/archive.sana.sy\/tr\/index.php?rest_route=%2Fwp%2Fv2%2Ftags&post=327206"}],"curies":[{"name":"wp","href":"https:\/\/api.w.org\/{rel}","templated":true}]}}