{"id":327211,"date":"2025-08-06T13:10:25","date_gmt":"2025-08-06T10:10:25","guid":{"rendered":"https:\/\/sana.sy\/tr\/?p=327211"},"modified":"2025-08-07T17:44:49","modified_gmt":"2025-08-07T14:44:49","slug":"insani-yardimlar-etkilenen-ailelere-destek-olmak-icin-suveydaya-dogru-yola-cikti","status":"publish","type":"post","link":"https:\/\/archive.sana.sy\/tr\/?p=327211","title":{"rendered":"\u0130nsani Yard\u0131mlar, Etkilenen Ailelere Destek Olmak \u0130\u00e7in S\u00fcveyda&#8217;ya Do\u011fru Yola \u00c7\u0131kt\u0131"},"content":{"rendered":"<p style=\"text-align: justify;\"><strong><span style=\"color: #ff0000;\">DERA (SANA) &#8211;<\/span> <\/strong>Kral Selman \u0130nsani Yard\u0131m ve Destek Merkezi taraf\u0131ndan sa\u011flanan ve Suriye Arap K\u0131z\u0131lay\u0131&#8217;n\u0131n do\u011frudan g\u00f6zetiminde ger\u00e7ekle\u015ftirilen g\u0131da ve yard\u0131m malzemeleriyle dolu 40 kamyondan olu\u015fan bir insani yard\u0131m konvoyu, bu sabah Dera ilindeki Busra El \u015eam insani yard\u0131m koridoruna ula\u015ft\u0131. Yard\u0131mlar daha sonra S\u00fcveyda iline aktar\u0131lacak ve son olaylardan etkilenen ailelere da\u011f\u0131t\u0131lacak.<\/p>\n<p style=\"text-align: justify;\">Da\u011f\u0131t\u0131ma denetleyen kaynaklardan al\u0131nan bilgiye g\u00f6re, konvoyda, sahada faaliyet g\u00f6steren ilgili makamlar ve insani yard\u0131m kurulu\u015flar\u0131yla i\u015f birli\u011fi yap\u0131larak, acil ya\u015fam ihtiya\u00e7lar\u0131n\u0131 kar\u015f\u0131layan ve en \u00e7ok etkilenen ailelerin y\u00fck\u00fcn\u00fc hafifletmeye yard\u0131mc\u0131 olan \u00e7ok say\u0131da g\u0131da paketi ve temel ihtiya\u00e7 malzemesi bulunuyor.<\/p>\n<p style=\"text-align: justify;\">Bu acil yard\u0131m \u00e7al\u0131\u015fmas\u0131, konvoyun ge\u00e7i\u015fini kolayla\u015ft\u0131rmak ve g\u00fcvenli bir \u015fekilde teslim edilmesini sa\u011flamak i\u00e7in ilgili makamlar aras\u0131nda yo\u011fun koordinasyonun yan\u0131 s\u0131ra yard\u0131mlar\u0131n ihtiya\u00e7 sahiplerine m\u00fcmk\u00fcn olan en k\u0131sa s\u00fcrede ula\u015fmas\u0131n\u0131 sa\u011flamak i\u00e7in devam eden \u00e7abalar\u0131n bir par\u00e7as\u0131 olarak ger\u00e7ekle\u015ftiriliyor.<\/p>\n<p style=\"text-align: justify;\">Konvoyun \u00f6n\u00fcm\u00fczdeki saatlerde S\u00fcveyda \u015fehrine do\u011fru yolculu\u011funa devam etmesi bekleniyor, da\u011f\u0131t\u0131m s\u00fcreci, \u00f6ncelikli ihtiya\u00e7lar\u0131 dikkate alan organize bir mekanizmaya g\u00f6re y\u00fcr\u00fct\u00fclecek. H\u00fck\u00fcmet ve toplum koordinasyonu, etkilenen \u00e7e\u015fitli b\u00f6lgelerde istikrar\u0131 art\u0131rmaya ve gerekli insani deste\u011fi sa\u011flamaya devam edecek.<\/p>\n<div id='gallery-1' class='gallery galleryid-327211 gallery-columns-4 gallery-size-full'><figure class='gallery-item'>\n\t\t\t<div class='gallery-icon landscape'>\n\t\t\t\t<a href='https:\/\/archive.sana.sy\/tr\/wp-content\/uploads\/2025\/08\/\u0645\u0633\u0627\u0639\u062f\u0627\u062a-\u0628\u0635\u0631\u0649-2.png'><img loading=\"lazy\" decoding=\"async\" width=\"700\" height=\"400\" src=\"https:\/\/archive.sana.sy\/tr\/wp-content\/uploads\/2025\/08\/\u0645\u0633\u0627\u0639\u062f\u0627\u062a-\u0628\u0635\u0631\u0649-2.png\" class=\"attachment-full size-full\" alt=\"\" srcset=\"https:\/\/archive.sana.sy\/tr\/wp-content\/uploads\/2025\/08\/\u0645\u0633\u0627\u0639\u062f\u0627\u062a-\u0628\u0635\u0631\u0649-2.png 700w, https:\/\/archive.sana.sy\/tr\/wp-content\/uploads\/2025\/08\/\u0645\u0633\u0627\u0639\u062f\u0627\u062a-\u0628\u0635\u0631\u0649-2-300x171.png 300w\" sizes=\"auto, (max-width: 700px) 100vw, 700px\" \/><\/a>\n\t\t\t<\/div><\/figure><figure class='gallery-item'>\n\t\t\t<div class='gallery-icon landscape'>\n\t\t\t\t<a href='https:\/\/archive.sana.sy\/tr\/wp-content\/uploads\/2025\/08\/\u0645\u0633\u0627\u0639\u062f\u0627\u062a-\u0628\u0635\u0631\u0649-3.png'><img loading=\"lazy\" decoding=\"async\" width=\"700\" height=\"400\" src=\"https:\/\/archive.sana.sy\/tr\/wp-content\/uploads\/2025\/08\/\u0645\u0633\u0627\u0639\u062f\u0627\u062a-\u0628\u0635\u0631\u0649-3.png\" class=\"attachment-full size-full\" alt=\"\" srcset=\"https:\/\/archive.sana.sy\/tr\/wp-content\/uploads\/2025\/08\/\u0645\u0633\u0627\u0639\u062f\u0627\u062a-\u0628\u0635\u0631\u0649-3.png 700w, https:\/\/archive.sana.sy\/tr\/wp-content\/uploads\/2025\/08\/\u0645\u0633\u0627\u0639\u062f\u0627\u062a-\u0628\u0635\u0631\u0649-3-300x171.png 300w\" sizes=\"auto, (max-width: 700px) 100vw, 700px\" \/><\/a>\n\t\t\t<\/div><\/figure><figure class='gallery-item'>\n\t\t\t<div class='gallery-icon landscape'>\n\t\t\t\t<a href='https:\/\/archive.sana.sy\/tr\/wp-content\/uploads\/2025\/08\/\u0645\u0633\u0627\u0639\u062f\u0627\u062a-\u0628\u0635\u0631\u0649-4.png'><img loading=\"lazy\" decoding=\"async\" width=\"700\" height=\"400\" src=\"https:\/\/archive.sana.sy\/tr\/wp-content\/uploads\/2025\/08\/\u0645\u0633\u0627\u0639\u062f\u0627\u062a-\u0628\u0635\u0631\u0649-4.png\" class=\"attachment-full size-full\" alt=\"\" srcset=\"https:\/\/archive.sana.sy\/tr\/wp-content\/uploads\/2025\/08\/\u0645\u0633\u0627\u0639\u062f\u0627\u062a-\u0628\u0635\u0631\u0649-4.png 700w, https:\/\/archive.sana.sy\/tr\/wp-content\/uploads\/2025\/08\/\u0645\u0633\u0627\u0639\u062f\u0627\u062a-\u0628\u0635\u0631\u0649-4-300x171.png 300w\" sizes=\"auto, (max-width: 700px) 100vw, 700px\" \/><\/a>\n\t\t\t<\/div><\/figure><figure class='gallery-item'>\n\t\t\t<div class='gallery-icon landscape'>\n\t\t\t\t<a href='https:\/\/archive.sana.sy\/tr\/wp-content\/uploads\/2025\/08\/\u0645\u0633\u0627\u0639\u062f\u0627\u062a-\u0628\u0635\u0631\u0649-5.png'><img loading=\"lazy\" decoding=\"async\" width=\"700\" height=\"400\" src=\"https:\/\/archive.sana.sy\/tr\/wp-content\/uploads\/2025\/08\/\u0645\u0633\u0627\u0639\u062f\u0627\u062a-\u0628\u0635\u0631\u0649-5.png\" class=\"attachment-full size-full\" alt=\"\" srcset=\"https:\/\/archive.sana.sy\/tr\/wp-content\/uploads\/2025\/08\/\u0645\u0633\u0627\u0639\u062f\u0627\u062a-\u0628\u0635\u0631\u0649-5.png 700w, https:\/\/archive.sana.sy\/tr\/wp-content\/uploads\/2025\/08\/\u0645\u0633\u0627\u0639\u062f\u0627\u062a-\u0628\u0635\u0631\u0649-5-300x171.png 300w\" sizes=\"auto, (max-width: 700px) 100vw, 700px\" \/><\/a>\n\t\t\t<\/div><\/figure>\n\t\t<\/div>\n\n","protected":false},"excerpt":{"rendered":"<p>DERA (SANA) &#8211; Kral Selman \u0130nsani Yard\u0131m ve Destek Merkezi taraf\u0131ndan sa\u011flanan ve Suriye Arap K\u0131z\u0131lay\u0131&#8217;n\u0131n do\u011frudan g\u00f6zetiminde ger\u00e7ekle\u015ftirilen g\u0131da ve yard\u0131m malzemeleriyle dolu 40 kamyondan olu\u015fan bir insani yard\u0131m konvoyu, bu sabah Dera ilindeki Busra El \u015eam insani yard\u0131m koridoruna ula\u015ft\u0131. Yard\u0131mlar daha sonra S\u00fcveyda iline aktar\u0131lacak ve son olaylardan etkilenen ailelere da\u011f\u0131t\u0131lacak. Da\u011f\u0131t\u0131ma &hellip;<\/p>\n","protected":false},"author":36,"featured_media":327216,"comment_status":"closed","ping_status":"closed","sticky":false,"template":"","format":"standard","meta":{"footnotes":""},"categories":[596,589,479,17988,478],"tags":[],"class_list":["post-327211","post","type-post","status-publish","format-standard","has-post-thumbnail","","category-fotografli-raporlar","category-haber-seridi","category-haberler-yerel","category-son-haberler","category-yerel"],"_links":{"self":[{"href":"https:\/\/archive.sana.sy\/tr\/index.php?rest_route=\/wp\/v2\/posts\/327211","targetHints":{"allow":["GET"]}}],"collection":[{"href":"https:\/\/archive.sana.sy\/tr\/index.php?rest_route=\/wp\/v2\/posts"}],"about":[{"href":"https:\/\/archive.sana.sy\/tr\/index.php?rest_route=\/wp\/v2\/types\/post"}],"author":[{"embeddable":true,"href":"https:\/\/archive.sana.sy\/tr\/index.php?rest_route=\/wp\/v2\/users\/36"}],"replies":[{"embeddable":true,"href":"https:\/\/archive.sana.sy\/tr\/index.php?rest_route=%2Fwp%2Fv2%2Fcomments&post=327211"}],"version-history":[{"count":3,"href":"https:\/\/archive.sana.sy\/tr\/index.php?rest_route=\/wp\/v2\/posts\/327211\/revisions"}],"predecessor-version":[{"id":327234,"href":"https:\/\/archive.sana.sy\/tr\/index.php?rest_route=\/wp\/v2\/posts\/327211\/revisions\/327234"}],"wp:featuredmedia":[{"embeddable":true,"href":"https:\/\/archive.sana.sy\/tr\/index.php?rest_route=\/wp\/v2\/media\/327216"}],"wp:attachment":[{"href":"https:\/\/archive.sana.sy\/tr\/index.php?rest_route=%2Fwp%2Fv2%2Fmedia&parent=327211"}],"wp:term":[{"taxonomy":"category","embeddable":true,"href":"https:\/\/archive.sana.sy\/tr\/index.php?rest_route=%2Fwp%2Fv2%2Fcategories&post=327211"},{"taxonomy":"post_tag","embeddable":true,"href":"https:\/\/archive.sana.sy\/tr\/index.php?rest_route=%2Fwp%2Fv2%2Ftags&post=327211"}],"curies":[{"name":"wp","href":"https:\/\/api.w.org\/{rel}","templated":true}]}}