{"id":327218,"date":"2025-08-06T13:23:58","date_gmt":"2025-08-06T10:23:58","guid":{"rendered":"https:\/\/sana.sy\/tr\/?p=327218"},"modified":"2025-08-06T15:14:41","modified_gmt":"2025-08-06T12:14:41","slug":"anadolu-ajansi-heyeti-medya-is-birligini-gorusmek-uzere-sanaya-geldi","status":"publish","type":"post","link":"https:\/\/archive.sana.sy\/tr\/?p=327218","title":{"rendered":"Anadolu Ajans\u0131 Heyeti, Medya \u0130\u015f Birli\u011fini G\u00f6r\u00fc\u015fmek \u00dczere SANA&#8217;ya Geldi"},"content":{"rendered":"<p style=\"text-align: justify;\"><strong><span style=\"color: #ff0000;\">\u015eAM (SANA) &#8211;<\/span> <\/strong>T\u00fcrkiye&#8217;den &#8220;ANADOLU&#8221; Ajans\u0131&#8217;na ba\u011fl\u0131 bir heyet, iki taraf aras\u0131ndaki medya i\u015f birli\u011fini g\u00fc\u00e7lendirmek amac\u0131yla d\u00fcn \u015eam&#8217;daki Suriye Arap Haber Ajans\u0131&#8217;n\u0131n &#8220;SANA&#8221; merkezini ziyaret etti.<\/p>\n<p style=\"text-align: justify;\"><img loading=\"lazy\" decoding=\"async\" class=\"size-medium wp-image-327219 alignright\" src=\"http:\/\/sana.sy\/tr\/wp-content\/uploads\/2025\/08\/2-3-300x190.jpg\" alt=\"\" width=\"300\" height=\"190\" srcset=\"https:\/\/archive.sana.sy\/tr\/wp-content\/uploads\/2025\/08\/2-3-300x190.jpg 300w, https:\/\/archive.sana.sy\/tr\/wp-content\/uploads\/2025\/08\/2-3-1024x648.jpg 1024w, https:\/\/archive.sana.sy\/tr\/wp-content\/uploads\/2025\/08\/2-3-768x486.jpg 768w, https:\/\/archive.sana.sy\/tr\/wp-content\/uploads\/2025\/08\/2-3-1536x971.jpg 1536w, https:\/\/archive.sana.sy\/tr\/wp-content\/uploads\/2025\/08\/2-3-2048x1295.jpg 2048w\" sizes=\"auto, (max-width: 300px) 100vw, 300px\" \/>Heyette, K\u00fcresel Haberler Direkt\u00f6r\u00fc \u00d6mer Faruk Tokat, Uluslararas\u0131 Haberler Koordinat\u00f6r\u00fc Yaser Emre ve \u015eam B\u00fcrosu Direkt\u00f6r\u00fc Muhammed Karabacak da yer ald\u0131.<\/p>\n<p style=\"text-align: justify;\">Heyete ziyaret s\u0131ras\u0131nda kurumun birimleri ve son aylarda tan\u0131k olunan medya ve teknik geli\u015fmeler hakk\u0131nda bilgi verildi.<\/p>\n<p style=\"text-align: justify;\">SANA Genel M\u00fcd\u00fcr\u00fc Ziad El Mahamid, ajans\u0131n gelecekteki \u00e7al\u0131\u015fma stratejisi ve yeni lansman i\u00e7in devam eden haz\u0131rl\u0131klar hakk\u0131nda bir sunum yaparken, ajans\u0131n Anadolu Ajans\u0131 ile i\u015f birli\u011fini yenileme ve T\u00fcrk\u00e7e de dahil olmak \u00fczere bir\u00e7ok dilde yay\u0131n hizmetlerini geni\u015fletme konusundaki ilgisini dile getirdi.<\/p>\n<p style=\"text-align: justify;\">Tokat ise &#8220;Anadolu&#8221; Ajans\u0131&#8217;n\u0131n &#8220;SANA&#8221; ile ortakl\u0131\u011f\u0131n\u0131 ve koordinasyonunu g\u00fc\u00e7lendirmeye haz\u0131r oldu\u011funu belirterek, bu ziyaretin iki \u00fclke aras\u0131nda medya i\u015f birli\u011fine yeni ufuklar a\u00e7mas\u0131 a\u00e7\u0131s\u0131ndan \u00f6nemli oldu\u011funu vurgulad\u0131.<\/p>\n<div id='gallery-1' class='gallery galleryid-327218 gallery-columns-1 gallery-size-full'><figure class='gallery-item'>\n\t\t\t<div class='gallery-icon landscape'>\n\t\t\t\t<a href='https:\/\/archive.sana.sy\/tr\/wp-content\/uploads\/2025\/08\/4-scaled-1.jpg'><img loading=\"lazy\" decoding=\"async\" width=\"2560\" height=\"1766\" src=\"https:\/\/archive.sana.sy\/tr\/wp-content\/uploads\/2025\/08\/4-scaled-1.jpg\" class=\"attachment-full size-full\" alt=\"\" srcset=\"https:\/\/archive.sana.sy\/tr\/wp-content\/uploads\/2025\/08\/4-scaled-1.jpg 2560w, https:\/\/archive.sana.sy\/tr\/wp-content\/uploads\/2025\/08\/4-scaled-1-300x207.jpg 300w, https:\/\/archive.sana.sy\/tr\/wp-content\/uploads\/2025\/08\/4-scaled-1-1024x706.jpg 1024w, https:\/\/archive.sana.sy\/tr\/wp-content\/uploads\/2025\/08\/4-scaled-1-768x530.jpg 768w, https:\/\/archive.sana.sy\/tr\/wp-content\/uploads\/2025\/08\/4-scaled-1-1536x1060.jpg 1536w, https:\/\/archive.sana.sy\/tr\/wp-content\/uploads\/2025\/08\/4-scaled-1-2048x1413.jpg 2048w, https:\/\/archive.sana.sy\/tr\/wp-content\/uploads\/2025\/08\/4-scaled-1-110x75.jpg 110w\" sizes=\"auto, (max-width: 2560px) 100vw, 2560px\" \/><\/a>\n\t\t\t<\/div><\/figure>\n\t\t<\/div>\n\n","protected":false},"excerpt":{"rendered":"<p>\u015eAM (SANA) &#8211; T\u00fcrkiye&#8217;den &#8220;ANADOLU&#8221; Ajans\u0131&#8217;na ba\u011fl\u0131 bir heyet, iki taraf aras\u0131ndaki medya i\u015f birli\u011fini g\u00fc\u00e7lendirmek amac\u0131yla d\u00fcn \u015eam&#8217;daki Suriye Arap Haber Ajans\u0131&#8217;n\u0131n &#8220;SANA&#8221; merkezini ziyaret etti. Heyette, K\u00fcresel Haberler Direkt\u00f6r\u00fc \u00d6mer Faruk Tokat, Uluslararas\u0131 Haberler Koordinat\u00f6r\u00fc Yaser Emre ve \u015eam B\u00fcrosu Direkt\u00f6r\u00fc Muhammed Karabacak da yer ald\u0131. Heyete ziyaret s\u0131ras\u0131nda kurumun birimleri ve son &hellip;<\/p>\n","protected":false},"author":36,"featured_media":327223,"comment_status":"closed","ping_status":"closed","sticky":false,"template":"","format":"standard","meta":{"footnotes":""},"categories":[589,479,17988,478],"tags":[],"class_list":["post-327218","post","type-post","status-publish","format-standard","has-post-thumbnail","","category-haber-seridi","category-haberler-yerel","category-son-haberler","category-yerel"],"_links":{"self":[{"href":"https:\/\/archive.sana.sy\/tr\/index.php?rest_route=\/wp\/v2\/posts\/327218","targetHints":{"allow":["GET"]}}],"collection":[{"href":"https:\/\/archive.sana.sy\/tr\/index.php?rest_route=\/wp\/v2\/posts"}],"about":[{"href":"https:\/\/archive.sana.sy\/tr\/index.php?rest_route=\/wp\/v2\/types\/post"}],"author":[{"embeddable":true,"href":"https:\/\/archive.sana.sy\/tr\/index.php?rest_route=\/wp\/v2\/users\/36"}],"replies":[{"embeddable":true,"href":"https:\/\/archive.sana.sy\/tr\/index.php?rest_route=%2Fwp%2Fv2%2Fcomments&post=327218"}],"version-history":[{"count":2,"href":"https:\/\/archive.sana.sy\/tr\/index.php?rest_route=\/wp\/v2\/posts\/327218\/revisions"}],"predecessor-version":[{"id":327229,"href":"https:\/\/archive.sana.sy\/tr\/index.php?rest_route=\/wp\/v2\/posts\/327218\/revisions\/327229"}],"wp:featuredmedia":[{"embeddable":true,"href":"https:\/\/archive.sana.sy\/tr\/index.php?rest_route=\/wp\/v2\/media\/327223"}],"wp:attachment":[{"href":"https:\/\/archive.sana.sy\/tr\/index.php?rest_route=%2Fwp%2Fv2%2Fmedia&parent=327218"}],"wp:term":[{"taxonomy":"category","embeddable":true,"href":"https:\/\/archive.sana.sy\/tr\/index.php?rest_route=%2Fwp%2Fv2%2Fcategories&post=327218"},{"taxonomy":"post_tag","embeddable":true,"href":"https:\/\/archive.sana.sy\/tr\/index.php?rest_route=%2Fwp%2Fv2%2Ftags&post=327218"}],"curies":[{"name":"wp","href":"https:\/\/api.w.org\/{rel}","templated":true}]}}