{"id":327225,"date":"2025-08-06T14:05:33","date_gmt":"2025-08-06T11:05:33","guid":{"rendered":"https:\/\/sana.sy\/tr\/?p=327225"},"modified":"2025-08-06T15:19:41","modified_gmt":"2025-08-06T12:19:41","slug":"tartustaki-ic-guvenlik-gucleri-el-haribat-koyundeki-bir-kiliseye-yonelik-bombalama-girisimini-onledi-ve-failleri-tutukladi","status":"publish","type":"post","link":"https:\/\/archive.sana.sy\/tr\/?p=327225","title":{"rendered":"Tartus&#8217;taki \u0130\u00e7 G\u00fcvenlik G\u00fc\u00e7leri, El Haribat K\u00f6y\u00fcndeki Bir Kiliseye Y\u00f6nelik Bombalama Giri\u015fimini \u00d6nledi ve Failleri Tutuklad\u0131"},"content":{"rendered":"<p style=\"text-align: justify;\"><strong><span style=\"color: #ff0000;\">TARTUS (SANA) &#8211;<\/span> \u00a0<\/strong>Tartus Valili\u011fi&#8217;ndeki i\u00e7 g\u00fcvenlik g\u00fc\u00e7leri, Safita il\u00e7esine ba\u011fl\u0131 El Haribat k\u00f6y\u00fcnde bir kiliseye bombal\u0131 sald\u0131r\u0131 d\u00fczenleme giri\u015fimini \u00f6nleyerek, sald\u0131r\u0131y\u0131 ger\u00e7ekle\u015ftirmeye \u00e7al\u0131\u015fan iki ki\u015fiyi tutuklad\u0131.<\/p>\n<p style=\"text-align: justify;\">\u0130\u00e7i\u015fleri Bakanl\u0131\u011f\u0131, eyaletteki i\u00e7 g\u00fcvenlik komutan\u0131 Albay Abd\u00fclal Muhammed Abd\u00fclal&#8217;\u0131n bug\u00fcn Telegram kanal\u0131 \u00fczerinden yapt\u0131\u011f\u0131 a\u00e7\u0131klamada, &#8220;Devrik rejimin kal\u0131nt\u0131lar\u0131yla ba\u011flant\u0131l\u0131 bir kanunsuz grubunun Tartus k\u0131rsal\u0131ndaki Safita b\u00f6lgesindeki El Haribat k\u00f6y\u00fcnde bulunan Maruni Mar Elias Kilisesi&#8217;ni, kilise i\u00e7inde patlay\u0131c\u0131 d\u00fczeneklerin patlat\u0131lmas\u0131 suretiyle ter\u00f6r eylemi ger\u00e7ekle\u015ftirme haz\u0131rl\u0131\u011f\u0131 i\u00e7inde oldu\u011funa dair kesin istihbarat bilgileri ald\u0131k.<\/p>\n<p style=\"text-align: justify;\">Abd\u00fclal, &#8220;\u00d6zel G\u00f6rev Birimi arac\u0131l\u0131\u011f\u0131yla, titiz ve yo\u011fun bir izleme ve takip s\u00fcreci sonras\u0131nda nitelikli bir g\u00fcvenlik operasyonu ger\u00e7ekle\u015ftirdik&#8221; dedi.<\/p>\n<p style=\"text-align: justify;\">Abd\u00fclal ayr\u0131ca, &#8220;bu operasyon sonucunda, su\u00e7 operasyonunu ger\u00e7ekle\u015ftirmek \u00fczere yola \u00e7\u0131kan iki h\u00fccre \u00fcyesi yakaland\u0131&#8221; diyerek, operasyonda patlat\u0131lmaya haz\u0131r bir patlay\u0131c\u0131 d\u00fczene\u011fin yan\u0131 s\u0131ra b\u00f6lge halk\u0131na y\u00f6nelik tehdit ve uyar\u0131lar\u0131n yer ald\u0131\u011f\u0131 ka\u011f\u0131tlar ile siyah bir bayra\u011fa da el konuldu\u011funu belirtti.<\/p>\n","protected":false},"excerpt":{"rendered":"<p>TARTUS (SANA) &#8211; \u00a0Tartus Valili\u011fi&#8217;ndeki i\u00e7 g\u00fcvenlik g\u00fc\u00e7leri, Safita il\u00e7esine ba\u011fl\u0131 El Haribat k\u00f6y\u00fcnde bir kiliseye bombal\u0131 sald\u0131r\u0131 d\u00fczenleme giri\u015fimini \u00f6nleyerek, sald\u0131r\u0131y\u0131 ger\u00e7ekle\u015ftirmeye \u00e7al\u0131\u015fan iki ki\u015fiyi tutuklad\u0131. \u0130\u00e7i\u015fleri Bakanl\u0131\u011f\u0131, eyaletteki i\u00e7 g\u00fcvenlik komutan\u0131 Albay Abd\u00fclal Muhammed Abd\u00fclal&#8217;\u0131n bug\u00fcn Telegram kanal\u0131 \u00fczerinden yapt\u0131\u011f\u0131 a\u00e7\u0131klamada, &#8220;Devrik rejimin kal\u0131nt\u0131lar\u0131yla ba\u011flant\u0131l\u0131 bir kanunsuz grubunun Tartus k\u0131rsal\u0131ndaki Safita b\u00f6lgesindeki El &hellip;<\/p>\n","protected":false},"author":36,"featured_media":327226,"comment_status":"closed","ping_status":"closed","sticky":false,"template":"","format":"standard","meta":{"footnotes":""},"categories":[589,479,575,17988,478],"tags":[],"class_list":["post-327225","post","type-post","status-publish","format-standard","has-post-thumbnail","","category-haber-seridi","category-haberler-yerel","category-olaylar-ve-gercekler","category-son-haberler","category-yerel"],"_links":{"self":[{"href":"https:\/\/archive.sana.sy\/tr\/index.php?rest_route=\/wp\/v2\/posts\/327225","targetHints":{"allow":["GET"]}}],"collection":[{"href":"https:\/\/archive.sana.sy\/tr\/index.php?rest_route=\/wp\/v2\/posts"}],"about":[{"href":"https:\/\/archive.sana.sy\/tr\/index.php?rest_route=\/wp\/v2\/types\/post"}],"author":[{"embeddable":true,"href":"https:\/\/archive.sana.sy\/tr\/index.php?rest_route=\/wp\/v2\/users\/36"}],"replies":[{"embeddable":true,"href":"https:\/\/archive.sana.sy\/tr\/index.php?rest_route=%2Fwp%2Fv2%2Fcomments&post=327225"}],"version-history":[{"count":4,"href":"https:\/\/archive.sana.sy\/tr\/index.php?rest_route=\/wp\/v2\/posts\/327225\/revisions"}],"predecessor-version":[{"id":327231,"href":"https:\/\/archive.sana.sy\/tr\/index.php?rest_route=\/wp\/v2\/posts\/327225\/revisions\/327231"}],"wp:featuredmedia":[{"embeddable":true,"href":"https:\/\/archive.sana.sy\/tr\/index.php?rest_route=\/wp\/v2\/media\/327226"}],"wp:attachment":[{"href":"https:\/\/archive.sana.sy\/tr\/index.php?rest_route=%2Fwp%2Fv2%2Fmedia&parent=327225"}],"wp:term":[{"taxonomy":"category","embeddable":true,"href":"https:\/\/archive.sana.sy\/tr\/index.php?rest_route=%2Fwp%2Fv2%2Fcategories&post=327225"},{"taxonomy":"post_tag","embeddable":true,"href":"https:\/\/archive.sana.sy\/tr\/index.php?rest_route=%2Fwp%2Fv2%2Ftags&post=327225"}],"curies":[{"name":"wp","href":"https:\/\/api.w.org\/{rel}","templated":true}]}}