{"id":327239,"date":"2025-08-06T16:38:58","date_gmt":"2025-08-06T13:38:58","guid":{"rendered":"https:\/\/sana.sy\/tr\/?p=327239"},"modified":"2025-08-06T16:39:12","modified_gmt":"2025-08-06T13:39:12","slug":"kizilay-araclarinin-eslik-ettigi-on-otobus-cok-sayida-sivili-tahliye-etmek-uzere-suveydaya-girdi","status":"publish","type":"post","link":"https:\/\/archive.sana.sy\/tr\/?p=327239","title":{"rendered":"K\u0131z\u0131lay Ara\u00e7lar\u0131n\u0131n E\u015flik Etti\u011fi On Otob\u00fcs, \u00c7ok Say\u0131da Sivili Tahliye Etmek \u00dczere S\u00fcveyda&#8217;ya Girdi"},"content":{"rendered":"<p><span style=\"color: #ff0000;\"><strong>DERA (SANA)<\/strong> <\/span>&#8211;\u00a0 Suriye Arap K\u0131z\u0131lay\u0131 ara\u00e7lar\u0131n\u0131n e\u015flik etti\u011fi on otob\u00fcs, bug\u00fcn Busra El \u015eam insani yard\u0131m koridoru \u00fczerinden S\u00fcveyda&#8217;ya girerek \u00e7ok say\u0131da sivili tahliye etti.<\/p>\n<div id='gallery-1' class='gallery galleryid-327239 gallery-columns-1 gallery-size-full'><figure class='gallery-item'>\n\t\t\t<div class='gallery-icon landscape'>\n\t\t\t\t<a href='https:\/\/archive.sana.sy\/tr\/?attachment_id=327241'><img loading=\"lazy\" decoding=\"async\" width=\"660\" height=\"495\" src=\"https:\/\/archive.sana.sy\/tr\/wp-content\/uploads\/2025\/08\/photo_2025-08-06_14-24-02.jpg\" class=\"attachment-full size-full\" alt=\"\" srcset=\"https:\/\/archive.sana.sy\/tr\/wp-content\/uploads\/2025\/08\/photo_2025-08-06_14-24-02.jpg 660w, https:\/\/archive.sana.sy\/tr\/wp-content\/uploads\/2025\/08\/photo_2025-08-06_14-24-02-300x225.jpg 300w\" sizes=\"auto, (max-width: 660px) 100vw, 660px\" \/><\/a>\n\t\t\t<\/div><\/figure><figure class='gallery-item'>\n\t\t\t<div class='gallery-icon landscape'>\n\t\t\t\t<a href='https:\/\/archive.sana.sy\/tr\/?attachment_id=327242'><img loading=\"lazy\" decoding=\"async\" width=\"660\" height=\"495\" src=\"https:\/\/archive.sana.sy\/tr\/wp-content\/uploads\/2025\/08\/photo_2025-08-06_14-24-02-2.jpg\" class=\"attachment-full size-full\" alt=\"\" srcset=\"https:\/\/archive.sana.sy\/tr\/wp-content\/uploads\/2025\/08\/photo_2025-08-06_14-24-02-2.jpg 660w, https:\/\/archive.sana.sy\/tr\/wp-content\/uploads\/2025\/08\/photo_2025-08-06_14-24-02-2-300x225.jpg 300w\" sizes=\"auto, (max-width: 660px) 100vw, 660px\" \/><\/a>\n\t\t\t<\/div><\/figure>\n\t\t<\/div>\n\n","protected":false},"excerpt":{"rendered":"<p>DERA (SANA) &#8211;\u00a0 Suriye Arap K\u0131z\u0131lay\u0131 ara\u00e7lar\u0131n\u0131n e\u015flik etti\u011fi on otob\u00fcs, bug\u00fcn Busra El \u015eam insani yard\u0131m koridoru \u00fczerinden S\u00fcveyda&#8217;ya girerek \u00e7ok say\u0131da sivili tahliye etti.<\/p>\n","protected":false},"author":41,"featured_media":327240,"comment_status":"closed","ping_status":"closed","sticky":false,"template":"","format":"standard","meta":{"footnotes":""},"categories":[589,479,17988,478],"tags":[],"class_list":["post-327239","post","type-post","status-publish","format-standard","has-post-thumbnail","","category-haber-seridi","category-haberler-yerel","category-son-haberler","category-yerel"],"_links":{"self":[{"href":"https:\/\/archive.sana.sy\/tr\/index.php?rest_route=\/wp\/v2\/posts\/327239","targetHints":{"allow":["GET"]}}],"collection":[{"href":"https:\/\/archive.sana.sy\/tr\/index.php?rest_route=\/wp\/v2\/posts"}],"about":[{"href":"https:\/\/archive.sana.sy\/tr\/index.php?rest_route=\/wp\/v2\/types\/post"}],"author":[{"embeddable":true,"href":"https:\/\/archive.sana.sy\/tr\/index.php?rest_route=\/wp\/v2\/users\/41"}],"replies":[{"embeddable":true,"href":"https:\/\/archive.sana.sy\/tr\/index.php?rest_route=%2Fwp%2Fv2%2Fcomments&post=327239"}],"version-history":[{"count":1,"href":"https:\/\/archive.sana.sy\/tr\/index.php?rest_route=\/wp\/v2\/posts\/327239\/revisions"}],"predecessor-version":[{"id":327243,"href":"https:\/\/archive.sana.sy\/tr\/index.php?rest_route=\/wp\/v2\/posts\/327239\/revisions\/327243"}],"wp:featuredmedia":[{"embeddable":true,"href":"https:\/\/archive.sana.sy\/tr\/index.php?rest_route=\/wp\/v2\/media\/327240"}],"wp:attachment":[{"href":"https:\/\/archive.sana.sy\/tr\/index.php?rest_route=%2Fwp%2Fv2%2Fmedia&parent=327239"}],"wp:term":[{"taxonomy":"category","embeddable":true,"href":"https:\/\/archive.sana.sy\/tr\/index.php?rest_route=%2Fwp%2Fv2%2Fcategories&post=327239"},{"taxonomy":"post_tag","embeddable":true,"href":"https:\/\/archive.sana.sy\/tr\/index.php?rest_route=%2Fwp%2Fv2%2Ftags&post=327239"}],"curies":[{"name":"wp","href":"https:\/\/api.w.org\/{rel}","templated":true}]}}