{"id":327244,"date":"2025-08-06T17:23:57","date_gmt":"2025-08-06T14:23:57","guid":{"rendered":"https:\/\/sana.sy\/tr\/?p=327244"},"modified":"2025-08-06T17:23:57","modified_gmt":"2025-08-06T14:23:57","slug":"istanbulda-suriye-turkiye-is-konseyinin-kurulmasina-iliskin-protokol-imzalandi","status":"publish","type":"post","link":"https:\/\/archive.sana.sy\/tr\/?p=327244","title":{"rendered":"\u0130stanbul\u2019da Suriye-T\u00fcrkiye \u0130\u015f Konseyi\u2019nin Kurulmas\u0131na \u0130li\u015fkin Protokol \u0130mzaland\u0131"},"content":{"rendered":"<p style=\"text-align: justify;\" data-start=\"218\" data-end=\"494\"><span style=\"color: #ff0000;\"><strong>ANKARA (SANA)<\/strong> <\/span>&#8211; Suriye Ekonomi ve Sanayi Bakan\u0131 Dr. Muhammed Nidal \u015eaar, \u0130stanbul\u2019da d\u00fczenlenen \u201cSuriye-T\u00fcrkiye Yuvarlak Masa Toplant\u0131s\u0131\u201d kapsam\u0131nda \u00e7ok say\u0131da Suriyeli ve T\u00fcrk i\u015f insan\u0131yla bir araya gelerek iki \u00fclke aras\u0131ndaki ekonomik ve yat\u0131r\u0131m ili\u015fkilerinin g\u00fc\u00e7lendirilmesini ele ald\u0131.<\/p>\n<p style=\"text-align: justify;\" data-start=\"496\" data-end=\"785\"><img loading=\"lazy\" decoding=\"async\" class=\"size-full wp-image-327246 alignright\" src=\"http:\/\/sana.sy\/tr\/wp-content\/uploads\/2025\/08\/IMG-20250806-WA0231-300x212-1.jpg\" alt=\"\" width=\"300\" height=\"212\" \/>Bug\u00fcn T\u00fcrkiye D\u0131\u015f Ekonomik \u0130li\u015fkiler Kurulu (DE\u0130K) merkezinde ger\u00e7ekle\u015ftirilen toplant\u0131da, kamu-\u00f6zel sekt\u00f6r i\u015f birli\u011fi modeline ili\u015fkin bir sunum, Ey\u00fcp Fuat Ayd\u0131n taraf\u0131ndan kat\u0131l\u0131mc\u0131lara aktar\u0131ld\u0131. Toplant\u0131ya kat\u0131lan \u015firket temsilcileri de \u00e7e\u015fitli de\u011ferlendirme ve katk\u0131larda bulundu.<\/p>\n<p style=\"text-align: justify;\" data-start=\"787\" data-end=\"1006\">Toplant\u0131, Suriye-T\u00fcrkiye \u0130\u015f Konseyi\u2019nin kurulmas\u0131na y\u00f6nelik protokol\u00fcn imzalanmas\u0131yla sona erdi. Bu ad\u0131m\u0131n, iki \u00fclke aras\u0131ndaki ekonomik ili\u015fkilerin \u00e7e\u015fitli alanlarda daha da geli\u015ftirilmesine katk\u0131 sa\u011flamas\u0131 bekleniyor.<\/p>\n<p style=\"text-align: justify;\" data-start=\"1008\" data-end=\"1307\">\u00d6te yandan, Suriye Ekonomi ve Sanayi Bakan\u0131 Muhammed Nidal \u015eaar ile T\u00fcrkiye Sanayi ve Teknoloji Bakan\u0131 Mehmet Fatih Kac\u0131r, d\u00fcn iki \u00fclke aras\u0131nda ortak projelerin desteklenmesi ve sanayi kalk\u0131nmas\u0131 ile modern teknolojiler alan\u0131nda tecr\u00fcbe payla\u015f\u0131m\u0131n\u0131 \u00f6ng\u00f6ren bir i\u015f birli\u011fi anla\u015fmas\u0131 imzalad\u0131.<\/p>\n<div id='gallery-1' class='gallery galleryid-327244 gallery-columns-3 gallery-size-thumbnail'><figure class='gallery-item'>\n\t\t\t<div class='gallery-icon landscape'>\n\t\t\t\t<a href='https:\/\/archive.sana.sy\/tr\/?attachment_id=327247'><img loading=\"lazy\" decoding=\"async\" width=\"150\" height=\"150\" src=\"https:\/\/archive.sana.sy\/tr\/wp-content\/uploads\/2025\/08\/IMG-20250806-WA0185-1-300x228-1-150x150.jpg\" class=\"attachment-thumbnail size-thumbnail\" alt=\"\" \/><\/a>\n\t\t\t<\/div><\/figure><figure class='gallery-item'>\n\t\t\t<div class='gallery-icon landscape'>\n\t\t\t\t<a href='https:\/\/archive.sana.sy\/tr\/?attachment_id=327248'><img loading=\"lazy\" decoding=\"async\" width=\"150\" height=\"150\" src=\"https:\/\/archive.sana.sy\/tr\/wp-content\/uploads\/2025\/08\/IMG-20250806-WA0186-300x200-1-150x150.jpg\" class=\"attachment-thumbnail size-thumbnail\" alt=\"\" \/><\/a>\n\t\t\t<\/div><\/figure><figure class='gallery-item'>\n\t\t\t<div class='gallery-icon landscape'>\n\t\t\t\t<a href='https:\/\/archive.sana.sy\/tr\/?attachment_id=327249'><img loading=\"lazy\" decoding=\"async\" width=\"150\" height=\"150\" src=\"https:\/\/archive.sana.sy\/tr\/wp-content\/uploads\/2025\/08\/IMG-20250806-WA0191-300x193-1-150x150.jpg\" class=\"attachment-thumbnail size-thumbnail\" alt=\"\" \/><\/a>\n\t\t\t<\/div><\/figure>\n\t\t<\/div>\n\n","protected":false},"excerpt":{"rendered":"<p>ANKARA (SANA) &#8211; Suriye Ekonomi ve Sanayi Bakan\u0131 Dr. Muhammed Nidal \u015eaar, \u0130stanbul\u2019da d\u00fczenlenen \u201cSuriye-T\u00fcrkiye Yuvarlak Masa Toplant\u0131s\u0131\u201d kapsam\u0131nda \u00e7ok say\u0131da Suriyeli ve T\u00fcrk i\u015f insan\u0131yla bir araya gelerek iki \u00fclke aras\u0131ndaki ekonomik ve yat\u0131r\u0131m ili\u015fkilerinin g\u00fc\u00e7lendirilmesini ele ald\u0131. Bug\u00fcn T\u00fcrkiye D\u0131\u015f Ekonomik \u0130li\u015fkiler Kurulu (DE\u0130K) merkezinde ger\u00e7ekle\u015ftirilen toplant\u0131da, kamu-\u00f6zel sekt\u00f6r i\u015f birli\u011fi modeline ili\u015fkin &hellip;<\/p>\n","protected":false},"author":41,"featured_media":327245,"comment_status":"closed","ping_status":"closed","sticky":false,"template":"","format":"standard","meta":{"footnotes":""},"categories":[589,17988,2554,2555],"tags":[],"class_list":["post-327244","post","type-post","status-publish","format-standard","has-post-thumbnail","","category-haber-seridi","category-son-haberler","category-suriye-ve-dunya","category-suriye-ve-turkiye"],"_links":{"self":[{"href":"https:\/\/archive.sana.sy\/tr\/index.php?rest_route=\/wp\/v2\/posts\/327244","targetHints":{"allow":["GET"]}}],"collection":[{"href":"https:\/\/archive.sana.sy\/tr\/index.php?rest_route=\/wp\/v2\/posts"}],"about":[{"href":"https:\/\/archive.sana.sy\/tr\/index.php?rest_route=\/wp\/v2\/types\/post"}],"author":[{"embeddable":true,"href":"https:\/\/archive.sana.sy\/tr\/index.php?rest_route=\/wp\/v2\/users\/41"}],"replies":[{"embeddable":true,"href":"https:\/\/archive.sana.sy\/tr\/index.php?rest_route=%2Fwp%2Fv2%2Fcomments&post=327244"}],"version-history":[{"count":1,"href":"https:\/\/archive.sana.sy\/tr\/index.php?rest_route=\/wp\/v2\/posts\/327244\/revisions"}],"predecessor-version":[{"id":327250,"href":"https:\/\/archive.sana.sy\/tr\/index.php?rest_route=\/wp\/v2\/posts\/327244\/revisions\/327250"}],"wp:featuredmedia":[{"embeddable":true,"href":"https:\/\/archive.sana.sy\/tr\/index.php?rest_route=\/wp\/v2\/media\/327245"}],"wp:attachment":[{"href":"https:\/\/archive.sana.sy\/tr\/index.php?rest_route=%2Fwp%2Fv2%2Fmedia&parent=327244"}],"wp:term":[{"taxonomy":"category","embeddable":true,"href":"https:\/\/archive.sana.sy\/tr\/index.php?rest_route=%2Fwp%2Fv2%2Fcategories&post=327244"},{"taxonomy":"post_tag","embeddable":true,"href":"https:\/\/archive.sana.sy\/tr\/index.php?rest_route=%2Fwp%2Fv2%2Ftags&post=327244"}],"curies":[{"name":"wp","href":"https:\/\/api.w.org\/{rel}","templated":true}]}}