{"id":327251,"date":"2025-08-06T18:38:49","date_gmt":"2025-08-06T15:38:49","guid":{"rendered":"https:\/\/sana.sy\/tr\/?p=327251"},"modified":"2025-08-08T14:22:43","modified_gmt":"2025-08-08T11:22:43","slug":"cumhurbaskani-el-saranin-huzurunda-cok-sayida-uluslararasi-sirketle-14-milyar-dolar-tutarinda-yatirim-mutabakat-zapti-imzalandi","status":"publish","type":"post","link":"https:\/\/archive.sana.sy\/tr\/?p=327251","title":{"rendered":"Cumhurba\u015fkan\u0131 El \u015eara&#8217;n\u0131n Huzurunda \u00c7ok Say\u0131da Uluslararas\u0131 \u015eirketle 14 Milyar Dolar Tutar\u0131nda Yat\u0131r\u0131m Mutabakat Zapt\u0131 \u0130mzaland\u0131"},"content":{"rendered":"<p style=\"text-align: justify;\"><span style=\"color: #ff0000;\"><strong>\u015eAM (SANA)<\/strong> <\/span>&#8211; Cumhurba\u015fkan\u0131 Ahmed El \u015eara&#8217;n\u0131n huzurunda, bug\u00fcn \u015eam&#8217;daki Halk Saray\u0131&#8217;nda bir dizi uluslararas\u0131 \u015firketle yat\u0131r\u0131m mutabakat zapt\u0131 imzaland\u0131. Bu mutabakat zapt\u0131, Suriye&#8217;nin \u00e7e\u015fitli illerinde hayata ge\u00e7irilecek 14 milyar dolar de\u011ferinde 12 yat\u0131r\u0131m projesini kapsad\u0131.<\/p>\n<p style=\"text-align: justify;\"><span style=\"color: #0000ff;\"><strong>Suriye, Ekonomik Kalk\u0131nma ve Stratejik Ortakl\u0131klarda Yeni Bir D\u00f6neme Girdi<\/strong><\/span><\/p>\n<p style=\"text-align: justify;\" data-start=\"205\" data-end=\"516\"><img loading=\"lazy\" decoding=\"async\" class=\"size-full wp-image-327253 alignright\" src=\"http:\/\/sana.sy\/tr\/wp-content\/uploads\/2025\/08\/\u0647\u0644\u0627\u0644\u064a-300x200-1.jpg\" alt=\"\" width=\"300\" height=\"200\" \/>Suriye Yat\u0131r\u0131m Kurumu Ba\u015fkan\u0131 Talal Hilali, yapt\u0131\u011f\u0131 a\u00e7\u0131klamada \u00fclkesinin b\u00fcy\u00fck altyap\u0131 projeleri arac\u0131l\u0131\u011f\u0131yla ekonomik kalk\u0131nma ve yeniden in\u015fa s\u00fcrecinde yeni bir a\u015famaya ge\u00e7ti\u011fini belirterek, Suriye&#8217;nin stratejik ortakl\u0131klar temelinde \u015fekillenecek kapsaml\u0131 bir geli\u015fim d\u00f6nemine resmen ad\u0131m att\u0131\u011f\u0131n\u0131 ifade etti.<\/p>\n<p style=\"text-align: justify;\" data-start=\"518\" data-end=\"1038\">Hilali, \u201cBug\u00fcn, Suriye\u2019nin tarihinde d\u00f6n\u00fcm noktas\u0131 niteli\u011finde bir ana tan\u0131kl\u0131k ediyoruz. Bu an, d\u00fcnyaya Suriye\u2019nin yeniden in\u015fa, stratejik ortakl\u0131klar ve kapsay\u0131c\u0131 b\u00fcy\u00fcme s\u00fcrecine ba\u015flad\u0131\u011f\u0131n\u0131 ilan etti\u011fimiz tarihi bir and\u0131r\u201d dedi. Toplant\u0131n\u0131n sadece bir protokol etkinli\u011fi olmad\u0131\u011f\u0131n\u0131 vurgulayan Hilali, bunun ayn\u0131 zamanda \u201cSuriye\u2019nin yat\u0131r\u0131ma a\u00e7\u0131k oldu\u011funu, ayd\u0131nl\u0131k bir gelecek in\u015fa etme kararl\u0131l\u0131\u011f\u0131nda oldu\u011funu ve g\u00fcvenilir ortaklarla omuz omuza \u00e7al\u0131\u015fmaya haz\u0131r bulundu\u011funu\u201d g\u00f6steren a\u00e7\u0131k bir mesaj oldu\u011funu kaydetti.<\/p>\n<p style=\"text-align: justify;\" data-start=\"1040\" data-end=\"1413\">Hilali, Suriye&#8217;nin d\u00fcnyaca tan\u0131nm\u0131\u015f ekonomi liderlerini, \u00f6nde gelen yat\u0131r\u0131mc\u0131lar\u0131 ve gelece\u011fe inanan vizyoner i\u015f insanlar\u0131n\u0131 memnuniyetle kar\u015f\u0131lad\u0131\u011f\u0131n\u0131 belirterek, \u201cBug\u00fcn toplam 14 milyar ABD dolar\u0131 tutar\u0131nda 12 b\u00fcy\u00fck stratejik ortakl\u0131k projesini ilan ediyoruz. Bu projeler, \u00fclke genelinde altyap\u0131 ve ekonomik ya\u015famda nitelikli bir d\u00f6n\u00fc\u015f\u00fcm sa\u011flayacak\u201d ifadelerini kulland\u0131.<\/p>\n<p style=\"text-align: justify;\" data-start=\"1415\" data-end=\"2018\">A\u00e7\u0131klamas\u0131nda s\u00f6z konusu projelerden baz\u0131lar\u0131na da de\u011finen Hilali, en dikkat \u00e7ekici yat\u0131r\u0131m\u0131n 4 milyar dolarl\u0131k b\u00fct\u00e7eyle hayata ge\u00e7irilecek olan <strong data-start=\"1560\" data-end=\"1591\">\u015eam Uluslararas\u0131 Havaliman\u0131<\/strong> oldu\u011funu ve bu projenin Suriye\u2019nin d\u00fcnyaya a\u00e7\u0131lan kap\u0131s\u0131 olaca\u011f\u0131n\u0131 ifade etti. Yine 2 milyar dolar yat\u0131r\u0131m bedeline sahip <strong data-start=\"1714\" data-end=\"1729\">\u015eam Metrosu<\/strong> projesinin modern ula\u015f\u0131m ve altyap\u0131 a\u00e7\u0131s\u0131ndan b\u00fcy\u00fck \u00f6nem ta\u015f\u0131d\u0131\u011f\u0131na dikkat \u00e7eken Hilali, 2 milyar dolarl\u0131k <strong data-start=\"1837\" data-end=\"1853\">\u015eam Kuleleri<\/strong>, 500 milyon dolarl\u0131k <strong data-start=\"1875\" data-end=\"1895\">Baramke Kuleleri<\/strong> ve 60 milyon dolarl\u0131k <strong data-start=\"1918\" data-end=\"1947\">Baramke Al\u0131\u015fveri\u015f Merkezi<\/strong> projelerinin de ekonomik canlanmaya ivme kazand\u0131raca\u011f\u0131n\u0131 dile getirdi.<\/p>\n<p style=\"text-align: justify;\" data-start=\"2020\" data-end=\"2431\">Bu projelerin yaln\u0131zca gayrimenkul veya altyap\u0131 yat\u0131r\u0131mlar\u0131 olmad\u0131\u011f\u0131n\u0131 vurgulayan Hilali, \u201cBu giri\u015fimler, istihdam yaratan lokomotifler, Suriye ile k\u00fcresel yat\u0131r\u0131mc\u0131lar aras\u0131nda g\u00fcven k\u00f6pr\u00fcleri ve uzun vadeli stratejik ortakl\u0131klar\u0131n zeminidir. Bu, bir son de\u011fil; bir ba\u015flang\u0131\u00e7t\u0131r. Bug\u00fcn biz, hukukun \u00fcst\u00fcnl\u00fc\u011f\u00fc, \u015feffafl\u0131k ve y\u0131lmaz bir kararl\u0131l\u0131kla \u015fekillenen bir gelecek i\u00e7in i\u015f birli\u011fine kap\u0131 aral\u0131yoruz\u201d dedi.<\/p>\n<p style=\"text-align: justify;\"><span style=\"color: #0000ff;\"><strong><img loading=\"lazy\" decoding=\"async\" class=\"size-full wp-image-327254 alignright\" src=\"http:\/\/sana.sy\/tr\/wp-content\/uploads\/2025\/08\/photo_2025-08-06_16-10-49-300x200-1.jpg\" alt=\"\" width=\"300\" height=\"200\" \/>Barrack: \u00dclkemiz, \u015eam\u2019\u0131n Ticaret ve Refah Merkezi Olarak Rol\u00fcn\u00fc G\u00fc\u00e7lendirmek \u0130stiyor<\/strong><\/span><\/p>\n<p style=\"text-align: justify;\" data-start=\"218\" data-end=\"543\">ABD\u2019nin Suriye \u00d6zel Temsilcisi Thomas <strong>Barrack<\/strong>, yat\u0131r\u0131m mutabakat zab\u0131tlar\u0131n\u0131n imza t\u00f6renine kat\u0131l\u0131m\u0131 s\u0131ras\u0131nda yapt\u0131\u011f\u0131 a\u00e7\u0131klamada, Suriye&#8217;nin binlerce y\u0131ld\u0131r b\u00f6lge \u00fclkeleri aras\u0131nda bir ticaret merkezi konumunda oldu\u011funu vurgulayarak, Suriye topraklar\u0131n\u0131n tarih boyunca b\u00fcy\u00fck \u015fahsiyetler yeti\u015ftirmesiyle tan\u0131nd\u0131\u011f\u0131n\u0131 ifade etti.<\/p>\n<p style=\"text-align: justify;\" data-start=\"545\" data-end=\"784\"><strong>Barrack ayr\u0131ca<\/strong><strong>,<\/strong> \u00fclkesinin \u015eam\u2019\u0131n b\u00f6lgesel ticaret ve refah\u0131n kalbi olma rol\u00fcn\u00fc g\u00fc\u00e7lendirme arzusunda oldu\u011funu belirtti ve Suriye&#8217;nin jeostratejik konumunun, gelecekte b\u00f6lgesel ekonomik entegrasyonun \u00f6nemli bir unsuru olmaya devam edece\u011fini s\u00f6yledi.<\/p>\n<p style=\"text-align: justify;\"><span style=\"color: #0000ff;\"><strong>Hamviye: Vatanda\u015f\u0131n G\u00fcndelik Hayat\u0131na Dokunan Projelere \u00d6ncelik Veriliyor<\/strong><\/span><\/p>\n<p style=\"text-align: justify;\" data-start=\"203\" data-end=\"692\">Suriye Y\u00fcksek Ekonomik Kalk\u0131nma Kurulu Dan\u0131\u015fman\u0131 Dr. Eymen Hamviye, yat\u0131r\u0131m mutabakat zab\u0131tlar\u0131n\u0131n imzalanmas\u0131n\u0131n ard\u0131ndan d\u00fczenlenen bas\u0131n toplant\u0131s\u0131nda yapt\u0131\u011f\u0131 a\u00e7\u0131klamada, vatanda\u015f\u0131n g\u00fcnl\u00fck ya\u015fam\u0131n\u0131 do\u011frudan etkileyen projelere \u00f6ncelik verildi\u011fini ve bu kapsamda t\u00fcm bakanl\u0131klar ve valiliklerle koordinasyon i\u00e7erisinde yat\u0131r\u0131m et\u00fct \u00e7al\u0131\u015fmalar\u0131n\u0131n tamamlanmakta oldu\u011funu belirtti. Hamviye, bu \u00e7al\u0131\u015fmalar\u0131n, \u00fclkenin yeniden in\u015fa s\u00fcrecine g\u00fc\u00e7l\u00fc bir zemin olu\u015fturmay\u0131 hedefledi\u011fini ifade etti.<\/p>\n<p style=\"text-align: justify;\" data-start=\"694\" data-end=\"1114\"><img loading=\"lazy\" decoding=\"async\" class=\"size-full wp-image-327255 alignright\" src=\"http:\/\/sana.sy\/tr\/wp-content\/uploads\/2025\/08\/photo_2025-08-06_18-07-39-300x200-1.jpg\" alt=\"\" width=\"300\" height=\"200\" \/>Dr. Hamviye, imzalanan t\u00fcm mutabakat zab\u0131tlar\u0131n\u0131n belirli bir zaman \u00e7izelgesine g\u00f6re uygulamaya konulaca\u011f\u0131n\u0131 ve baz\u0131 projelerin birka\u00e7 y\u0131l s\u00fcrebilece\u011fini kaydetti. Valiliklerin, \u00f6zellikle m\u00fclkiyetle ilgili hukuki d\u00fczenlemeler \u00e7er\u00e7evesinde \u00f6nemli bir rol \u00fcstlendi\u011fine dikkat \u00e7eken Hamviye, bu s\u00fcre\u00e7te mahalle meclisleri ve m\u00fclk sahipleriyle isti\u015fare ve koordinasyon i\u00e7inde uzla\u015f\u0131ya dayal\u0131 \u00e7\u00f6z\u00fcmler geli\u015ftirildi\u011fini aktard\u0131.<\/p>\n<p style=\"text-align: justify;\" data-start=\"1116\" data-end=\"1460\">Hamviye ayr\u0131ca, \u00f6nceli\u011fin, vatanda\u015flar\u0131n ya\u015fam kalitesini do\u011frudan etkileyen projelere verildi\u011fini vurgulayarak, sava\u015f nedeniyle b\u00fcy\u00fck \u00f6l\u00e7\u00fcde zarar g\u00f6rm\u00fc\u015f b\u00f6lgelerde altyap\u0131 \u00e7al\u0131\u015fmalar\u0131n\u0131n tamamlanmas\u0131n\u0131n zaman alabilece\u011fini belirtti. Bu kapsamda ilgili t\u00fcm bakanl\u0131klar ve yerel y\u00f6netimlerle e\u015fg\u00fcd\u00fcm halinde yat\u0131r\u0131m dosyalar\u0131n\u0131n tamamland\u0131\u011f\u0131n\u0131 s\u00f6yledi.<\/p>\n<p style=\"text-align: justify;\" data-start=\"1462\" data-end=\"1929\">Konut projelerinin, i\u015f g\u00fcc\u00fc istihdam\u0131 a\u00e7\u0131s\u0131ndan en y\u00fcksek potansiyele sahip alanlardan biri oldu\u011funu dile getiren Hamviye, bu projelerin on binlerce ki\u015fiye istihdam sa\u011flayaca\u011f\u0131n\u0131 ifade etti. Eski rejimin sald\u0131r\u0131lar\u0131 sonucu bir\u00e7ok \u015fehir ve k\u00f6y\u00fcn b\u00fcy\u00fck y\u0131k\u0131ma u\u011frad\u0131\u011f\u0131n\u0131 hat\u0131rlatan Hamviye, bu nedenle konut ve gayrimenkul geli\u015ftirme alan\u0131na \u00f6zel \u00f6nem verildi\u011fini ve bu alan\u0131n, \u00fclke genelinde yat\u0131r\u0131m \u00f6ncelikleri belirlenirken ba\u015fl\u0131ca etkenlerden biri oldu\u011funu vurgulad\u0131.<\/p>\n<p style=\"text-align: justify;\" data-start=\"1931\" data-end=\"2282\">Hamviye, Suriye h\u00fck\u00fcmetinin g\u00fcvenli ve tarafs\u0131z bir yat\u0131r\u0131m ortam\u0131 olu\u015fturmak, serbest piyasa ekonomisine ge\u00e7i\u015fi sa\u011flamak amac\u0131yla yeni yasalar \u00e7\u0131kard\u0131\u011f\u0131n\u0131 belirtti. Bu yat\u0131r\u0131mlar\u0131n, hem istihdam olu\u015fturarak hem de yerli ve yabanc\u0131 yat\u0131r\u0131mc\u0131lara Suriye pazar\u0131na giri\u015f imk\u00e2n\u0131 sunarak, Suriye halk\u0131n\u0131n beklentilerini kar\u015f\u0131lamay\u0131 hedefledi\u011fini ifade etti.<\/p>\n<p style=\"text-align: justify;\" data-start=\"2284\" data-end=\"2596\">Suriye, farkl\u0131 \u00fclkelerle stratejik ve yat\u0131r\u0131m temelli ortakl\u0131klar\u0131n\u0131 s\u00fcrd\u00fcrmeye devam etmektedir. Bu \u00e7er\u00e7evede, 24 Temmuz\u2019da Cumhurba\u015fkan\u0131 \u015eer\u2019\u2018in kat\u0131l\u0131m\u0131yla Suriye-Suudi Arabistan Yat\u0131r\u0131m Forumu d\u00fczenlenmi\u015f ve forum kapsam\u0131nda toplam de\u011feri 6 milyar ABD dolar\u0131 olan 47 anla\u015fma ve mutabakat zapt\u0131 imzalanm\u0131\u015ft\u0131r.<\/p>\n<p style=\"text-align: justify;\">\n","protected":false},"excerpt":{"rendered":"<p>\u015eAM (SANA) &#8211; Cumhurba\u015fkan\u0131 Ahmed El \u015eara&#8217;n\u0131n huzurunda, bug\u00fcn \u015eam&#8217;daki Halk Saray\u0131&#8217;nda bir dizi uluslararas\u0131 \u015firketle yat\u0131r\u0131m mutabakat zapt\u0131 imzaland\u0131. Bu mutabakat zapt\u0131, Suriye&#8217;nin \u00e7e\u015fitli illerinde hayata ge\u00e7irilecek 14 milyar dolar de\u011ferinde 12 yat\u0131r\u0131m projesini kapsad\u0131. Suriye, Ekonomik Kalk\u0131nma ve Stratejik Ortakl\u0131klarda Yeni Bir D\u00f6neme Girdi Suriye Yat\u0131r\u0131m Kurumu Ba\u015fkan\u0131 Talal Hilali, yapt\u0131\u011f\u0131 a\u00e7\u0131klamada \u00fclkesinin &hellip;<\/p>\n","protected":false},"author":41,"featured_media":327252,"comment_status":"closed","ping_status":"closed","sticky":false,"template":"","format":"standard","meta":{"footnotes":""},"categories":[606,485,486,605],"tags":[],"class_list":["post-327251","post","type-post","status-publish","format-standard","has-post-thumbnail","","category-cumhurbaskani","category-is-ve-sermaye","category-haberler-is-ve-sermaye","category-sayin-cumhurbaskani"],"_links":{"self":[{"href":"https:\/\/archive.sana.sy\/tr\/index.php?rest_route=\/wp\/v2\/posts\/327251","targetHints":{"allow":["GET"]}}],"collection":[{"href":"https:\/\/archive.sana.sy\/tr\/index.php?rest_route=\/wp\/v2\/posts"}],"about":[{"href":"https:\/\/archive.sana.sy\/tr\/index.php?rest_route=\/wp\/v2\/types\/post"}],"author":[{"embeddable":true,"href":"https:\/\/archive.sana.sy\/tr\/index.php?rest_route=\/wp\/v2\/users\/41"}],"replies":[{"embeddable":true,"href":"https:\/\/archive.sana.sy\/tr\/index.php?rest_route=%2Fwp%2Fv2%2Fcomments&post=327251"}],"version-history":[{"count":2,"href":"https:\/\/archive.sana.sy\/tr\/index.php?rest_route=\/wp\/v2\/posts\/327251\/revisions"}],"predecessor-version":[{"id":327356,"href":"https:\/\/archive.sana.sy\/tr\/index.php?rest_route=\/wp\/v2\/posts\/327251\/revisions\/327356"}],"wp:featuredmedia":[{"embeddable":true,"href":"https:\/\/archive.sana.sy\/tr\/index.php?rest_route=\/wp\/v2\/media\/327252"}],"wp:attachment":[{"href":"https:\/\/archive.sana.sy\/tr\/index.php?rest_route=%2Fwp%2Fv2%2Fmedia&parent=327251"}],"wp:term":[{"taxonomy":"category","embeddable":true,"href":"https:\/\/archive.sana.sy\/tr\/index.php?rest_route=%2Fwp%2Fv2%2Fcategories&post=327251"},{"taxonomy":"post_tag","embeddable":true,"href":"https:\/\/archive.sana.sy\/tr\/index.php?rest_route=%2Fwp%2Fv2%2Ftags&post=327251"}],"curies":[{"name":"wp","href":"https:\/\/api.w.org\/{rel}","templated":true}]}}