{"id":327271,"date":"2025-08-06T19:00:49","date_gmt":"2025-08-06T16:00:49","guid":{"rendered":"https:\/\/sana.sy\/tr\/?p=327271"},"modified":"2025-08-06T19:49:58","modified_gmt":"2025-08-06T16:49:58","slug":"sam-metro-projesi-17-istasyonuyla-yaklasik-27-kilometre-uzunlugunda-ve-gunde-750-000-yolcu-tasiyan-kapsamli-bir-kentsel-ulasim-aginin-cekirdegini-olusturuyor","status":"publish","type":"post","link":"https:\/\/archive.sana.sy\/tr\/?p=327271","title":{"rendered":"\u015eam Metro Projesi&#8230; 17 Istasyonuyla Yakla\u015f\u0131k 27 kilometre Uzunlu\u011funda ve G\u00fcnde 750.000 yolcu Ta\u015f\u0131yan Kapsaml\u0131 Bir Kentsel Ula\u015f\u0131m A\u011f\u0131n\u0131n \u00c7ekirde\u011fini olu\u015fturuyor"},"content":{"rendered":"<p><span style=\"color: #ff0000;\"><strong>\u015eAM (SANA)<\/strong> <\/span>&#8211;\u00a0 \u015eam Metro Projesi, yo\u011fun n\u00fcfuslu b\u00f6lgeleri \u015fehrin \u00f6nemli i\u015f merkezleriyle birle\u015ftiren entegre bir kentsel ula\u015f\u0131m a\u011f\u0131n\u0131n \u00e7ekirde\u011fini olu\u015fturuyor. Bu nedenle, \u015eam&#8217;daki Halk Saray\u0131&#8217;nda Cumhurba\u015fkan\u0131 Say\u0131n Ahmed El \u015eara&#8217;n\u0131n huzurunda bir dizi uluslararas\u0131 \u015firketle imzalanan mutabakat zapt\u0131 kapsam\u0131nda bug\u00fcn imzalanan yat\u0131r\u0131m projeleri aras\u0131nda \u00f6ncelikli olarak se\u00e7ildi.<\/p>\n<p>2 milyar dolarl\u0131k proje, Muadamiyet el-\u015eam&#8217;dan Kabun&#8217;a kadar 26,5 kilometrelik bir uzunlu\u011fu kaps\u0131yor ve hayati \u00f6nem ta\u015f\u0131yan mahallelere hizmet veren 17 istasyonu i\u00e7eriyor.<\/p>\n<p>\u015eam Metrosu &#8220;Ye\u015fil Hat&#8221; projesi, trafik s\u0131k\u0131\u015f\u0131kl\u0131\u011f\u0131 ve n\u00fcfus art\u0131\u015f\u0131ndaki farkl\u0131l\u0131klar\u0131 gidererek \u00f6nemli bir kentsel ekonomik kalk\u0131nmay\u0131 temsil ediyor.<\/p>\n<p>Proje, g\u00fcnde yakla\u015f\u0131k 250.000 ziyaret\u00e7iye, 300.000 \u00e7al\u0131\u015fana ve 70.000 \u00f6\u011frenciye hizmet verirken, g\u00fcnl\u00fck yolcu kullan\u0131m\u0131n\u0131n 750.000&#8217;i a\u015fmas\u0131 bekleniyor. Hat ayr\u0131ca Hicaz ve Kabun tren istasyonlar\u0131na ve gelecekteki di\u011fer ula\u015f\u0131m hatlar\u0131na ba\u011flanarak, ula\u015f\u0131m a\u011f\u0131nda merkezi bir merkez haline gelecek.<\/p>\n<p>Uygulama se\u00e7enekleri, her b\u00f6lgenin \u00f6zelliklerine ve kentsel ve g\u00f6rsel etkisine ba\u011fl\u0131 olarak t\u00fcneller, k\u00f6pr\u00fcler ve y\u00fczey \u00e7al\u0131\u015fmalar\u0131 aras\u0131nda de\u011fi\u015fiklik g\u00f6stermektedir.<\/p>\n","protected":false},"excerpt":{"rendered":"<p>\u015eAM (SANA) &#8211;\u00a0 \u015eam Metro Projesi, yo\u011fun n\u00fcfuslu b\u00f6lgeleri \u015fehrin \u00f6nemli i\u015f merkezleriyle birle\u015ftiren entegre bir kentsel ula\u015f\u0131m a\u011f\u0131n\u0131n \u00e7ekirde\u011fini olu\u015fturuyor. Bu nedenle, \u015eam&#8217;daki Halk Saray\u0131&#8217;nda Cumhurba\u015fkan\u0131 Say\u0131n Ahmed El \u015eara&#8217;n\u0131n huzurunda bir dizi uluslararas\u0131 \u015firketle imzalanan mutabakat zapt\u0131 kapsam\u0131nda bug\u00fcn imzalanan yat\u0131r\u0131m projeleri aras\u0131nda \u00f6ncelikli olarak se\u00e7ildi. 2 milyar dolarl\u0131k proje, Muadamiyet el-\u015eam&#8217;dan Kabun&#8217;a &hellip;<\/p>\n","protected":false},"author":41,"featured_media":327272,"comment_status":"closed","ping_status":"closed","sticky":false,"template":"","format":"standard","meta":{"footnotes":""},"categories":[589,479,17988,478],"tags":[],"class_list":["post-327271","post","type-post","status-publish","format-standard","has-post-thumbnail","","category-haber-seridi","category-haberler-yerel","category-son-haberler","category-yerel"],"_links":{"self":[{"href":"https:\/\/archive.sana.sy\/tr\/index.php?rest_route=\/wp\/v2\/posts\/327271","targetHints":{"allow":["GET"]}}],"collection":[{"href":"https:\/\/archive.sana.sy\/tr\/index.php?rest_route=\/wp\/v2\/posts"}],"about":[{"href":"https:\/\/archive.sana.sy\/tr\/index.php?rest_route=\/wp\/v2\/types\/post"}],"author":[{"embeddable":true,"href":"https:\/\/archive.sana.sy\/tr\/index.php?rest_route=\/wp\/v2\/users\/41"}],"replies":[{"embeddable":true,"href":"https:\/\/archive.sana.sy\/tr\/index.php?rest_route=%2Fwp%2Fv2%2Fcomments&post=327271"}],"version-history":[{"count":1,"href":"https:\/\/archive.sana.sy\/tr\/index.php?rest_route=\/wp\/v2\/posts\/327271\/revisions"}],"predecessor-version":[{"id":327273,"href":"https:\/\/archive.sana.sy\/tr\/index.php?rest_route=\/wp\/v2\/posts\/327271\/revisions\/327273"}],"wp:featuredmedia":[{"embeddable":true,"href":"https:\/\/archive.sana.sy\/tr\/index.php?rest_route=\/wp\/v2\/media\/327272"}],"wp:attachment":[{"href":"https:\/\/archive.sana.sy\/tr\/index.php?rest_route=%2Fwp%2Fv2%2Fmedia&parent=327271"}],"wp:term":[{"taxonomy":"category","embeddable":true,"href":"https:\/\/archive.sana.sy\/tr\/index.php?rest_route=%2Fwp%2Fv2%2Fcategories&post=327271"},{"taxonomy":"post_tag","embeddable":true,"href":"https:\/\/archive.sana.sy\/tr\/index.php?rest_route=%2Fwp%2Fv2%2Ftags&post=327271"}],"curies":[{"name":"wp","href":"https:\/\/api.w.org\/{rel}","templated":true}]}}