{"id":327274,"date":"2025-08-06T20:29:42","date_gmt":"2025-08-06T17:29:42","guid":{"rendered":"https:\/\/sana.sy\/tr\/?p=327274"},"modified":"2025-08-06T20:42:05","modified_gmt":"2025-08-06T17:42:05","slug":"sam-havalimani-projesi-yilda-31-milyondan-fazla-yolcuya-hizmet-veren-dunyanin-en-iyi-havayollari-terminali","status":"publish","type":"post","link":"https:\/\/archive.sana.sy\/tr\/?p=327274","title":{"rendered":"\u015eam Havaliman\u0131 Projesi\u2026 Y\u0131lda 31 Milyondan Fazla Yolcunun Seyahat Etti\u011fi, D\u00fcnyan\u0131n \u00d6nde Gelen Havayolu \u015eirketlerinin U\u011frak Noktas\u0131"},"content":{"rendered":"<p style=\"text-align: justify;\" data-start=\"377\" data-end=\"692\"><span style=\"color: #ff0000;\"><strong data-start=\"377\" data-end=\"391\">\u015eAM (SANA)<\/strong> <\/span>\u2013 \u015eam Uluslararas\u0131 Havaliman\u0131 Projesi, Suriye halk\u0131n\u0131n zengin k\u00fclt\u00fcrel miras\u0131n\u0131 ve \u00fclkenin k\u00f6kl\u00fc medeniyetini yans\u0131tan stratejik bir kalk\u0131nma ad\u0131m\u0131d\u0131r. Tamamland\u0131\u011f\u0131nda, y\u0131lda 31 milyondan fazla yolcuya hizmet verecek bu modern tesis, d\u00fcnyan\u0131n \u00f6nde gelen havayolu \u015firketlerine ev sahipli\u011fi yapacakt\u0131r.<\/p>\n<p style=\"text-align: justify;\" data-start=\"694\" data-end=\"862\">Proje, bug\u00fcn \u015eam&#8217;daki Halk Saray\u0131\u2019nda Cumhurba\u015fkan\u0131 Say\u0131n Ahmed El \u015eara&#8217;n\u0131n himayesinde, \u00e7e\u015fitli uluslararas\u0131 \u015firketlerle imzalanan yat\u0131r\u0131m projeleri aras\u0131nda yer ald\u0131.<\/p>\n<p style=\"text-align: justify;\" data-start=\"864\" data-end=\"1229\">Yeni havaliman\u0131n\u0131n in\u015fas\u0131ndan \u00f6nce, Suriye Sivil Havac\u0131l\u0131k Genel M\u00fcd\u00fcrl\u00fc\u011f\u00fc (SHO), havaliman\u0131na giden yolun g\u00fczelle\u015ftirilmesi ve modernizasyonuyla ba\u015flayan, turizm sekt\u00f6r\u00fcn\u00fc canland\u0131rmay\u0131 ve ziyaret\u00e7i say\u0131s\u0131n\u0131 art\u0131rmay\u0131 hedefleyen kapsaml\u0131 bir kalk\u0131nma plan\u0131 ba\u015flatt\u0131. Bu \u00e7er\u00e7evede, y\u0131ll\u0131k yakla\u015f\u0131k 6 milyon yolcu kapasiteli 1 ve 2 numaral\u0131 terminaller de yenilendi.<\/p>\n<p style=\"text-align: justify;\" data-start=\"1231\" data-end=\"1452\">Yeni havaliman\u0131, \u00fc\u00e7 a\u015famada in\u015fa edilecek \u015fekilde planland\u0131. \u0130lk etap, y\u0131ll\u0131k 10 milyon yolcu kapasitesine sahip olacak; ikinci ve \u00fc\u00e7\u00fcnc\u00fc etaplar ise her biri 7,5 milyon yolcu kapasitesine sahip olarak hayata ge\u00e7irilecek.<\/p>\n<p style=\"text-align: justify;\" data-start=\"1454\" data-end=\"1830\">Yeni tesiste, cumhurba\u015fkanl\u0131\u011f\u0131, bakanl\u0131klar ve \u00f6zel u\u00e7aklara ayr\u0131lm\u0131\u015f modern yolcu terminallerinin yan\u0131 s\u0131ra, VIP salonlar\u0131, uluslararas\u0131 restoranlar ve \u00f6nde gelen markalar\u0131n yer ald\u0131\u011f\u0131 duty-free ma\u011fazalar\u0131 yer alacak. Havaliman\u0131, en son k\u00fcresel teknolojilerle donat\u0131lacak; entegre havac\u0131l\u0131k tesisleri ve ak\u0131ll\u0131 altyap\u0131ya sahip ileri d\u00fczey bir hava kargo merkezi de bulunacak.<\/p>\n<p style=\"text-align: justify;\" data-start=\"1832\" data-end=\"2149\">Yeni havaliman\u0131n\u0131n mimari vizyonu, efsanevi \u015eam k\u0131l\u0131c\u0131n\u0131n zarif i\u015f\u00e7ili\u011finden ilham alarak, \u00e7a\u011fda\u015f inovasyon ile Suriye\u2019nin k\u00fclt\u00fcrel miras\u0131n\u0131 birle\u015ftiriyor. Bina, \u015eam \u00e7eli\u011fi sanat\u0131n\u0131n karma\u015f\u0131k desenlerini yans\u0131tan modern mimarisiyle dikkat \u00e7ekecek; bu sofistike konsept, yenilik\u00e7ili\u011fin bir sembol\u00fc olarak yorumlan\u0131yor.<\/p>\n<p style=\"text-align: justify;\" data-start=\"2151\" data-end=\"2377\">Yeni yolcu terminalinin tasar\u0131m\u0131 da, modern yolculuk dinamiklerine ve yolcu beklentilerine yan\u0131t vermek \u00fczere; zarafet, g\u00fc\u00e7 ve hassasiyeti simgeleyen \u015eam \u00e7elik k\u0131l\u0131c\u0131n\u0131n ak\u0131c\u0131 ve dinamik \u00e7izgilerinden esinlenerek geli\u015ftirildi.<\/p>\n","protected":false},"excerpt":{"rendered":"<p>\u015eAM (SANA) \u2013 \u015eam Uluslararas\u0131 Havaliman\u0131 Projesi, Suriye halk\u0131n\u0131n zengin k\u00fclt\u00fcrel miras\u0131n\u0131 ve \u00fclkenin k\u00f6kl\u00fc medeniyetini yans\u0131tan stratejik bir kalk\u0131nma ad\u0131m\u0131d\u0131r. Tamamland\u0131\u011f\u0131nda, y\u0131lda 31 milyondan fazla yolcuya hizmet verecek bu modern tesis, d\u00fcnyan\u0131n \u00f6nde gelen havayolu \u015firketlerine ev sahipli\u011fi yapacakt\u0131r. Proje, bug\u00fcn \u015eam&#8217;daki Halk Saray\u0131\u2019nda Cumhurba\u015fkan\u0131 Say\u0131n Ahmed El \u015eara&#8217;n\u0131n himayesinde, \u00e7e\u015fitli uluslararas\u0131 \u015firketlerle imzalanan &hellip;<\/p>\n","protected":false},"author":41,"featured_media":327275,"comment_status":"closed","ping_status":"closed","sticky":false,"template":"","format":"standard","meta":{"footnotes":""},"categories":[589,479,17988,478],"tags":[],"class_list":["post-327274","post","type-post","status-publish","format-standard","has-post-thumbnail","","category-haber-seridi","category-haberler-yerel","category-son-haberler","category-yerel"],"_links":{"self":[{"href":"https:\/\/archive.sana.sy\/tr\/index.php?rest_route=\/wp\/v2\/posts\/327274","targetHints":{"allow":["GET"]}}],"collection":[{"href":"https:\/\/archive.sana.sy\/tr\/index.php?rest_route=\/wp\/v2\/posts"}],"about":[{"href":"https:\/\/archive.sana.sy\/tr\/index.php?rest_route=\/wp\/v2\/types\/post"}],"author":[{"embeddable":true,"href":"https:\/\/archive.sana.sy\/tr\/index.php?rest_route=\/wp\/v2\/users\/41"}],"replies":[{"embeddable":true,"href":"https:\/\/archive.sana.sy\/tr\/index.php?rest_route=%2Fwp%2Fv2%2Fcomments&post=327274"}],"version-history":[{"count":2,"href":"https:\/\/archive.sana.sy\/tr\/index.php?rest_route=\/wp\/v2\/posts\/327274\/revisions"}],"predecessor-version":[{"id":327277,"href":"https:\/\/archive.sana.sy\/tr\/index.php?rest_route=\/wp\/v2\/posts\/327274\/revisions\/327277"}],"wp:featuredmedia":[{"embeddable":true,"href":"https:\/\/archive.sana.sy\/tr\/index.php?rest_route=\/wp\/v2\/media\/327275"}],"wp:attachment":[{"href":"https:\/\/archive.sana.sy\/tr\/index.php?rest_route=%2Fwp%2Fv2%2Fmedia&parent=327274"}],"wp:term":[{"taxonomy":"category","embeddable":true,"href":"https:\/\/archive.sana.sy\/tr\/index.php?rest_route=%2Fwp%2Fv2%2Fcategories&post=327274"},{"taxonomy":"post_tag","embeddable":true,"href":"https:\/\/archive.sana.sy\/tr\/index.php?rest_route=%2Fwp%2Fv2%2Ftags&post=327274"}],"curies":[{"name":"wp","href":"https:\/\/api.w.org\/{rel}","templated":true}]}}