{"id":327279,"date":"2025-08-07T09:09:23","date_gmt":"2025-08-07T06:09:23","guid":{"rendered":"https:\/\/sana.sy\/tr\/?p=327279"},"modified":"2025-08-07T18:13:38","modified_gmt":"2025-08-07T15:13:38","slug":"buyukelci-barak-suriyede-iyilesme-yolu-guvenlik-ve-istikrarin-temellerinin-atilmasiyla-baslar","status":"publish","type":"post","link":"https:\/\/archive.sana.sy\/tr\/?p=327279","title":{"rendered":"B\u00fcy\u00fckel\u00e7i Barrack: Suriye\u2019de \u0130yile\u015fme Yolu, G\u00fcvenlik Ve \u0130stikrar\u0131n Temellerinin At\u0131lmas\u0131yla Ba\u015flar"},"content":{"rendered":"<p style=\"text-align: justify;\"><strong><span style=\"color: #ff0000;\">\u015eAM (SANA)<\/span> &#8211;\u00a0<\/strong>ABD\u2019nin Suriye \u00d6zel Temsilcisi Thomas Barrack, Suriye\u2019de toparlanma s\u00fcrecinin g\u00fcvenlik ve istikrar\u0131n temellerinin at\u0131lmas\u0131yla ba\u015flayaca\u011f\u0131n\u0131 vurgulayarak, bar\u0131\u015f\u00e7\u0131l ve m\u00fcreffeh bir Suriye\u2019nin gelece\u011finin hem Suriye\u2019nin hem de b\u00f6lgesel ortaklar\u0131n\u0131n ellerinde oldu\u011funu belirtti.<\/p>\n<p style=\"text-align: justify;\">Barrack, X platformunda yapt\u0131\u011f\u0131 payla\u015f\u0131mda, &#8220;Bar\u0131\u015f\u00e7\u0131l ve m\u00fcreffeh bir Suriye\u2019nin gelece\u011fi, Suriye\u2019nin yan\u0131 s\u0131ra, ABD Ba\u015fkan\u0131 Donald Trump\u2019\u0131n Suriye\u2019ye uygulanan yapt\u0131r\u0131mlar\u0131 kald\u0131rmas\u0131n\u0131n ard\u0131ndan yeni \u015eam Uluslararas\u0131 Havaliman\u0131\u2019n\u0131n in\u015faat, i\u015fletme ve devri (Y\u0130D) s\u00f6zle\u015fmesini alan Katar merkezli UCC \u015firketi ile T\u00fcrkiye\u2019den Cengiz ve Kalyon gruplar\u0131 gibi b\u00f6lgesel ortaklar\u0131n\u0131n ellerindedir&#8221; ifadelerini kulland\u0131.<\/p>\n<p style=\"text-align: justify;\">Barrack ayr\u0131ca, Suriye\u2019deki iyile\u015fme yolunun, \u00f6nce g\u00fcvenlik ve istikrar\u0131n sa\u011flanmas\u0131, ard\u0131ndan etkili bir y\u00f6neti\u015fim sisteminin olu\u015fturulmas\u0131 ve nihayetinde giri\u015fimcilik ruhu ile refah\u0131n in\u015fa edilmesi gibi ard\u0131\u015f\u0131k ad\u0131mlarla m\u00fcmk\u00fcn olaca\u011f\u0131n\u0131 belirterek, \u015eam\u2019daki Halk Saray\u0131\u2019nda d\u00fczenlenen ve \u00e7e\u015fitli uluslararas\u0131 \u015firketlerle yat\u0131r\u0131m mutabakatlar\u0131n\u0131n imzaland\u0131\u011f\u0131 t\u00f6rene kat\u0131lmaktan memnuniyet duydu\u011funu ifade etti.<\/p>\n","protected":false},"excerpt":{"rendered":"<p>\u015eAM (SANA) &#8211;\u00a0ABD\u2019nin Suriye \u00d6zel Temsilcisi Thomas Barrack, Suriye\u2019de toparlanma s\u00fcrecinin g\u00fcvenlik ve istikrar\u0131n temellerinin at\u0131lmas\u0131yla ba\u015flayaca\u011f\u0131n\u0131 vurgulayarak, bar\u0131\u015f\u00e7\u0131l ve m\u00fcreffeh bir Suriye\u2019nin gelece\u011finin hem Suriye\u2019nin hem de b\u00f6lgesel ortaklar\u0131n\u0131n ellerinde oldu\u011funu belirtti. Barrack, X platformunda yapt\u0131\u011f\u0131 payla\u015f\u0131mda, &#8220;Bar\u0131\u015f\u00e7\u0131l ve m\u00fcreffeh bir Suriye\u2019nin gelece\u011fi, Suriye\u2019nin yan\u0131 s\u0131ra, ABD Ba\u015fkan\u0131 Donald Trump\u2019\u0131n Suriye\u2019ye uygulanan yapt\u0131r\u0131mlar\u0131 kald\u0131rmas\u0131n\u0131n &hellip;<\/p>\n","protected":false},"author":39,"featured_media":327280,"comment_status":"closed","ping_status":"closed","sticky":false,"template":"","format":"standard","meta":{"footnotes":""},"categories":[589,479,17988,478],"tags":[],"class_list":["post-327279","post","type-post","status-publish","format-standard","has-post-thumbnail","","category-haber-seridi","category-haberler-yerel","category-son-haberler","category-yerel"],"_links":{"self":[{"href":"https:\/\/archive.sana.sy\/tr\/index.php?rest_route=\/wp\/v2\/posts\/327279","targetHints":{"allow":["GET"]}}],"collection":[{"href":"https:\/\/archive.sana.sy\/tr\/index.php?rest_route=\/wp\/v2\/posts"}],"about":[{"href":"https:\/\/archive.sana.sy\/tr\/index.php?rest_route=\/wp\/v2\/types\/post"}],"author":[{"embeddable":true,"href":"https:\/\/archive.sana.sy\/tr\/index.php?rest_route=\/wp\/v2\/users\/39"}],"replies":[{"embeddable":true,"href":"https:\/\/archive.sana.sy\/tr\/index.php?rest_route=%2Fwp%2Fv2%2Fcomments&post=327279"}],"version-history":[{"count":6,"href":"https:\/\/archive.sana.sy\/tr\/index.php?rest_route=\/wp\/v2\/posts\/327279\/revisions"}],"predecessor-version":[{"id":327327,"href":"https:\/\/archive.sana.sy\/tr\/index.php?rest_route=\/wp\/v2\/posts\/327279\/revisions\/327327"}],"wp:featuredmedia":[{"embeddable":true,"href":"https:\/\/archive.sana.sy\/tr\/index.php?rest_route=\/wp\/v2\/media\/327280"}],"wp:attachment":[{"href":"https:\/\/archive.sana.sy\/tr\/index.php?rest_route=%2Fwp%2Fv2%2Fmedia&parent=327279"}],"wp:term":[{"taxonomy":"category","embeddable":true,"href":"https:\/\/archive.sana.sy\/tr\/index.php?rest_route=%2Fwp%2Fv2%2Fcategories&post=327279"},{"taxonomy":"post_tag","embeddable":true,"href":"https:\/\/archive.sana.sy\/tr\/index.php?rest_route=%2Fwp%2Fv2%2Ftags&post=327279"}],"curies":[{"name":"wp","href":"https:\/\/api.w.org\/{rel}","templated":true}]}}