{"id":327285,"date":"2025-08-07T12:45:53","date_gmt":"2025-08-07T09:45:53","guid":{"rendered":"https:\/\/sana.sy\/tr\/?p=327285"},"modified":"2025-08-07T17:50:20","modified_gmt":"2025-08-07T14:50:20","slug":"humus-el-nasr-bulvari-kentsel-gelisim-4-500-konut-birimi-ve-15-000-istihdam-sagliyor","status":"publish","type":"post","link":"https:\/\/archive.sana.sy\/tr\/?p=327285","title":{"rendered":"Humus El Nasr Bulvar\u0131: Kentsel Geli\u015fim 4.500 Konut Birimi ve 15.000 \u0130stihdam Sa\u011fl\u0131yor"},"content":{"rendered":"<p style=\"text-align: justify;\" data-start=\"283\" data-end=\"455\"><strong data-start=\"283\" data-end=\"455\"><span style=\"color: #ff0000;\">HUMUS (SANA)<\/span> \u2013 <\/strong>Humus Valili\u011fi, \u201cEn-Nasr Bulvar\u0131\u201d projesini hayata ge\u00e7irmek amac\u0131yla El-Umran Gayrimenkul Geli\u015ftirme ve Yat\u0131r\u0131m \u015eirketi ile bir mutabakat zapt\u0131 imzalad\u0131.<\/p>\n<p style=\"text-align: justify;\" data-start=\"457\" data-end=\"735\">Proje; El-Nasr Park\u0131 ve ba\u011fl\u0131 hizmet tesislerinin tasar\u0131m\u0131 ve uygulanmas\u0131n\u0131n yan\u0131 s\u0131ra \u00e7ama\u015f\u0131rhane, toptanc\u0131 hali ve Karabiye b\u00f6lgesinin geli\u015ftirilip d\u00fczenlenmesini de kapsayarak, yeniden yap\u0131land\u0131rma ve s\u00fcrd\u00fcr\u00fclebilir kalk\u0131nma y\u00f6n\u00fcnde nitelikli bir ad\u0131m olmay\u0131 hedeflemektedir.<\/p>\n<p style=\"text-align: justify;\" data-start=\"737\" data-end=\"942\">Bu proje, Humus halk\u0131n\u0131n ihtiya\u00e7lar\u0131n\u0131 kar\u015f\u0131layan, hizmet ve ya\u015fam ko\u015fullar\u0131n\u0131 iyile\u015ftirmeyi, sosyal ve ekonomik istikrar\u0131 g\u00fc\u00e7lendirmeyi ama\u00e7layan entegre bir kentsel plan\u0131n par\u00e7as\u0131 olarak \u00f6ne \u00e7\u0131kmaktad\u0131r.<\/p>\n<p style=\"text-align: justify;\" data-start=\"944\" data-end=\"1359\">Humus Valisi Abd\u00fclrahman El-Aama, SANA muhabirine yapt\u0131\u011f\u0131 a\u00e7\u0131klamada, projenin yakla\u015f\u0131k 4.500 konut birimi ile hizmet, ticaret ve turizm tesislerinin in\u015fas\u0131n\u0131 i\u00e7erdi\u011fini ve bu sayede hasar g\u00f6ren mahallelerin rehabilitasyonu ile konut krizinin \u00e7\u00f6z\u00fcm\u00fcne stratejik bir katk\u0131 sa\u011flayaca\u011f\u0131n\u0131 belirtti. Vali ayr\u0131ca, projenin b\u00f6lge sakinlerinin beklentileri do\u011frultusunda ya\u015fam kalitesini art\u0131rmay\u0131 hedefledi\u011fini vurgulad\u0131.<\/p>\n<p style=\"text-align: justify;\" data-start=\"1361\" data-end=\"1677\">Vali El-Aama, projenin; su, elektrik, kanalizasyon, do\u011falgaz ve modern ula\u015f\u0131m a\u011flar\u0131n\u0131 i\u00e7eren entegre bir altyap\u0131ya sahip olaca\u011f\u0131n\u0131, \u015fehrin k\u00fclt\u00fcrel ve mimari dokusunu g\u00f6z \u00f6n\u00fcnde bulundurarak onayl\u0131 standartlara uygun bi\u00e7imde ve kaliteye tam ba\u011fl\u0131l\u0131kla, yedi y\u0131l\u0131 ge\u00e7meyecek a\u015famalar h\u00e2linde uygulanaca\u011f\u0131n\u0131 kaydetti.<\/p>\n<p style=\"text-align: justify;\" data-start=\"1679\" data-end=\"2105\">Ayr\u0131ca Vali, projenin in\u015faat ve hizmet sekt\u00f6rlerinde kal\u0131c\u0131 istihdam olanaklar\u0131 yarataca\u011f\u0131n\u0131 ve uygulama s\u00fcrecinde yakla\u015f\u0131k 15.000 ki\u015fiye do\u011frudan i\u015f imk\u00e2n\u0131 sunarak kent ekonomisine ger\u00e7ek bir ivme kazand\u0131raca\u011f\u0131n\u0131 ifade etti. Projenin, d\u00fc\u015f\u00fck gelirli vatanda\u015flar ve \u015fehit ailelerine onurlu ve istikrarl\u0131 ya\u015fam ko\u015fullar\u0131 sunacak adil bir da\u011f\u0131t\u0131m mekanizmas\u0131yla konut tahsis ederek \u00f6nemli sosyal boyutlar i\u00e7erdi\u011fine dikkat \u00e7ekti.<\/p>\n<p style=\"text-align: justify;\" data-start=\"2107\" data-end=\"2365\">Vali El-Aama, imzalanan mutabakat zapt\u0131n\u0131n; devlet m\u00fclklerinin korunmas\u0131yla birlikte vatanda\u015flar\u0131n \u00f6zel m\u00fclkiyet haklar\u0131n\u0131n da dikkate al\u0131narak, projeden etkilenen mal sahiplerine belirlenecek mekanizma do\u011frultusunda tazminat \u00f6denmesini \u00f6ng\u00f6rd\u00fc\u011f\u00fcn\u00fc a\u00e7\u0131klad\u0131.<\/p>\n<p style=\"text-align: justify;\" data-start=\"2367\" data-end=\"2682\">Son olarak Vali, valili\u011fin; etkilenen sakinlerle koordinasyon i\u00e7inde adil ve \u015feffaf bir tazminat mekanizmas\u0131n\u0131n uygulanmas\u0131n\u0131, haklar\u0131n g\u00fcvence alt\u0131na al\u0131nmas\u0131n\u0131 ve prosed\u00fcrler tamamlanmadan fiili uygulamaya ge\u00e7ilmemesini sa\u011flamak \u00fczere uzman teknik komiteler olu\u015fturulmas\u0131 y\u00f6n\u00fcnde \u00e7al\u0131\u015fmalar y\u00fcr\u00fctt\u00fc\u011f\u00fcn\u00fc vurgulad\u0131.<\/p>\n","protected":false},"excerpt":{"rendered":"<p>HUMUS (SANA) \u2013 Humus Valili\u011fi, \u201cEn-Nasr Bulvar\u0131\u201d projesini hayata ge\u00e7irmek amac\u0131yla El-Umran Gayrimenkul Geli\u015ftirme ve Yat\u0131r\u0131m \u015eirketi ile bir mutabakat zapt\u0131 imzalad\u0131. Proje; El-Nasr Park\u0131 ve ba\u011fl\u0131 hizmet tesislerinin tasar\u0131m\u0131 ve uygulanmas\u0131n\u0131n yan\u0131 s\u0131ra \u00e7ama\u015f\u0131rhane, toptanc\u0131 hali ve Karabiye b\u00f6lgesinin geli\u015ftirilip d\u00fczenlenmesini de kapsayarak, yeniden yap\u0131land\u0131rma ve s\u00fcrd\u00fcr\u00fclebilir kalk\u0131nma y\u00f6n\u00fcnde nitelikli bir ad\u0131m olmay\u0131 hedeflemektedir. &hellip;<\/p>\n","protected":false},"author":36,"featured_media":327286,"comment_status":"closed","ping_status":"closed","sticky":false,"template":"","format":"standard","meta":{"footnotes":""},"categories":[589,479,17988,478],"tags":[],"class_list":["post-327285","post","type-post","status-publish","format-standard","has-post-thumbnail","","category-haber-seridi","category-haberler-yerel","category-son-haberler","category-yerel"],"_links":{"self":[{"href":"https:\/\/archive.sana.sy\/tr\/index.php?rest_route=\/wp\/v2\/posts\/327285","targetHints":{"allow":["GET"]}}],"collection":[{"href":"https:\/\/archive.sana.sy\/tr\/index.php?rest_route=\/wp\/v2\/posts"}],"about":[{"href":"https:\/\/archive.sana.sy\/tr\/index.php?rest_route=\/wp\/v2\/types\/post"}],"author":[{"embeddable":true,"href":"https:\/\/archive.sana.sy\/tr\/index.php?rest_route=\/wp\/v2\/users\/36"}],"replies":[{"embeddable":true,"href":"https:\/\/archive.sana.sy\/tr\/index.php?rest_route=%2Fwp%2Fv2%2Fcomments&post=327285"}],"version-history":[{"count":2,"href":"https:\/\/archive.sana.sy\/tr\/index.php?rest_route=\/wp\/v2\/posts\/327285\/revisions"}],"predecessor-version":[{"id":327324,"href":"https:\/\/archive.sana.sy\/tr\/index.php?rest_route=\/wp\/v2\/posts\/327285\/revisions\/327324"}],"wp:featuredmedia":[{"embeddable":true,"href":"https:\/\/archive.sana.sy\/tr\/index.php?rest_route=\/wp\/v2\/media\/327286"}],"wp:attachment":[{"href":"https:\/\/archive.sana.sy\/tr\/index.php?rest_route=%2Fwp%2Fv2%2Fmedia&parent=327285"}],"wp:term":[{"taxonomy":"category","embeddable":true,"href":"https:\/\/archive.sana.sy\/tr\/index.php?rest_route=%2Fwp%2Fv2%2Fcategories&post=327285"},{"taxonomy":"post_tag","embeddable":true,"href":"https:\/\/archive.sana.sy\/tr\/index.php?rest_route=%2Fwp%2Fv2%2Ftags&post=327285"}],"curies":[{"name":"wp","href":"https:\/\/api.w.org\/{rel}","templated":true}]}}