{"id":327288,"date":"2025-08-07T12:36:23","date_gmt":"2025-08-07T09:36:23","guid":{"rendered":"https:\/\/sana.sy\/tr\/?p=327288"},"modified":"2025-08-07T18:11:26","modified_gmt":"2025-08-07T15:11:26","slug":"icisleri-bakanligi-idlib-kirsalinda-bir-teror-hucresi-cokertti","status":"publish","type":"post","link":"https:\/\/archive.sana.sy\/tr\/?p=327288","title":{"rendered":"\u0130\u00e7i\u015fleri Bakanl\u0131\u011f\u0131: \u0130dlib k\u0131rsal\u0131nda Bir Ter\u00f6r H\u00fccresi \u00c7\u00f6kertti"},"content":{"rendered":"<p style=\"text-align: justify;\"><strong><span style=\"color: #ff0000;\">\u0130DL\u0130B (SANA) &#8211;<\/span> <\/strong>\u0130\u00e7i\u015fleri Bakanl\u0131\u011f\u0131, Genel \u0130stihbarat Te\u015fkilat\u0131 ile i\u015fbirli\u011fi i\u00e7erisinde \u0130dlib ilinin k\u0131rsal\u0131na ba\u011fl\u0131 Harem b\u00f6lgesinde I\u015e\u0130D&#8217;a ba\u011fl\u0131 bir ter\u00f6r h\u00fccresinin \u00e7\u00f6kertildi\u011fini duyurdu.<\/p>\n<p style=\"text-align: justify;\">\u0130\u00e7i\u015fleri Bakanl\u0131\u011f\u0131, \u0130dlib \u0130\u00e7 G\u00fcvenlik Kuvvetleri Komutan\u0131 Tu\u011fgeneral \u011eassan Muhammed Bak\u0131r&#8217;\u0131n Telegram kanal\u0131nda yapt\u0131\u011f\u0131 a\u00e7\u0131klamada, &#8220;\u0130dlib \u0130\u00e7 G\u00fcvenlik Kuvvetleri Komutanl\u0131\u011f\u0131m\u0131z, Genel \u0130stihbarat Te\u015fkilat\u0131 ile i\u015f birli\u011fi i\u00e7erisinde Harem b\u00f6lgesinde I\u015e\u0130D ba\u011flant\u0131l\u0131 bir ter\u00f6r h\u00fccresini hedef alan \u00f6zel bir g\u00fcvenlik operasyonu ger\u00e7ekle\u015ftirmi\u015ftir&#8221; ifadelerine yer verdi.<\/p>\n<p style=\"text-align: justify;\">Tu\u011fgeneral Bak\u0131r, &#8220;Operasyon, ter\u00f6r h\u00fccresinin tamamen \u00e7\u00f6kertilmesiyle sonu\u00e7land\u0131. \u00d6rg\u00fct\u00fcn \u00fcyelerinin, Salkin kentinde \u00fc\u00e7 ki\u015fiyi, bat\u0131 \u0130dlib k\u0131rsal\u0131ndaki Azmarin kentinde bir ki\u015fiyi ve \u0130dlib&#8217;in kuzeyindeki Kaftin k\u00f6y\u00fcnde bir ki\u015fiyi hedef alan \u00e7e\u015fitli suikastlar ger\u00e7ekle\u015ftirdi\u011fi ortaya \u00e7\u0131kt\u0131, ve bu ki\u015filerin hepsi Irak uyrukluydu&#8221; dedi.<\/p>\n<p style=\"text-align: justify;\">\u0130dlib \u0130\u00e7 G\u00fcvenlik Kuvvetleri Komutan\u0131, \u00f6zel kuvvetler biriminin operasyon s\u0131ras\u0131nda intihar yelekleri, patlay\u0131c\u0131 d\u00fczenekleri, keskin ni\u015fanc\u0131 t\u00fcfekleri, hafif makineli t\u00fcfekler ve havan mermileri de dahil olmak \u00fczere \u00e7e\u015fitli miktarlarda patlay\u0131c\u0131 i\u00e7eren bir silah deposunun yan\u0131 s\u0131ra patlay\u0131c\u0131 maddeler ve patlay\u0131c\u0131 \u00fcretim ve infilak at\u00f6lyesini ele ge\u00e7irdi\u011fini belirtirken, ele ge\u00e7irilen t\u00fcm malzemelere el konuldu\u011funa i\u015faret etti.<\/p>\n<p style=\"text-align: justify;\">Tu\u011fgeneral Bak\u0131r ayr\u0131ca, \u0130\u00e7 G\u00fcvenlik Kuvvetleri&#8217;nin, \u00fclkenin ve vatanda\u015flar\u0131n\u0131n g\u00fcvenli\u011fini tehdit etmeye kalk\u0131\u015fan herkes ortadan kald\u0131r\u0131l\u0131ncaya kadar, kararl\u0131l\u0131k ve metanetle ulusal g\u00f6revini yerine getirmeye devam edece\u011fini vurgulad\u0131.<\/p>\n<div id='gallery-1' class='gallery galleryid-327288 gallery-columns-4 gallery-size-full'><figure class='gallery-item'>\n\t\t\t<div class='gallery-icon landscape'>\n\t\t\t\t<a href='https:\/\/archive.sana.sy\/tr\/wp-content\/uploads\/2025\/08\/\u062d\u0627\u0631\u0645-11.png'><img loading=\"lazy\" decoding=\"async\" width=\"700\" height=\"400\" src=\"https:\/\/archive.sana.sy\/tr\/wp-content\/uploads\/2025\/08\/\u062d\u0627\u0631\u0645-11.png\" class=\"attachment-full size-full\" alt=\"\" srcset=\"https:\/\/archive.sana.sy\/tr\/wp-content\/uploads\/2025\/08\/\u062d\u0627\u0631\u0645-11.png 700w, https:\/\/archive.sana.sy\/tr\/wp-content\/uploads\/2025\/08\/\u062d\u0627\u0631\u0645-11-300x171.png 300w\" sizes=\"auto, (max-width: 700px) 100vw, 700px\" \/><\/a>\n\t\t\t<\/div><\/figure><figure class='gallery-item'>\n\t\t\t<div class='gallery-icon landscape'>\n\t\t\t\t<a href='https:\/\/archive.sana.sy\/tr\/wp-content\/uploads\/2025\/08\/\u062d\u0627\u0631\u0645-12.png'><img loading=\"lazy\" decoding=\"async\" width=\"700\" height=\"400\" src=\"https:\/\/archive.sana.sy\/tr\/wp-content\/uploads\/2025\/08\/\u062d\u0627\u0631\u0645-12.png\" class=\"attachment-full size-full\" alt=\"\" srcset=\"https:\/\/archive.sana.sy\/tr\/wp-content\/uploads\/2025\/08\/\u062d\u0627\u0631\u0645-12.png 700w, https:\/\/archive.sana.sy\/tr\/wp-content\/uploads\/2025\/08\/\u062d\u0627\u0631\u0645-12-300x171.png 300w\" sizes=\"auto, (max-width: 700px) 100vw, 700px\" \/><\/a>\n\t\t\t<\/div><\/figure><figure class='gallery-item'>\n\t\t\t<div class='gallery-icon landscape'>\n\t\t\t\t<a href='https:\/\/archive.sana.sy\/tr\/wp-content\/uploads\/2025\/08\/\u062d\u0627\u0631\u0645-13.png'><img loading=\"lazy\" decoding=\"async\" width=\"700\" height=\"400\" src=\"https:\/\/archive.sana.sy\/tr\/wp-content\/uploads\/2025\/08\/\u062d\u0627\u0631\u0645-13.png\" class=\"attachment-full size-full\" alt=\"\" srcset=\"https:\/\/archive.sana.sy\/tr\/wp-content\/uploads\/2025\/08\/\u062d\u0627\u0631\u0645-13.png 700w, https:\/\/archive.sana.sy\/tr\/wp-content\/uploads\/2025\/08\/\u062d\u0627\u0631\u0645-13-300x171.png 300w\" sizes=\"auto, (max-width: 700px) 100vw, 700px\" \/><\/a>\n\t\t\t<\/div><\/figure><figure class='gallery-item'>\n\t\t\t<div class='gallery-icon landscape'>\n\t\t\t\t<a href='https:\/\/archive.sana.sy\/tr\/wp-content\/uploads\/2025\/08\/\u062d\u0627\u0631\u0645-15.png'><img loading=\"lazy\" decoding=\"async\" width=\"700\" height=\"400\" src=\"https:\/\/archive.sana.sy\/tr\/wp-content\/uploads\/2025\/08\/\u062d\u0627\u0631\u0645-15.png\" class=\"attachment-full size-full\" alt=\"\" srcset=\"https:\/\/archive.sana.sy\/tr\/wp-content\/uploads\/2025\/08\/\u062d\u0627\u0631\u0645-15.png 700w, https:\/\/archive.sana.sy\/tr\/wp-content\/uploads\/2025\/08\/\u062d\u0627\u0631\u0645-15-300x171.png 300w\" sizes=\"auto, (max-width: 700px) 100vw, 700px\" \/><\/a>\n\t\t\t<\/div><\/figure><figure class='gallery-item'>\n\t\t\t<div class='gallery-icon landscape'>\n\t\t\t\t<a href='https:\/\/archive.sana.sy\/tr\/wp-content\/uploads\/2025\/08\/\u062d\u0627\u0631\u0645-16.png'><img loading=\"lazy\" decoding=\"async\" width=\"700\" height=\"400\" src=\"https:\/\/archive.sana.sy\/tr\/wp-content\/uploads\/2025\/08\/\u062d\u0627\u0631\u0645-16.png\" class=\"attachment-full size-full\" alt=\"\" srcset=\"https:\/\/archive.sana.sy\/tr\/wp-content\/uploads\/2025\/08\/\u062d\u0627\u0631\u0645-16.png 700w, https:\/\/archive.sana.sy\/tr\/wp-content\/uploads\/2025\/08\/\u062d\u0627\u0631\u0645-16-300x171.png 300w\" sizes=\"auto, (max-width: 700px) 100vw, 700px\" \/><\/a>\n\t\t\t<\/div><\/figure><figure class='gallery-item'>\n\t\t\t<div class='gallery-icon landscape'>\n\t\t\t\t<a href='https:\/\/archive.sana.sy\/tr\/wp-content\/uploads\/2025\/08\/\u062d\u0627\u0631\u0645-17.png'><img loading=\"lazy\" decoding=\"async\" width=\"700\" height=\"400\" src=\"https:\/\/archive.sana.sy\/tr\/wp-content\/uploads\/2025\/08\/\u062d\u0627\u0631\u0645-17.png\" class=\"attachment-full size-full\" alt=\"\" srcset=\"https:\/\/archive.sana.sy\/tr\/wp-content\/uploads\/2025\/08\/\u062d\u0627\u0631\u0645-17.png 700w, https:\/\/archive.sana.sy\/tr\/wp-content\/uploads\/2025\/08\/\u062d\u0627\u0631\u0645-17-300x171.png 300w\" sizes=\"auto, (max-width: 700px) 100vw, 700px\" \/><\/a>\n\t\t\t<\/div><\/figure><figure class='gallery-item'>\n\t\t\t<div class='gallery-icon landscape'>\n\t\t\t\t<a href='https:\/\/archive.sana.sy\/tr\/wp-content\/uploads\/2025\/08\/\u062d\u0627\u0631\u0645-18.png'><img loading=\"lazy\" decoding=\"async\" width=\"700\" height=\"400\" src=\"https:\/\/archive.sana.sy\/tr\/wp-content\/uploads\/2025\/08\/\u062d\u0627\u0631\u0645-18.png\" class=\"attachment-full size-full\" alt=\"\" srcset=\"https:\/\/archive.sana.sy\/tr\/wp-content\/uploads\/2025\/08\/\u062d\u0627\u0631\u0645-18.png 700w, https:\/\/archive.sana.sy\/tr\/wp-content\/uploads\/2025\/08\/\u062d\u0627\u0631\u0645-18-300x171.png 300w\" sizes=\"auto, (max-width: 700px) 100vw, 700px\" \/><\/a>\n\t\t\t<\/div><\/figure><figure class='gallery-item'>\n\t\t\t<div class='gallery-icon landscape'>\n\t\t\t\t<a href='https:\/\/archive.sana.sy\/tr\/wp-content\/uploads\/2025\/08\/\u062d\u0627\u0631\u0645-19.png'><img loading=\"lazy\" decoding=\"async\" width=\"700\" height=\"400\" src=\"https:\/\/archive.sana.sy\/tr\/wp-content\/uploads\/2025\/08\/\u062d\u0627\u0631\u0645-19.png\" class=\"attachment-full size-full\" alt=\"\" srcset=\"https:\/\/archive.sana.sy\/tr\/wp-content\/uploads\/2025\/08\/\u062d\u0627\u0631\u0645-19.png 700w, https:\/\/archive.sana.sy\/tr\/wp-content\/uploads\/2025\/08\/\u062d\u0627\u0631\u0645-19-300x171.png 300w\" sizes=\"auto, (max-width: 700px) 100vw, 700px\" \/><\/a>\n\t\t\t<\/div><\/figure>\n\t\t<\/div>\n\n","protected":false},"excerpt":{"rendered":"<p>\u0130DL\u0130B (SANA) &#8211; \u0130\u00e7i\u015fleri Bakanl\u0131\u011f\u0131, Genel \u0130stihbarat Te\u015fkilat\u0131 ile i\u015fbirli\u011fi i\u00e7erisinde \u0130dlib ilinin k\u0131rsal\u0131na ba\u011fl\u0131 Harem b\u00f6lgesinde I\u015e\u0130D&#8217;a ba\u011fl\u0131 bir ter\u00f6r h\u00fccresinin \u00e7\u00f6kertildi\u011fini duyurdu. \u0130\u00e7i\u015fleri Bakanl\u0131\u011f\u0131, \u0130dlib \u0130\u00e7 G\u00fcvenlik Kuvvetleri Komutan\u0131 Tu\u011fgeneral \u011eassan Muhammed Bak\u0131r&#8217;\u0131n Telegram kanal\u0131nda yapt\u0131\u011f\u0131 a\u00e7\u0131klamada, &#8220;\u0130dlib \u0130\u00e7 G\u00fcvenlik Kuvvetleri Komutanl\u0131\u011f\u0131m\u0131z, Genel \u0130stihbarat Te\u015fkilat\u0131 ile i\u015f birli\u011fi i\u00e7erisinde Harem b\u00f6lgesinde I\u015e\u0130D ba\u011flant\u0131l\u0131 &hellip;<\/p>\n","protected":false},"author":36,"featured_media":327297,"comment_status":"closed","ping_status":"closed","sticky":false,"template":"","format":"standard","meta":{"footnotes":""},"categories":[589,479,575,17988,478],"tags":[],"class_list":["post-327288","post","type-post","status-publish","format-standard","has-post-thumbnail","","category-haber-seridi","category-haberler-yerel","category-olaylar-ve-gercekler","category-son-haberler","category-yerel"],"_links":{"self":[{"href":"https:\/\/archive.sana.sy\/tr\/index.php?rest_route=\/wp\/v2\/posts\/327288","targetHints":{"allow":["GET"]}}],"collection":[{"href":"https:\/\/archive.sana.sy\/tr\/index.php?rest_route=\/wp\/v2\/posts"}],"about":[{"href":"https:\/\/archive.sana.sy\/tr\/index.php?rest_route=\/wp\/v2\/types\/post"}],"author":[{"embeddable":true,"href":"https:\/\/archive.sana.sy\/tr\/index.php?rest_route=\/wp\/v2\/users\/36"}],"replies":[{"embeddable":true,"href":"https:\/\/archive.sana.sy\/tr\/index.php?rest_route=%2Fwp%2Fv2%2Fcomments&post=327288"}],"version-history":[{"count":4,"href":"https:\/\/archive.sana.sy\/tr\/index.php?rest_route=\/wp\/v2\/posts\/327288\/revisions"}],"predecessor-version":[{"id":327325,"href":"https:\/\/archive.sana.sy\/tr\/index.php?rest_route=\/wp\/v2\/posts\/327288\/revisions\/327325"}],"wp:featuredmedia":[{"embeddable":true,"href":"https:\/\/archive.sana.sy\/tr\/index.php?rest_route=\/wp\/v2\/media\/327297"}],"wp:attachment":[{"href":"https:\/\/archive.sana.sy\/tr\/index.php?rest_route=%2Fwp%2Fv2%2Fmedia&parent=327288"}],"wp:term":[{"taxonomy":"category","embeddable":true,"href":"https:\/\/archive.sana.sy\/tr\/index.php?rest_route=%2Fwp%2Fv2%2Fcategories&post=327288"},{"taxonomy":"post_tag","embeddable":true,"href":"https:\/\/archive.sana.sy\/tr\/index.php?rest_route=%2Fwp%2Fv2%2Ftags&post=327288"}],"curies":[{"name":"wp","href":"https:\/\/api.w.org\/{rel}","templated":true}]}}