{"id":327307,"date":"2025-08-07T16:08:26","date_gmt":"2025-08-07T13:08:26","guid":{"rendered":"https:\/\/sana.sy\/tr\/?p=327307"},"modified":"2025-08-11T10:43:15","modified_gmt":"2025-08-11T07:43:15","slug":"cumhurbaskani-el-sara-turk-disisleri-bakani-ile-bolgesel-ve-kuresel-gelismeleri-gorustu","status":"publish","type":"post","link":"https:\/\/archive.sana.sy\/tr\/?p=327307","title":{"rendered":"Cumhurba\u015fkan\u0131 El \u015eara, T\u00fcrk D\u0131\u015fi\u015fleri Bakan\u0131 ile B\u00f6lgesel ve K\u00fcresel Geli\u015fmeleri G\u00f6r\u00fc\u015ft\u00fc"},"content":{"rendered":"<p style=\"text-align: justify;\"><span style=\"color: #ff0000;\"><strong>\u015eAM (SANA) &#8211;<\/strong><\/span> Suriye Arap Cumhuriyeti Cumhurba\u015fkan\u0131 Say\u0131n Ahmed El \u015eara, D\u0131\u015fi\u015fleri ve Gurbet\u00e7iler Bakan\u0131 Say\u0131n Asaad Hasan El \u015eeybani&#8217;nin huzurunda, T\u00fcrkiye D\u0131\u015fi\u015fleri Bakan\u0131 Say\u0131n Hakan Fidan ve beraberindeki heyeti \u015eam&#8217;da kabul etti.<\/p>\n<p style=\"text-align: justify;\">G\u00f6r\u00fc\u015fmede, iki taraf b\u00f6lgesel ve k\u00fcresel geli\u015fmeleri ve \u00e7e\u015fitli alanlarda ortak i\u015f birli\u011fini geli\u015ftirme yollar\u0131n\u0131 ele ald\u0131.<\/p>\n<div id='gallery-1' class='gallery galleryid-327307 gallery-columns-1 gallery-size-full'><figure class='gallery-item'>\n\t\t\t<div class='gallery-icon landscape'>\n\t\t\t\t<a href='https:\/\/archive.sana.sy\/tr\/?attachment_id=327310'><img loading=\"lazy\" decoding=\"async\" width=\"2560\" height=\"1437\" src=\"https:\/\/archive.sana.sy\/tr\/wp-content\/uploads\/2025\/08\/22222.jpg\" class=\"attachment-full size-full\" alt=\"\" srcset=\"https:\/\/archive.sana.sy\/tr\/wp-content\/uploads\/2025\/08\/22222.jpg 2560w, https:\/\/archive.sana.sy\/tr\/wp-content\/uploads\/2025\/08\/22222-300x168.jpg 300w, https:\/\/archive.sana.sy\/tr\/wp-content\/uploads\/2025\/08\/22222-1024x575.jpg 1024w, https:\/\/archive.sana.sy\/tr\/wp-content\/uploads\/2025\/08\/22222-768x431.jpg 768w, https:\/\/archive.sana.sy\/tr\/wp-content\/uploads\/2025\/08\/22222-1536x862.jpg 1536w, https:\/\/archive.sana.sy\/tr\/wp-content\/uploads\/2025\/08\/22222-2048x1150.jpg 2048w\" sizes=\"auto, (max-width: 2560px) 100vw, 2560px\" \/><\/a>\n\t\t\t<\/div><\/figure><figure class='gallery-item'>\n\t\t\t<div class='gallery-icon landscape'>\n\t\t\t\t<a href='https:\/\/archive.sana.sy\/tr\/?attachment_id=327315'><img loading=\"lazy\" decoding=\"async\" width=\"660\" height=\"370\" src=\"https:\/\/archive.sana.sy\/tr\/wp-content\/uploads\/2025\/08\/photo_2025-08-07_15-19-00.jpg\" class=\"attachment-full size-full\" alt=\"\" srcset=\"https:\/\/archive.sana.sy\/tr\/wp-content\/uploads\/2025\/08\/photo_2025-08-07_15-19-00.jpg 660w, https:\/\/archive.sana.sy\/tr\/wp-content\/uploads\/2025\/08\/photo_2025-08-07_15-19-00-300x168.jpg 300w\" sizes=\"auto, (max-width: 660px) 100vw, 660px\" \/><\/a>\n\t\t\t<\/div><\/figure><figure class='gallery-item'>\n\t\t\t<div class='gallery-icon landscape'>\n\t\t\t\t<a href='https:\/\/archive.sana.sy\/tr\/?attachment_id=327316'><img loading=\"lazy\" decoding=\"async\" width=\"660\" height=\"370\" src=\"https:\/\/archive.sana.sy\/tr\/wp-content\/uploads\/2025\/08\/photo_2025-08-07_15-32-34.jpg\" class=\"attachment-full size-full\" alt=\"\" srcset=\"https:\/\/archive.sana.sy\/tr\/wp-content\/uploads\/2025\/08\/photo_2025-08-07_15-32-34.jpg 660w, https:\/\/archive.sana.sy\/tr\/wp-content\/uploads\/2025\/08\/photo_2025-08-07_15-32-34-300x168.jpg 300w\" sizes=\"auto, (max-width: 660px) 100vw, 660px\" \/><\/a>\n\t\t\t<\/div><\/figure><figure class='gallery-item'>\n\t\t\t<div class='gallery-icon landscape'>\n\t\t\t\t<a href='https:\/\/archive.sana.sy\/tr\/?attachment_id=327317'><img loading=\"lazy\" decoding=\"async\" width=\"660\" height=\"370\" src=\"https:\/\/archive.sana.sy\/tr\/wp-content\/uploads\/2025\/08\/photo_2025-08-07_15-55-31.jpg\" class=\"attachment-full size-full\" alt=\"\" srcset=\"https:\/\/archive.sana.sy\/tr\/wp-content\/uploads\/2025\/08\/photo_2025-08-07_15-55-31.jpg 660w, https:\/\/archive.sana.sy\/tr\/wp-content\/uploads\/2025\/08\/photo_2025-08-07_15-55-31-300x168.jpg 300w\" sizes=\"auto, (max-width: 660px) 100vw, 660px\" \/><\/a>\n\t\t\t<\/div><\/figure>\n\t\t<\/div>\n\n","protected":false},"excerpt":{"rendered":"<p>\u015eAM (SANA) &#8211; Suriye Arap Cumhuriyeti Cumhurba\u015fkan\u0131 Say\u0131n Ahmed El \u015eara, D\u0131\u015fi\u015fleri ve Gurbet\u00e7iler Bakan\u0131 Say\u0131n Asaad Hasan El \u015eeybani&#8217;nin huzurunda, T\u00fcrkiye D\u0131\u015fi\u015fleri Bakan\u0131 Say\u0131n Hakan Fidan ve beraberindeki heyeti \u015eam&#8217;da kabul etti. G\u00f6r\u00fc\u015fmede, iki taraf b\u00f6lgesel ve k\u00fcresel geli\u015fmeleri ve \u00e7e\u015fitli alanlarda ortak i\u015f birli\u011fini geli\u015ftirme yollar\u0131n\u0131 ele ald\u0131.<\/p>\n","protected":false},"author":44,"featured_media":327308,"comment_status":"closed","ping_status":"closed","sticky":false,"template":"","format":"standard","meta":{"footnotes":""},"categories":[606,479,605,17988,478],"tags":[43266,44161],"class_list":["post-327307","post","type-post","status-publish","format-standard","has-post-thumbnail","","category-cumhurbaskani","category-haberler-yerel","category-sayin-cumhurbaskani","category-son-haberler","category-yerel","tag-cumhurbaskani-el-sara","tag-turk-disisleri-bakani-ile-bolgesel-ve-kuresel-gelismeleri-gorustu"],"_links":{"self":[{"href":"https:\/\/archive.sana.sy\/tr\/index.php?rest_route=\/wp\/v2\/posts\/327307","targetHints":{"allow":["GET"]}}],"collection":[{"href":"https:\/\/archive.sana.sy\/tr\/index.php?rest_route=\/wp\/v2\/posts"}],"about":[{"href":"https:\/\/archive.sana.sy\/tr\/index.php?rest_route=\/wp\/v2\/types\/post"}],"author":[{"embeddable":true,"href":"https:\/\/archive.sana.sy\/tr\/index.php?rest_route=\/wp\/v2\/users\/44"}],"replies":[{"embeddable":true,"href":"https:\/\/archive.sana.sy\/tr\/index.php?rest_route=%2Fwp%2Fv2%2Fcomments&post=327307"}],"version-history":[{"count":6,"href":"https:\/\/archive.sana.sy\/tr\/index.php?rest_route=\/wp\/v2\/posts\/327307\/revisions"}],"predecessor-version":[{"id":327320,"href":"https:\/\/archive.sana.sy\/tr\/index.php?rest_route=\/wp\/v2\/posts\/327307\/revisions\/327320"}],"wp:featuredmedia":[{"embeddable":true,"href":"https:\/\/archive.sana.sy\/tr\/index.php?rest_route=\/wp\/v2\/media\/327308"}],"wp:attachment":[{"href":"https:\/\/archive.sana.sy\/tr\/index.php?rest_route=%2Fwp%2Fv2%2Fmedia&parent=327307"}],"wp:term":[{"taxonomy":"category","embeddable":true,"href":"https:\/\/archive.sana.sy\/tr\/index.php?rest_route=%2Fwp%2Fv2%2Fcategories&post=327307"},{"taxonomy":"post_tag","embeddable":true,"href":"https:\/\/archive.sana.sy\/tr\/index.php?rest_route=%2Fwp%2Fv2%2Ftags&post=327307"}],"curies":[{"name":"wp","href":"https:\/\/api.w.org\/{rel}","templated":true}]}}