{"id":327336,"date":"2025-08-08T09:00:51","date_gmt":"2025-08-08T06:00:51","guid":{"rendered":"https:\/\/sana.sy\/tr\/?p=327336"},"modified":"2025-08-08T09:44:53","modified_gmt":"2025-08-08T06:44:53","slug":"turkiye-disisleri-bakani-ulkesinin-suriyenin-yaninda-oldugunu-ve-halkinin-hedeflerini-destekledigini-tekrarladi","status":"publish","type":"post","link":"https:\/\/archive.sana.sy\/tr\/?p=327336","title":{"rendered":"T\u00fcrkiye D\u0131\u015fi\u015fleri Bakan\u0131, \u00dclkesinin Suriye&#8217;nin Yan\u0131nda Oldu\u011funu ve Halk\u0131n\u0131n Hedeflerini Destekledi\u011fini Tekrarlad\u0131"},"content":{"rendered":"<p style=\"text-align: justify;\"><span style=\"color: #ff0000;\"><strong>ANKARA (SANA) &#8211;<\/strong> <\/span>T\u00fcrkiye D\u0131\u015fi\u015fleri Bakan\u0131 Hakan Fidan, \u00fclkesinin Suriye&#8217;nin yan\u0131nda oldu\u011funu ve halk\u0131n\u0131n hedeflerine ve me\u015fru iradesine verdi\u011fi deste\u011fi yineledi.<\/p>\n<p style=\"text-align: justify;\">Fidan, bug\u00fcn X platformunda yapt\u0131\u011f\u0131 payla\u015f\u0131mda \u015funlar\u0131 s\u00f6yledi: &#8220;Be\u015far Esad rejiminin devrilmesinden bu yana ge\u00e7en dokuz ay i\u00e7inde bug\u00fcn \u00fc\u00e7\u00fcnc\u00fc kez \u015eam&#8217;\u0131 ziyaret ettim ve her ziyaretimde Suriye&#8217;nin bir\u00e7ok alanda kaydetti\u011fi ilerlemeyi bizzat g\u00f6zlemliyorum.&#8221;<\/p>\n<p style=\"text-align: justify;\">Bakan Fidan ayr\u0131ca, \u00fclkesinin Suriye ile her alanda i\u015f birli\u011fini derinle\u015ftirme kararl\u0131l\u0131\u011f\u0131n\u0131 vurgularken,\u00a0\u00a0 Cumhurba\u015fkan\u0131 Ahmed El \u015eara ile g\u00f6r\u00fc\u015fmede ticaret, yat\u0131r\u0131m, ula\u015ft\u0131rma ve enerji gibi \u00e7e\u015fitli konular\u0131n ele al\u0131nd\u0131\u011f\u0131n\u0131 ve Suriye&#8217;nin yeniden in\u015fas\u0131 i\u00e7in ikili ve b\u00f6lgesel d\u00fczeyde at\u0131labilecek olas\u0131 ad\u0131mlar\u0131n de\u011ferlendirildi\u011fini a\u00e7\u0131klad\u0131.<\/p>\n<p style=\"text-align: justify;\">&#8220;G\u00f6r\u00fc\u015fmelerin \u00f6zellikle g\u00fcvenlik konular\u0131 ile Suriye&#8217;nin egemenli\u011fine ve birli\u011fine y\u00f6nelik i\u00e7 ve d\u0131\u015f tehditlere odakland\u0131\u011f\u0131n\u0131&#8221; kaydeden Fidan,\u00a0 &#8220;Suriye halk\u0131, daha iyi bir gelecek in\u015fa etmek i\u00e7in bu tarihi f\u0131rsat\u0131 de\u011ferlendirmek istiyor. Ayn\u0131 zamanda, Suriye h\u00fck\u00fcmeti \u00fclkeyi daha g\u00fcvenli, istikrarl\u0131 ve m\u00fcreffeh k\u0131lmak i\u00e7in bir\u00e7ok zorlukla kar\u015f\u0131 kar\u015f\u0131ya. Uluslararas\u0131 toplum, \u00f6zellikle ABD ve Avrupa \u00fclkeleri, bu zorluklar\u0131n \u00fcstesinden gelmek i\u00e7in \u00f6nemli destek sa\u011fl\u0131yor. Ancak \u0130srail, b\u00f6lgemizi istikrars\u0131zla\u015ft\u0131rma politikas\u0131 izliyor.&#8221; dedi.<\/p>\n<p style=\"text-align: justify;\">T\u00fcrk bakan, uluslararas\u0131 toplumu, \u0130srail&#8217;in sald\u0131rgan politikalar\u0131n\u0131 dizginleme ve Suriye topraklar\u0131na y\u00f6nelik sald\u0131r\u0131lar\u0131n\u0131 durdurma sorumlulu\u011funu \u00fcstlenmeye de \u00e7a\u011f\u0131rd\u0131.<\/p>\n","protected":false},"excerpt":{"rendered":"<p>ANKARA (SANA) &#8211; T\u00fcrkiye D\u0131\u015fi\u015fleri Bakan\u0131 Hakan Fidan, \u00fclkesinin Suriye&#8217;nin yan\u0131nda oldu\u011funu ve halk\u0131n\u0131n hedeflerine ve me\u015fru iradesine verdi\u011fi deste\u011fi yineledi. Fidan, bug\u00fcn X platformunda yapt\u0131\u011f\u0131 payla\u015f\u0131mda \u015funlar\u0131 s\u00f6yledi: &#8220;Be\u015far Esad rejiminin devrilmesinden bu yana ge\u00e7en dokuz ay i\u00e7inde bug\u00fcn \u00fc\u00e7\u00fcnc\u00fc kez \u015eam&#8217;\u0131 ziyaret ettim ve her ziyaretimde Suriye&#8217;nin bir\u00e7ok alanda kaydetti\u011fi ilerlemeyi bizzat g\u00f6zlemliyorum.&#8221; &hellip;<\/p>\n","protected":false},"author":44,"featured_media":327337,"comment_status":"closed","ping_status":"closed","sticky":false,"template":"","format":"standard","meta":{"footnotes":""},"categories":[589,17988,2554,2555],"tags":[25639,44162],"class_list":["post-327336","post","type-post","status-publish","format-standard","has-post-thumbnail","","category-haber-seridi","category-son-haberler","category-suriye-ve-dunya","category-suriye-ve-turkiye","tag-turkiye-disisleri-bakani","tag-ulkesinin-suriyenin-yaninda-oldugunu-ve-halkinin-hedeflerini-destekledigini-tekrarladi"],"_links":{"self":[{"href":"https:\/\/archive.sana.sy\/tr\/index.php?rest_route=\/wp\/v2\/posts\/327336","targetHints":{"allow":["GET"]}}],"collection":[{"href":"https:\/\/archive.sana.sy\/tr\/index.php?rest_route=\/wp\/v2\/posts"}],"about":[{"href":"https:\/\/archive.sana.sy\/tr\/index.php?rest_route=\/wp\/v2\/types\/post"}],"author":[{"embeddable":true,"href":"https:\/\/archive.sana.sy\/tr\/index.php?rest_route=\/wp\/v2\/users\/44"}],"replies":[{"embeddable":true,"href":"https:\/\/archive.sana.sy\/tr\/index.php?rest_route=%2Fwp%2Fv2%2Fcomments&post=327336"}],"version-history":[{"count":1,"href":"https:\/\/archive.sana.sy\/tr\/index.php?rest_route=\/wp\/v2\/posts\/327336\/revisions"}],"predecessor-version":[{"id":327338,"href":"https:\/\/archive.sana.sy\/tr\/index.php?rest_route=\/wp\/v2\/posts\/327336\/revisions\/327338"}],"wp:featuredmedia":[{"embeddable":true,"href":"https:\/\/archive.sana.sy\/tr\/index.php?rest_route=\/wp\/v2\/media\/327337"}],"wp:attachment":[{"href":"https:\/\/archive.sana.sy\/tr\/index.php?rest_route=%2Fwp%2Fv2%2Fmedia&parent=327336"}],"wp:term":[{"taxonomy":"category","embeddable":true,"href":"https:\/\/archive.sana.sy\/tr\/index.php?rest_route=%2Fwp%2Fv2%2Fcategories&post=327336"},{"taxonomy":"post_tag","embeddable":true,"href":"https:\/\/archive.sana.sy\/tr\/index.php?rest_route=%2Fwp%2Fv2%2Ftags&post=327336"}],"curies":[{"name":"wp","href":"https:\/\/api.w.org\/{rel}","templated":true}]}}