{"id":327339,"date":"2025-08-08T08:46:36","date_gmt":"2025-08-08T05:46:36","guid":{"rendered":"https:\/\/sana.sy\/tr\/?p=327339"},"modified":"2025-08-08T10:18:47","modified_gmt":"2025-08-08T07:18:47","slug":"endonezya-disisleri-bakan-yardimcisi-ulkesinin-suriyenin-mevcut-zorluklarin-ustesinden-gelmesine-destek-oldugunu-vurguladi","status":"publish","type":"post","link":"https:\/\/archive.sana.sy\/tr\/?p=327339","title":{"rendered":"Endonezya D\u0131\u015fi\u015fleri Bakan Yard\u0131mc\u0131s\u0131, \u00dclkesinin Suriye&#8217;nin Mevcut Zorluklar\u0131n \u00dcstesinden Gelmesine Destek Oldu\u011funu Vurgulad\u0131"},"content":{"rendered":"<p style=\"text-align: justify;\"><span style=\"color: #ff0000;\"><strong>CAKARTA (SANA) &#8211;<\/strong> \u00a0<\/span>Suriye D\u0131\u015fi\u015fleri Bakanl\u0131\u011f\u0131 Afro-Asya ve Okyanusya \u0130\u015fleri Dairesi Ba\u015fkan\u0131 Zekeriya\u00a0 Lebabidi, Endonezya&#8217;n\u0131n ba\u015fkenti Cakarta&#8217;da Endonezya \u0130slam D\u00fcnyas\u0131 \u0130\u015flerinden Sorumlu D\u0131\u015fi\u015fleri Bakan Yard\u0131mc\u0131s\u0131 Muhammad Anis Matta ile bir araya geldi.<\/p>\n<p style=\"text-align: justify;\">Lebabidi, g\u00f6r\u00fc\u015fmede Endonezya&#8217;n\u0131n ulusal uyumu sa\u011flama konusundaki deneyiminden duydu\u011fu memnuniyeti dile getirdi. Ayr\u0131ca, Suriye h\u00fck\u00fcmetinin Arap, \u0130slam ve uluslararas\u0131 \u00e7evrelerdeki rol\u00fcn\u00fc yeniden tesis etmeye ve yeniden yap\u0131lanmaya odaklanan birle\u015fik ve istikrarl\u0131 bir devlet kurma \u00e7abalar\u0131n\u0131 da de\u011ferlendirdi.<\/p>\n<p style=\"text-align: justify;\">Matti ise, \u00fclkesinin Suriye&#8217;nin mevcut zorluklar\u0131n \u00fcstesinden gelmesine destek olmaya haz\u0131r oldu\u011funu teyit ederek, iki \u00fclke aras\u0131nda isti\u015fareler i\u00e7in ortak bir komite kurulmas\u0131n\u0131n \u00f6nemini vurgulad\u0131.<\/p>\n","protected":false},"excerpt":{"rendered":"<p>CAKARTA (SANA) &#8211; \u00a0Suriye D\u0131\u015fi\u015fleri Bakanl\u0131\u011f\u0131 Afro-Asya ve Okyanusya \u0130\u015fleri Dairesi Ba\u015fkan\u0131 Zekeriya\u00a0 Lebabidi, Endonezya&#8217;n\u0131n ba\u015fkenti Cakarta&#8217;da Endonezya \u0130slam D\u00fcnyas\u0131 \u0130\u015flerinden Sorumlu D\u0131\u015fi\u015fleri Bakan Yard\u0131mc\u0131s\u0131 Muhammad Anis Matta ile bir araya geldi. Lebabidi, g\u00f6r\u00fc\u015fmede Endonezya&#8217;n\u0131n ulusal uyumu sa\u011flama konusundaki deneyiminden duydu\u011fu memnuniyeti dile getirdi. Ayr\u0131ca, Suriye h\u00fck\u00fcmetinin Arap, \u0130slam ve uluslararas\u0131 \u00e7evrelerdeki rol\u00fcn\u00fc yeniden tesis &hellip;<\/p>\n","protected":false},"author":44,"featured_media":327340,"comment_status":"closed","ping_status":"closed","sticky":false,"template":"","format":"standard","meta":{"footnotes":""},"categories":[458,589,459,17988],"tags":[44163,44164],"class_list":["post-327339","post","type-post","status-publish","format-standard","has-post-thumbnail","","category-dunya1","category-haber-seridi","category-haberler-arap-uluslararasi-politika","category-son-haberler","tag-endonezya-disisleri-bakan-yardimcisi","tag-ulkesinin-suriyenin-mevcut-zorluklarin-ustesinden-gelmesine-destek-oldugunu-vurguladi"],"_links":{"self":[{"href":"https:\/\/archive.sana.sy\/tr\/index.php?rest_route=\/wp\/v2\/posts\/327339","targetHints":{"allow":["GET"]}}],"collection":[{"href":"https:\/\/archive.sana.sy\/tr\/index.php?rest_route=\/wp\/v2\/posts"}],"about":[{"href":"https:\/\/archive.sana.sy\/tr\/index.php?rest_route=\/wp\/v2\/types\/post"}],"author":[{"embeddable":true,"href":"https:\/\/archive.sana.sy\/tr\/index.php?rest_route=\/wp\/v2\/users\/44"}],"replies":[{"embeddable":true,"href":"https:\/\/archive.sana.sy\/tr\/index.php?rest_route=%2Fwp%2Fv2%2Fcomments&post=327339"}],"version-history":[{"count":1,"href":"https:\/\/archive.sana.sy\/tr\/index.php?rest_route=\/wp\/v2\/posts\/327339\/revisions"}],"predecessor-version":[{"id":327341,"href":"https:\/\/archive.sana.sy\/tr\/index.php?rest_route=\/wp\/v2\/posts\/327339\/revisions\/327341"}],"wp:featuredmedia":[{"embeddable":true,"href":"https:\/\/archive.sana.sy\/tr\/index.php?rest_route=\/wp\/v2\/media\/327340"}],"wp:attachment":[{"href":"https:\/\/archive.sana.sy\/tr\/index.php?rest_route=%2Fwp%2Fv2%2Fmedia&parent=327339"}],"wp:term":[{"taxonomy":"category","embeddable":true,"href":"https:\/\/archive.sana.sy\/tr\/index.php?rest_route=%2Fwp%2Fv2%2Fcategories&post=327339"},{"taxonomy":"post_tag","embeddable":true,"href":"https:\/\/archive.sana.sy\/tr\/index.php?rest_route=%2Fwp%2Fv2%2Ftags&post=327339"}],"curies":[{"name":"wp","href":"https:\/\/api.w.org\/{rel}","templated":true}]}}