{"id":327342,"date":"2025-08-08T11:03:29","date_gmt":"2025-08-08T08:03:29","guid":{"rendered":"https:\/\/sana.sy\/tr\/?p=327342"},"modified":"2025-08-08T11:03:29","modified_gmt":"2025-08-08T08:03:29","slug":"urdun-hukumeti-suriyenin-istikrari-birligi-ve-toprak-butunlugune-verdigi-onemi-yineledi","status":"publish","type":"post","link":"https:\/\/archive.sana.sy\/tr\/?p=327342","title":{"rendered":"\u00dcrd\u00fcn H\u00fck\u00fcmeti, Suriye&#8217;nin \u0130stikrar\u0131, Birli\u011fi ve Toprak B\u00fct\u00fcnl\u00fc\u011f\u00fcne Verdi\u011fi \u00d6nemi Yineledi"},"content":{"rendered":"<p style=\"text-align: justify;\"><span style=\"color: #ff0000;\"><strong>AMMAN (SANA) &#8211;<\/strong><\/span> \u00dcrd\u00fcn H\u00fck\u00fcmeti, Suriye&#8217;nin istikrar\u0131, birli\u011fi ve toprak b\u00fct\u00fcnl\u00fc\u011f\u00fcn\u00fcn, \u00dcrd\u00fcn ve t\u00fcm b\u00f6lge a\u00e7\u0131s\u0131ndan ta\u015f\u0131d\u0131\u011f\u0131 \u00f6nemi bir kez daha vurgulad\u0131.<\/p>\n<p style=\"text-align: justify;\">\u00dcrd\u00fcn resmi haber ajans\u0131 Petra\u2019n\u0131n haberine g\u00f6re, H\u00fck\u00fcmet S\u00f6zc\u00fcs\u00fc ve Kamu \u0130leti\u015fimi Bakan\u0131 Dr. Muhammed El Mumeni yapt\u0131\u011f\u0131 a\u00e7\u0131klamada, \u201cSuriye\u2019nin istikrar\u0131 ile birlik ve toprak b\u00fct\u00fcnl\u00fc\u011f\u00fc, hem \u00dcrd\u00fcn\u2019\u00fcn hem de b\u00f6lgenin \u00e7\u0131kar\u0131nad\u0131r.\u201d ifadelerini kulland\u0131.<\/p>\n<p style=\"text-align: justify;\">El Mumeni, d\u00fcn d\u00fczenlenen ve \u201c\u00dcrd\u00fcn ve B\u00f6lge: Zorluklar ve F\u0131rsatlar\u201d ba\u015fl\u0131\u011f\u0131n\u0131 ta\u015f\u0131yan bir panelde yapt\u0131\u011f\u0131 konu\u015fmada, Suriye\u2019deki istikrar\u0131n, Suriyeli m\u00fcltecilerin g\u00f6n\u00fcll\u00fc, g\u00fcvenli ve onurlu bir \u015fekilde geri d\u00f6n\u00fc\u015f\u00fcn\u00fc te\u015fvik eden uygun bir ortam olu\u015fturdu\u011funa dikkat \u00e7ekti. Bu s\u00fcrecin, uluslararas\u0131 hukuk ve insani ilkelerle uyumlu olmas\u0131 gerekti\u011fini belirtti.<\/p>\n<p style=\"text-align: justify;\">\u00d6te yandan, \u00dcrd\u00fcn Ha\u015fimi Krall\u0131\u011f\u0131, 31 Temmuz tarihinde D\u0131\u015fi\u015fleri ve Gurbet\u00e7iler Bakanl\u0131\u011f\u0131 S\u00f6zc\u00fcs\u00fc B\u00fcy\u00fckel\u00e7i S\u00fcfyan el-Kudat\u2019\u0131n, \u00dcrd\u00fcn\u2019\u00fcn Suriye Arap Cumhuriyeti nezdinde ola\u011fan\u00fcst\u00fc ve tam yetkili b\u00fcy\u00fckel\u00e7i olarak atand\u0131\u011f\u0131n\u0131 duyurdu.<\/p>\n","protected":false},"excerpt":{"rendered":"<p>AMMAN (SANA) &#8211; \u00dcrd\u00fcn H\u00fck\u00fcmeti, Suriye&#8217;nin istikrar\u0131, birli\u011fi ve toprak b\u00fct\u00fcnl\u00fc\u011f\u00fcn\u00fcn, \u00dcrd\u00fcn ve t\u00fcm b\u00f6lge a\u00e7\u0131s\u0131ndan ta\u015f\u0131d\u0131\u011f\u0131 \u00f6nemi bir kez daha vurgulad\u0131. \u00dcrd\u00fcn resmi haber ajans\u0131 Petra\u2019n\u0131n haberine g\u00f6re, H\u00fck\u00fcmet S\u00f6zc\u00fcs\u00fc ve Kamu \u0130leti\u015fimi Bakan\u0131 Dr. Muhammed El Mumeni yapt\u0131\u011f\u0131 a\u00e7\u0131klamada, \u201cSuriye\u2019nin istikrar\u0131 ile birlik ve toprak b\u00fct\u00fcnl\u00fc\u011f\u00fc, hem \u00dcrd\u00fcn\u2019\u00fcn hem de b\u00f6lgenin \u00e7\u0131kar\u0131nad\u0131r.\u201d ifadelerini &hellip;<\/p>\n","protected":false},"author":44,"featured_media":327343,"comment_status":"closed","ping_status":"closed","sticky":false,"template":"","format":"standard","meta":{"footnotes":""},"categories":[458,589,459,17988],"tags":[44167,44166,44165],"class_list":["post-327342","post","type-post","status-publish","format-standard","has-post-thumbnail","","category-dunya1","category-haber-seridi","category-haberler-arap-uluslararasi-politika","category-son-haberler","tag-birligi-ve-toprak-butunlugune-verdigi-onemi-yineledi","tag-suriyenin-istikrari","tag-urdun-hukumeti"],"_links":{"self":[{"href":"https:\/\/archive.sana.sy\/tr\/index.php?rest_route=\/wp\/v2\/posts\/327342","targetHints":{"allow":["GET"]}}],"collection":[{"href":"https:\/\/archive.sana.sy\/tr\/index.php?rest_route=\/wp\/v2\/posts"}],"about":[{"href":"https:\/\/archive.sana.sy\/tr\/index.php?rest_route=\/wp\/v2\/types\/post"}],"author":[{"embeddable":true,"href":"https:\/\/archive.sana.sy\/tr\/index.php?rest_route=\/wp\/v2\/users\/44"}],"replies":[{"embeddable":true,"href":"https:\/\/archive.sana.sy\/tr\/index.php?rest_route=%2Fwp%2Fv2%2Fcomments&post=327342"}],"version-history":[{"count":1,"href":"https:\/\/archive.sana.sy\/tr\/index.php?rest_route=\/wp\/v2\/posts\/327342\/revisions"}],"predecessor-version":[{"id":327344,"href":"https:\/\/archive.sana.sy\/tr\/index.php?rest_route=\/wp\/v2\/posts\/327342\/revisions\/327344"}],"wp:featuredmedia":[{"embeddable":true,"href":"https:\/\/archive.sana.sy\/tr\/index.php?rest_route=\/wp\/v2\/media\/327343"}],"wp:attachment":[{"href":"https:\/\/archive.sana.sy\/tr\/index.php?rest_route=%2Fwp%2Fv2%2Fmedia&parent=327342"}],"wp:term":[{"taxonomy":"category","embeddable":true,"href":"https:\/\/archive.sana.sy\/tr\/index.php?rest_route=%2Fwp%2Fv2%2Fcategories&post=327342"},{"taxonomy":"post_tag","embeddable":true,"href":"https:\/\/archive.sana.sy\/tr\/index.php?rest_route=%2Fwp%2Fv2%2Ftags&post=327342"}],"curies":[{"name":"wp","href":"https:\/\/api.w.org\/{rel}","templated":true}]}}