{"id":32735,"date":"2015-05-10T11:20:32","date_gmt":"2015-05-10T08:20:32","guid":{"rendered":"http:\/\/sana.sy\/tr\/?p=32735"},"modified":"2015-05-10T13:00:05","modified_gmt":"2015-05-10T10:00:05","slug":"nazizme-zafer-yildonumu-resepsiyonu-mikdat-dunyanin-emelleri-rusyanin-uzerindedir","status":"publish","type":"post","link":"https:\/\/archive.sana.sy\/tr\/?p=32735","title":{"rendered":"Nazizm\u2019e Zafer Y\u0131ld\u00f6n\u00fcm\u00fc Resepsiyonu.. Mikdat: D\u00fcnyan\u0131n Emelleri Rusya\u2019n\u0131n \u00dczerindedir"},"content":{"rendered":"<p>\u015eAM &#8211; B\u00fcy\u00fck Ulusal Sava\u015fta Nazizm\u2019e kar\u015f\u0131 Zafer Bayram\u0131n\u0131n 70. Y\u0131ld\u00f6n\u00fcm\u00fc m\u00fcnasebetiyle Rusya Federasyonu Cumhuriyetleri, Belarus ve Ermenistan\u00a0 B\u00fcy\u00fckel\u00e7ilikleri Cumhurba\u015fkan\u0131 yard\u0131mc\u0131s\u0131 Necah el Attar, Halk Meclisi Ba\u015fkan\u0131 Muhammed Cihat el Lahham, baz\u0131 bakanlar, Arap ve yabanc\u0131 diplomatik heyet temsilcileri, ekonomi, dini, sosuyla, k\u00fclt\u00fcrel ve medya faaliyetlerinin kat\u0131l\u0131m\u0131yla d\u00fcn ak\u015fam, \u015eam\u2019\u0131n Dama Rose Otelinde bir resepsiyon verdi.<\/p>\n<p><span style=\"color: #0000ff\">Boladian: Tekfiri Fa\u015fist \u0130deoloji Orta Do\u011fuda Yeni Bir Etnik Renkle Ortaya \u00c7\u0131kt\u0131<\/span><\/p>\n<p><a href=\"http:\/\/sana.sy\/tr\/wp-content\/uploads\/2015\/05\/Attar.jpg\"><img loading=\"lazy\" decoding=\"async\" class=\" size-medium wp-image-32738 alignright\" src=\"http:\/\/sana.sy\/tr\/wp-content\/uploads\/2015\/05\/Attar-300x200.jpg\" alt=\"Attar\" width=\"300\" height=\"200\" srcset=\"https:\/\/archive.sana.sy\/tr\/wp-content\/uploads\/2015\/05\/Attar-300x200.jpg 300w, https:\/\/archive.sana.sy\/tr\/wp-content\/uploads\/2015\/05\/Attar-150x100.jpg 150w, https:\/\/archive.sana.sy\/tr\/wp-content\/uploads\/2015\/05\/Attar.jpg 500w\" sizes=\"auto, (max-width: 300px) 100vw, 300px\" \/><\/a>Ermenistan \u015eam B\u00fcy\u00fckel\u00e7isi Ar\u015fak Boladian yapt\u0131\u011f\u0131 konu\u015fmada: \u201cEski Sovyetler Birli\u011fi Cumhuriyeti Halkalar\u0131 bug\u00fcn Fa\u015fizm\u2019e zaferin 70. Y\u0131ld\u00f6n\u00fcm\u00fcn\u00fc kutluyor\u201d diyerek be\u015feriyetin kader ve gelece\u011finin Berlin\u2019de 70 y\u0131l \u00f6nce bug\u00fcn kararla\u015ft\u0131r\u0131ld\u0131\u011f\u0131n\u0131 belirtti.<\/p>\n<p>Boladian, be\u015feriyet tarihinin muhtelif cephelerde kurban say\u0131s\u0131, co\u011frafyas\u0131 ve askeri operasyonlar\u0131 bak\u0131m\u0131ndan b\u00fcy\u00fck ulusal sava\u015f\u0131n bir benzerini yazmad\u0131\u011f\u0131na dikkat \u00e7ekerek, Sovyetler Birli\u011finin Fa\u015fist Alman-\u0130talyan ve Japonya ile ortaklar\u0131n\u0131n b\u00fct\u00fcn d\u00fcnyay\u0131 hegemonyalar\u0131 alt\u0131na alma y\u00f6n\u00fcndeki eksen g\u00fcvenliklerini sa\u011flamalar\u0131 \u00f6n\u00fcndeki temel engel oldu\u011funa i\u015faret etti.<\/p>\n<p>Boladian, d\u00fcnya haritas\u0131 \u00fczerinde bug\u00fcn baz\u0131 zamanlarda bilinen ve bir \u00e7ok taraftan destekli yeni bir \u015fekille s\u00f6z konusu fa\u015fist \u00f6nyarg\u0131lar\u0131n g\u00f6r\u00fcld\u00fc\u011f\u00fcn\u00fc s\u00f6yledi.<\/p>\n<p>Tekfiri fa\u015fist ideolojisinin\u00a0 Suriye ba\u015fta olmak \u00fczere \u00f6zellikle Arap \u00fclkelerinin bulundu\u011fu orta do\u011fu b\u00f6lgesinde yeni bir portreyle ortaya \u00e7\u0131kt\u0131\u011f\u0131n\u0131 a\u00e7\u0131klayan Boladian, Suriye\u2019nin \u015fikayet ettiklerinin \u201cy\u0131k\u0131c\u0131 bir veba\u201d oldu\u011funu varsayarak, 20. Yy\u2019\u0131n ortalar\u0131nda Avrupa\u2019da ortaya \u00e7\u0131kan fa\u015fist \u00f6nyarg\u0131s\u0131n\u0131 hat\u0131rlatan tekfiri ideolojinin s\u0131zma tehlikesinin idrak edilmesine \u00e7a\u011fr\u0131 yapt\u0131.<\/p>\n<p><span style=\"color: #0000ff\">Mikdat: Suriye Halk\u0131na Y\u00f6nelik Ter\u00f6ristlerin Su\u00e7lar\u0131 Nazizm Su\u00e7lar\u0131ndan Geri Kalm\u0131yor<\/span><\/p>\n<p>Kendi y\u00f6n\u00fcnden D\u0131\u015fi\u015fleri ve Gurbet\u00e7iler Bakan\u0131 Yard\u0131mc\u0131s\u0131 Faysal Mikdat resepsiyonda verdi\u011fi bas\u0131n demecinde, Nazizm\u2019e kar\u015f\u0131 sava\u015ft\u0131\u011f\u0131n\u0131 iddia eden bat\u0131l\u0131 \u00fclkelerin Nazizm\u2019i ve Fa\u015fistli\u011finden kaynakl\u0131\u00a0 inan\u0131lmas\u0131 g\u00fc\u00e7 olan icraatlarda bulunduklar\u0131n\u0131 belirtti.<\/p>\n<p>Mikdat, zaferin Sovyetler Birli\u011fi halk\u0131n\u0131n sundu\u011fu b\u00fcy\u00fck fedakarl\u0131klar temelinde sa\u011fland\u0131\u011f\u0131na dikkat \u00e7ekti.<\/p>\n<p><a href=\"http:\/\/sana.sy\/tr\/wp-content\/uploads\/2015\/05\/mikdat-2.jpg\"><img loading=\"lazy\" decoding=\"async\" class=\" size-medium wp-image-32739 alignright\" src=\"http:\/\/sana.sy\/tr\/wp-content\/uploads\/2015\/05\/mikdat-2-300x234.jpg\" alt=\"mikdat 2\" width=\"300\" height=\"234\" srcset=\"https:\/\/archive.sana.sy\/tr\/wp-content\/uploads\/2015\/05\/mikdat-2-300x234.jpg 300w, https:\/\/archive.sana.sy\/tr\/wp-content\/uploads\/2015\/05\/mikdat-2-150x117.jpg 150w, https:\/\/archive.sana.sy\/tr\/wp-content\/uploads\/2015\/05\/mikdat-2.jpg 500w\" sizes=\"auto, (max-width: 300px) 100vw, 300px\" \/><\/a>Mikdat, d\u00fcnyan\u0131n emellerini Federal Rusya ile Ba\u015fkan Viladimir Putin\u2019in izledi\u011fi yol yan\u0131 s\u0131ra, ter\u00f6rden uzak, tek tarafl\u0131 kutba boyun e\u011fmeyen daha fazla adil \u00e7ok kutuplu yeni bir d\u00fcnya d\u00fczenini \u00fcretmesi rol\u00fc \u00fczerine koydu\u011funu s\u00f6yledi.<\/p>\n<p>Mikdat, Suriye halk\u0131n\u0131n bu tip Nazizm ve fa\u015fist t\u00fcrlerle sava\u015ft\u0131\u011f\u0131n\u0131 belirterek Suriye halk\u0131na y\u00f6nelik ter\u00f6rist \u00f6rg\u00fctleri su\u00e7lar\u0131n\u0131n Nazizm su\u00e7lar\u0131ndan geri kalmad\u0131\u011f\u0131n\u0131 vurgulad\u0131.<\/p>\n<p>Mikdat, ABD ve bat\u0131l\u0131 \u00fclkelerin umutsuz giri\u015fimlerinin uluslararas\u0131 kanun temsilcisi olmayaca\u011f\u0131n\u0131 vurgulayarak s\u00f6z konusu \u00fclkelerin halklara y\u00f6nelik ya\u011fma, h\u0131rs\u0131zl\u0131k ve sald\u0131r\u0131 kanunu ile d\u00fcnya \u00fczerindeki insan haklar\u0131 ihlalini temsil etti\u011fini ifade etti.<\/p>\n<p>https:\/\/www.youtube.com\/watch?v=u3Nj8lYWcfU<\/p>\n<div id='gallery-1' class='gallery galleryid-32735 gallery-columns-2 gallery-size-thumbnail'><figure class='gallery-item'>\n\t\t\t<div class='gallery-icon portrait'>\n\t\t\t\t<a href='https:\/\/archive.sana.sy\/tr\/wp-content\/uploads\/2015\/05\/RWJ2795.jpg'><img loading=\"lazy\" decoding=\"async\" width=\"100\" height=\"150\" src=\"https:\/\/archive.sana.sy\/tr\/wp-content\/uploads\/2015\/05\/RWJ2795-100x150.jpg\" class=\"attachment-thumbnail size-thumbnail\" alt=\"\" srcset=\"https:\/\/archive.sana.sy\/tr\/wp-content\/uploads\/2015\/05\/RWJ2795-100x150.jpg 100w, https:\/\/archive.sana.sy\/tr\/wp-content\/uploads\/2015\/05\/RWJ2795-200x300.jpg 200w, https:\/\/archive.sana.sy\/tr\/wp-content\/uploads\/2015\/05\/RWJ2795-681x1024.jpg 681w, https:\/\/archive.sana.sy\/tr\/wp-content\/uploads\/2015\/05\/RWJ2795.jpg 1996w\" sizes=\"auto, (max-width: 100px) 100vw, 100px\" \/><\/a>\n\t\t\t<\/div><\/figure><figure class='gallery-item'>\n\t\t\t<div class='gallery-icon landscape'>\n\t\t\t\t<a href='https:\/\/archive.sana.sy\/tr\/wp-content\/uploads\/2015\/05\/RWJ2803.jpg'><img loading=\"lazy\" decoding=\"async\" width=\"150\" height=\"100\" src=\"https:\/\/archive.sana.sy\/tr\/wp-content\/uploads\/2015\/05\/RWJ2803-150x100.jpg\" class=\"attachment-thumbnail size-thumbnail\" alt=\"\" srcset=\"https:\/\/archive.sana.sy\/tr\/wp-content\/uploads\/2015\/05\/RWJ2803-150x100.jpg 150w, https:\/\/archive.sana.sy\/tr\/wp-content\/uploads\/2015\/05\/RWJ2803-300x200.jpg 300w, https:\/\/archive.sana.sy\/tr\/wp-content\/uploads\/2015\/05\/RWJ2803-1024x681.jpg 1024w\" sizes=\"auto, (max-width: 150px) 100vw, 150px\" \/><\/a>\n\t\t\t<\/div><\/figure><figure class='gallery-item'>\n\t\t\t<div class='gallery-icon landscape'>\n\t\t\t\t<a href='https:\/\/archive.sana.sy\/tr\/wp-content\/uploads\/2015\/05\/RWJ2810.jpg'><img loading=\"lazy\" decoding=\"async\" width=\"150\" height=\"102\" src=\"https:\/\/archive.sana.sy\/tr\/wp-content\/uploads\/2015\/05\/RWJ2810-150x102.jpg\" class=\"attachment-thumbnail size-thumbnail\" alt=\"\" srcset=\"https:\/\/archive.sana.sy\/tr\/wp-content\/uploads\/2015\/05\/RWJ2810-150x102.jpg 150w, https:\/\/archive.sana.sy\/tr\/wp-content\/uploads\/2015\/05\/RWJ2810-300x204.jpg 300w, https:\/\/archive.sana.sy\/tr\/wp-content\/uploads\/2015\/05\/RWJ2810-1024x695.jpg 1024w\" sizes=\"auto, (max-width: 150px) 100vw, 150px\" \/><\/a>\n\t\t\t<\/div><\/figure><figure class='gallery-item'>\n\t\t\t<div class='gallery-icon landscape'>\n\t\t\t\t<a href='https:\/\/archive.sana.sy\/tr\/wp-content\/uploads\/2015\/05\/RWJ2820.jpg'><img loading=\"lazy\" decoding=\"async\" width=\"150\" height=\"100\" src=\"https:\/\/archive.sana.sy\/tr\/wp-content\/uploads\/2015\/05\/RWJ2820-150x100.jpg\" class=\"attachment-thumbnail size-thumbnail\" alt=\"\" srcset=\"https:\/\/archive.sana.sy\/tr\/wp-content\/uploads\/2015\/05\/RWJ2820-150x100.jpg 150w, https:\/\/archive.sana.sy\/tr\/wp-content\/uploads\/2015\/05\/RWJ2820-300x200.jpg 300w, https:\/\/archive.sana.sy\/tr\/wp-content\/uploads\/2015\/05\/RWJ2820-1024x681.jpg 1024w\" sizes=\"auto, (max-width: 150px) 100vw, 150px\" \/><\/a>\n\t\t\t<\/div><\/figure><figure class='gallery-item'>\n\t\t\t<div class='gallery-icon landscape'>\n\t\t\t\t<a href='https:\/\/archive.sana.sy\/tr\/wp-content\/uploads\/2015\/05\/RWJ2828.jpg'><img loading=\"lazy\" decoding=\"async\" width=\"150\" height=\"100\" src=\"https:\/\/archive.sana.sy\/tr\/wp-content\/uploads\/2015\/05\/RWJ2828-150x100.jpg\" class=\"attachment-thumbnail size-thumbnail\" alt=\"\" srcset=\"https:\/\/archive.sana.sy\/tr\/wp-content\/uploads\/2015\/05\/RWJ2828-150x100.jpg 150w, https:\/\/archive.sana.sy\/tr\/wp-content\/uploads\/2015\/05\/RWJ2828-300x200.jpg 300w, https:\/\/archive.sana.sy\/tr\/wp-content\/uploads\/2015\/05\/RWJ2828-1024x681.jpg 1024w\" sizes=\"auto, (max-width: 150px) 100vw, 150px\" \/><\/a>\n\t\t\t<\/div><\/figure><figure class='gallery-item'>\n\t\t\t<div class='gallery-icon landscape'>\n\t\t\t\t<a href='https:\/\/archive.sana.sy\/tr\/wp-content\/uploads\/2015\/05\/RWJ2835.jpg'><img loading=\"lazy\" decoding=\"async\" width=\"150\" height=\"100\" src=\"https:\/\/archive.sana.sy\/tr\/wp-content\/uploads\/2015\/05\/RWJ2835-150x100.jpg\" class=\"attachment-thumbnail size-thumbnail\" alt=\"\" srcset=\"https:\/\/archive.sana.sy\/tr\/wp-content\/uploads\/2015\/05\/RWJ2835-150x100.jpg 150w, https:\/\/archive.sana.sy\/tr\/wp-content\/uploads\/2015\/05\/RWJ2835-300x200.jpg 300w, https:\/\/archive.sana.sy\/tr\/wp-content\/uploads\/2015\/05\/RWJ2835-1024x681.jpg 1024w\" sizes=\"auto, (max-width: 150px) 100vw, 150px\" \/><\/a>\n\t\t\t<\/div><\/figure><figure class='gallery-item'>\n\t\t\t<div class='gallery-icon landscape'>\n\t\t\t\t<a href='https:\/\/archive.sana.sy\/tr\/wp-content\/uploads\/2015\/05\/RWJ2837.jpg'><img loading=\"lazy\" decoding=\"async\" width=\"150\" height=\"100\" src=\"https:\/\/archive.sana.sy\/tr\/wp-content\/uploads\/2015\/05\/RWJ2837-150x100.jpg\" class=\"attachment-thumbnail size-thumbnail\" alt=\"\" srcset=\"https:\/\/archive.sana.sy\/tr\/wp-content\/uploads\/2015\/05\/RWJ2837-150x100.jpg 150w, https:\/\/archive.sana.sy\/tr\/wp-content\/uploads\/2015\/05\/RWJ2837-300x200.jpg 300w, https:\/\/archive.sana.sy\/tr\/wp-content\/uploads\/2015\/05\/RWJ2837-1024x681.jpg 1024w\" sizes=\"auto, (max-width: 150px) 100vw, 150px\" \/><\/a>\n\t\t\t<\/div><\/figure><figure class='gallery-item'>\n\t\t\t<div class='gallery-icon landscape'>\n\t\t\t\t<a href='https:\/\/archive.sana.sy\/tr\/wp-content\/uploads\/2015\/05\/RWJ2845.jpg'><img loading=\"lazy\" decoding=\"async\" width=\"150\" height=\"100\" src=\"https:\/\/archive.sana.sy\/tr\/wp-content\/uploads\/2015\/05\/RWJ2845-150x100.jpg\" class=\"attachment-thumbnail size-thumbnail\" alt=\"\" srcset=\"https:\/\/archive.sana.sy\/tr\/wp-content\/uploads\/2015\/05\/RWJ2845-150x100.jpg 150w, https:\/\/archive.sana.sy\/tr\/wp-content\/uploads\/2015\/05\/RWJ2845-300x200.jpg 300w, https:\/\/archive.sana.sy\/tr\/wp-content\/uploads\/2015\/05\/RWJ2845-1024x681.jpg 1024w\" sizes=\"auto, (max-width: 150px) 100vw, 150px\" \/><\/a>\n\t\t\t<\/div><\/figure><figure class='gallery-item'>\n\t\t\t<div class='gallery-icon landscape'>\n\t\t\t\t<a href='https:\/\/archive.sana.sy\/tr\/wp-content\/uploads\/2015\/05\/RWJ2867.jpg'><img loading=\"lazy\" decoding=\"async\" width=\"150\" height=\"100\" src=\"https:\/\/archive.sana.sy\/tr\/wp-content\/uploads\/2015\/05\/RWJ2867-150x100.jpg\" class=\"attachment-thumbnail size-thumbnail\" alt=\"\" srcset=\"https:\/\/archive.sana.sy\/tr\/wp-content\/uploads\/2015\/05\/RWJ2867-150x100.jpg 150w, https:\/\/archive.sana.sy\/tr\/wp-content\/uploads\/2015\/05\/RWJ2867-300x200.jpg 300w, https:\/\/archive.sana.sy\/tr\/wp-content\/uploads\/2015\/05\/RWJ2867-1024x681.jpg 1024w\" sizes=\"auto, (max-width: 150px) 100vw, 150px\" \/><\/a>\n\t\t\t<\/div><\/figure><figure class='gallery-item'>\n\t\t\t<div class='gallery-icon landscape'>\n\t\t\t\t<a href='https:\/\/archive.sana.sy\/tr\/wp-content\/uploads\/2015\/05\/RWJ2876.jpg'><img loading=\"lazy\" decoding=\"async\" width=\"150\" height=\"100\" src=\"https:\/\/archive.sana.sy\/tr\/wp-content\/uploads\/2015\/05\/RWJ2876-150x100.jpg\" class=\"attachment-thumbnail size-thumbnail\" alt=\"\" srcset=\"https:\/\/archive.sana.sy\/tr\/wp-content\/uploads\/2015\/05\/RWJ2876-150x100.jpg 150w, https:\/\/archive.sana.sy\/tr\/wp-content\/uploads\/2015\/05\/RWJ2876-300x199.jpg 300w, https:\/\/archive.sana.sy\/tr\/wp-content\/uploads\/2015\/05\/RWJ2876-1024x679.jpg 1024w\" sizes=\"auto, (max-width: 150px) 100vw, 150px\" \/><\/a>\n\t\t\t<\/div><\/figure><figure class='gallery-item'>\n\t\t\t<div class='gallery-icon landscape'>\n\t\t\t\t<a href='https:\/\/archive.sana.sy\/tr\/wp-content\/uploads\/2015\/05\/RWJ2879.jpg'><img loading=\"lazy\" decoding=\"async\" width=\"150\" height=\"103\" src=\"https:\/\/archive.sana.sy\/tr\/wp-content\/uploads\/2015\/05\/RWJ2879-150x103.jpg\" class=\"attachment-thumbnail size-thumbnail\" alt=\"\" srcset=\"https:\/\/archive.sana.sy\/tr\/wp-content\/uploads\/2015\/05\/RWJ2879-150x103.jpg 150w, https:\/\/archive.sana.sy\/tr\/wp-content\/uploads\/2015\/05\/RWJ2879-300x206.jpg 300w, https:\/\/archive.sana.sy\/tr\/wp-content\/uploads\/2015\/05\/RWJ2879-1024x705.jpg 1024w\" sizes=\"auto, (max-width: 150px) 100vw, 150px\" \/><\/a>\n\t\t\t<\/div><\/figure><figure class='gallery-item'>\n\t\t\t<div class='gallery-icon landscape'>\n\t\t\t\t<a href='https:\/\/archive.sana.sy\/tr\/wp-content\/uploads\/2015\/05\/RWJ2907.jpg'><img loading=\"lazy\" decoding=\"async\" width=\"150\" height=\"117\" src=\"https:\/\/archive.sana.sy\/tr\/wp-content\/uploads\/2015\/05\/RWJ2907-150x117.jpg\" class=\"attachment-thumbnail size-thumbnail\" alt=\"\" srcset=\"https:\/\/archive.sana.sy\/tr\/wp-content\/uploads\/2015\/05\/RWJ2907-150x117.jpg 150w, https:\/\/archive.sana.sy\/tr\/wp-content\/uploads\/2015\/05\/RWJ2907-300x234.jpg 300w, https:\/\/archive.sana.sy\/tr\/wp-content\/uploads\/2015\/05\/RWJ2907-1024x798.jpg 1024w\" sizes=\"auto, (max-width: 150px) 100vw, 150px\" \/><\/a>\n\t\t\t<\/div><\/figure>\n\t\t<\/div>\n\n<p>S.\u015e. &#8211; R.H.<\/p>\n","protected":false},"excerpt":{"rendered":"<p>\u015eAM &#8211; B\u00fcy\u00fck Ulusal Sava\u015fta Nazizm\u2019e kar\u015f\u0131 Zafer Bayram\u0131n\u0131n 70. Y\u0131ld\u00f6n\u00fcm\u00fc m\u00fcnasebetiyle Rusya Federasyonu Cumhuriyetleri, Belarus ve Ermenistan\u00a0 B\u00fcy\u00fckel\u00e7ilikleri Cumhurba\u015fkan\u0131 yard\u0131mc\u0131s\u0131 Necah el Attar, Halk Meclisi Ba\u015fkan\u0131 Muhammed Cihat el Lahham, baz\u0131 bakanlar, Arap ve yabanc\u0131 diplomatik heyet temsilcileri, ekonomi, dini, sosuyla, k\u00fclt\u00fcrel ve medya faaliyetlerinin kat\u0131l\u0131m\u0131yla d\u00fcn ak\u015fam, \u015eam\u2019\u0131n Dama Rose Otelinde bir resepsiyon &hellip;<\/p>\n","protected":false},"author":1,"featured_media":32737,"comment_status":"closed","ping_status":"closed","sticky":false,"template":"","format":"standard","meta":{"footnotes":""},"categories":[479,447,478],"tags":[14414],"class_list":["post-32735","post","type-post","status-publish","format-standard","has-post-thumbnail","","category-haberler-yerel","category-politika","category-yerel","tag-nazizme-zafer-yildonumu-resepsiyonu-mikdat-dunyanin-emelleri-rusyanin-uzerindedir"],"_links":{"self":[{"href":"https:\/\/archive.sana.sy\/tr\/index.php?rest_route=\/wp\/v2\/posts\/32735","targetHints":{"allow":["GET"]}}],"collection":[{"href":"https:\/\/archive.sana.sy\/tr\/index.php?rest_route=\/wp\/v2\/posts"}],"about":[{"href":"https:\/\/archive.sana.sy\/tr\/index.php?rest_route=\/wp\/v2\/types\/post"}],"author":[{"embeddable":true,"href":"https:\/\/archive.sana.sy\/tr\/index.php?rest_route=\/wp\/v2\/users\/1"}],"replies":[{"embeddable":true,"href":"https:\/\/archive.sana.sy\/tr\/index.php?rest_route=%2Fwp%2Fv2%2Fcomments&post=32735"}],"version-history":[{"count":0,"href":"https:\/\/archive.sana.sy\/tr\/index.php?rest_route=\/wp\/v2\/posts\/32735\/revisions"}],"wp:featuredmedia":[{"embeddable":true,"href":"https:\/\/archive.sana.sy\/tr\/index.php?rest_route=\/wp\/v2\/media\/32737"}],"wp:attachment":[{"href":"https:\/\/archive.sana.sy\/tr\/index.php?rest_route=%2Fwp%2Fv2%2Fmedia&parent=32735"}],"wp:term":[{"taxonomy":"category","embeddable":true,"href":"https:\/\/archive.sana.sy\/tr\/index.php?rest_route=%2Fwp%2Fv2%2Fcategories&post=32735"},{"taxonomy":"post_tag","embeddable":true,"href":"https:\/\/archive.sana.sy\/tr\/index.php?rest_route=%2Fwp%2Fv2%2Ftags&post=32735"}],"curies":[{"name":"wp","href":"https:\/\/api.w.org\/{rel}","templated":true}]}}