{"id":327350,"date":"2025-08-08T12:01:39","date_gmt":"2025-08-08T09:01:39","guid":{"rendered":"https:\/\/sana.sy\/tr\/?p=327350"},"modified":"2025-08-08T12:01:39","modified_gmt":"2025-08-08T09:01:39","slug":"yedinci-insani-yardim-konvoyu-busra-el-sam-insani-koridoruna-ulasti","status":"publish","type":"post","link":"https:\/\/archive.sana.sy\/tr\/?p=327350","title":{"rendered":"Yedinci \u0130nsani Yard\u0131m Konvoyu Bu\u015fra El \u015eam \u0130nsani Koridoruna Ula\u015ft\u0131"},"content":{"rendered":"<p style=\"text-align: justify;\"><span style=\"color: #ff0000;\"><strong>DERA (SANA) &#8211;<\/strong><\/span> Bug\u00fcn, yedinci insani yard\u0131m konvoyu, S\u00fcveyda iline ula\u015ft\u0131r\u0131lmak \u00fczere Bu\u015fra El \u015eam insani koridoruna giri\u015f yapt\u0131. Konvoy, g\u0131da kolileri, yard\u0131m malzemeleri ve bar\u0131nma gere\u00e7leri \u2013 aralar\u0131nda yatak ve battaniyelerin de bulundu\u011fu \u2013 b\u00fcy\u00fck miktarda insani yard\u0131m\u0131 beraberinde getirdi.<\/p>\n<p style=\"text-align: justify;\">Konvoyda 28 kamyon bulunuyor. Bunlardan 19\u2019u Suriye Arap K\u0131z\u0131lay\u0131\u2019na, 9\u2019u ise ticari sekt\u00f6re ait. Ayr\u0131ca un y\u00fckl\u00fc bir kamyon ve hizmet ihtiya\u00e7lar\u0131n\u0131 kar\u015f\u0131lamak \u00fczere tahsis edilmi\u015f bir mazot tankeri de konvoya e\u015flik ediyor.<\/p>\n<p style=\"text-align: justify;\">Bu yard\u0131mlar, Suriye Arap K\u0131z\u0131lay\u0131, Birle\u015fmi\u015f Milletler D\u00fcnya G\u0131da Program\u0131 (WFP), Birle\u015fmi\u015f Milletler N\u00fcfus Fonu (UNFPA) ve A\u011fa Han Vakf\u0131 taraf\u0131ndan sa\u011flanmakta olup, S\u00fcveyda halk\u0131na y\u00f6nelik insani ve hizmet deste\u011fini temin etmek amac\u0131yla bu kurulu\u015flar aras\u0131nda y\u00fcr\u00fct\u00fclen ortak i\u015fbirli\u011fi \u00e7er\u00e7evesinde ula\u015ft\u0131r\u0131l\u0131yor.<\/p>\n<p style=\"text-align: justify;\">Suriye Arap K\u0131z\u0131lay\u0131\u2019ndan yetkili bir kaynak SANA muhabirine yapt\u0131\u011f\u0131 a\u00e7\u0131klamada, \u201c\u0130lgili kurumlar ve uluslararas\u0131 ortaklarla koordinasyon i\u00e7inde S\u00fcveyda iline insani yard\u0131m ula\u015ft\u0131rmaya devam ediyoruz. \u00d6nceki konvoylar, g\u0131da, ila\u00e7 ve bar\u0131nma malzemeleri dahil olmak \u00fczere her t\u00fcrl\u00fc deste\u011fi i\u00e7ermekteydi. Bu da, ihtiyac\u0131 olan herkese ayr\u0131m g\u00f6zetmeksizin ula\u015fma konusundaki kararl\u0131l\u0131\u011f\u0131m\u0131z\u0131 yans\u0131tmaktad\u0131r.\u201d dedi.<\/p>\n<p style=\"text-align: justify;\">Kaynak, bu yard\u0131mlar\u0131n ula\u015ft\u0131r\u0131lmas\u0131n\u0131n, t\u00fcm ilgili taraflar\u0131n mevcut ko\u015fullar alt\u0131nda halka destek olma ve yan\u0131nda durma konusundaki hassasiyetini ortaya koydu\u011funu vurgulad\u0131.<\/p>\n<p style=\"text-align: justify;\">Bu konvoylar\u0131n g\u00f6nderilmesi ve farkl\u0131 insani ve hizmet desteklerinin sa\u011flanmas\u0131, Suriye h\u00fck\u00fcmetinin S\u00fcveyda halk\u0131n\u0131n yan\u0131nda durma konusundaki kararl\u0131l\u0131\u011f\u0131n\u0131n ve \u00fclkenin toplumsal dokusunun birli\u011fine olan ba\u011fl\u0131l\u0131\u011f\u0131n\u0131n somut bir g\u00f6stergesidir.<\/p>\n<div id='gallery-1' class='gallery galleryid-327350 gallery-columns-1 gallery-size-full'><figure class='gallery-item'>\n\t\t\t<div class='gallery-icon landscape'>\n\t\t\t\t<a href='https:\/\/archive.sana.sy\/tr\/?attachment_id=327352'><img loading=\"lazy\" decoding=\"async\" width=\"1280\" height=\"779\" src=\"https:\/\/archive.sana.sy\/tr\/wp-content\/uploads\/2025\/08\/photo_2025-08-08_12-00-17.jpg\" class=\"attachment-full size-full\" alt=\"\" srcset=\"https:\/\/archive.sana.sy\/tr\/wp-content\/uploads\/2025\/08\/photo_2025-08-08_12-00-17.jpg 1280w, https:\/\/archive.sana.sy\/tr\/wp-content\/uploads\/2025\/08\/photo_2025-08-08_12-00-17-300x183.jpg 300w, https:\/\/archive.sana.sy\/tr\/wp-content\/uploads\/2025\/08\/photo_2025-08-08_12-00-17-1024x623.jpg 1024w, https:\/\/archive.sana.sy\/tr\/wp-content\/uploads\/2025\/08\/photo_2025-08-08_12-00-17-768x467.jpg 768w\" sizes=\"auto, (max-width: 1280px) 100vw, 1280px\" \/><\/a>\n\t\t\t<\/div><\/figure><figure class='gallery-item'>\n\t\t\t<div class='gallery-icon landscape'>\n\t\t\t\t<a href='https:\/\/archive.sana.sy\/tr\/?attachment_id=327353'><img loading=\"lazy\" decoding=\"async\" width=\"1280\" height=\"923\" src=\"https:\/\/archive.sana.sy\/tr\/wp-content\/uploads\/2025\/08\/photo_2025-08-08_12-00-25.jpg\" class=\"attachment-full size-full\" alt=\"\" srcset=\"https:\/\/archive.sana.sy\/tr\/wp-content\/uploads\/2025\/08\/photo_2025-08-08_12-00-25.jpg 1280w, https:\/\/archive.sana.sy\/tr\/wp-content\/uploads\/2025\/08\/photo_2025-08-08_12-00-25-300x216.jpg 300w, https:\/\/archive.sana.sy\/tr\/wp-content\/uploads\/2025\/08\/photo_2025-08-08_12-00-25-1024x738.jpg 1024w, https:\/\/archive.sana.sy\/tr\/wp-content\/uploads\/2025\/08\/photo_2025-08-08_12-00-25-768x554.jpg 768w\" sizes=\"auto, (max-width: 1280px) 100vw, 1280px\" \/><\/a>\n\t\t\t<\/div><\/figure>\n\t\t<\/div>\n\n","protected":false},"excerpt":{"rendered":"<p>DERA (SANA) &#8211; Bug\u00fcn, yedinci insani yard\u0131m konvoyu, S\u00fcveyda iline ula\u015ft\u0131r\u0131lmak \u00fczere Bu\u015fra El \u015eam insani koridoruna giri\u015f yapt\u0131. Konvoy, g\u0131da kolileri, yard\u0131m malzemeleri ve bar\u0131nma gere\u00e7leri \u2013 aralar\u0131nda yatak ve battaniyelerin de bulundu\u011fu \u2013 b\u00fcy\u00fck miktarda insani yard\u0131m\u0131 beraberinde getirdi. Konvoyda 28 kamyon bulunuyor. Bunlardan 19\u2019u Suriye Arap K\u0131z\u0131lay\u0131\u2019na, 9\u2019u ise ticari sekt\u00f6re ait. &hellip;<\/p>\n","protected":false},"author":44,"featured_media":327351,"comment_status":"closed","ping_status":"closed","sticky":false,"template":"","format":"standard","meta":{"footnotes":""},"categories":[589,479,17988,478],"tags":[44169],"class_list":["post-327350","post","type-post","status-publish","format-standard","has-post-thumbnail","","category-haber-seridi","category-haberler-yerel","category-son-haberler","category-yerel","tag-yedinci-insani-yardim-konvoyu-busra-el-sam-insani-koridoruna-ulasti"],"_links":{"self":[{"href":"https:\/\/archive.sana.sy\/tr\/index.php?rest_route=\/wp\/v2\/posts\/327350","targetHints":{"allow":["GET"]}}],"collection":[{"href":"https:\/\/archive.sana.sy\/tr\/index.php?rest_route=\/wp\/v2\/posts"}],"about":[{"href":"https:\/\/archive.sana.sy\/tr\/index.php?rest_route=\/wp\/v2\/types\/post"}],"author":[{"embeddable":true,"href":"https:\/\/archive.sana.sy\/tr\/index.php?rest_route=\/wp\/v2\/users\/44"}],"replies":[{"embeddable":true,"href":"https:\/\/archive.sana.sy\/tr\/index.php?rest_route=%2Fwp%2Fv2%2Fcomments&post=327350"}],"version-history":[{"count":1,"href":"https:\/\/archive.sana.sy\/tr\/index.php?rest_route=\/wp\/v2\/posts\/327350\/revisions"}],"predecessor-version":[{"id":327354,"href":"https:\/\/archive.sana.sy\/tr\/index.php?rest_route=\/wp\/v2\/posts\/327350\/revisions\/327354"}],"wp:featuredmedia":[{"embeddable":true,"href":"https:\/\/archive.sana.sy\/tr\/index.php?rest_route=\/wp\/v2\/media\/327351"}],"wp:attachment":[{"href":"https:\/\/archive.sana.sy\/tr\/index.php?rest_route=%2Fwp%2Fv2%2Fmedia&parent=327350"}],"wp:term":[{"taxonomy":"category","embeddable":true,"href":"https:\/\/archive.sana.sy\/tr\/index.php?rest_route=%2Fwp%2Fv2%2Fcategories&post=327350"},{"taxonomy":"post_tag","embeddable":true,"href":"https:\/\/archive.sana.sy\/tr\/index.php?rest_route=%2Fwp%2Fv2%2Ftags&post=327350"}],"curies":[{"name":"wp","href":"https:\/\/api.w.org\/{rel}","templated":true}]}}