{"id":327367,"date":"2025-08-08T20:06:17","date_gmt":"2025-08-08T17:06:17","guid":{"rendered":"https:\/\/sana.sy\/tr\/?p=327367"},"modified":"2025-08-08T20:06:17","modified_gmt":"2025-08-08T17:06:17","slug":"suriye-turkiye-ekonomik-anlasmalari-iki-ulke-arasindaki-stratejik-ortakligi-derinlestiriyor","status":"publish","type":"post","link":"https:\/\/archive.sana.sy\/tr\/?p=327367","title":{"rendered":"Suriye-T\u00fcrkiye Ekonomik Anla\u015fmalar\u0131, \u0130ki \u00dclke Aras\u0131ndaki Stratejik Ortakl\u0131\u011f\u0131 Derinle\u015ftiriyor"},"content":{"rendered":"<p style=\"text-align: justify;\"><span style=\"color: #ff0000;\"><strong>ANKARA (SANA) &#8211;<\/strong> <\/span>Suriye ile T\u00fcrkiye aras\u0131nda iki \u00fclkenin yarar\u0131na olacak stratejik bir ekonomik ortakl\u0131k kurma y\u00f6n\u00fcndeki ortak iradeyi yans\u0131tan bir ad\u0131m olarak, Suriye Ekonomi ve Sanayi Bakan\u0131 Muhammed Nidal El \u015eaar ba\u015fkanl\u0131\u011f\u0131ndaki \u00fcst d\u00fczey bir ekonomik heyet, 4-7 A\u011fustos tarihleri aras\u0131nda Ankara\u2019y\u0131 ziyaret etti.<\/p>\n<p style=\"text-align: justify;\"><span style=\"color: #0000ff;\"><strong>S\u00fcrd\u00fcr\u00fclebilir Ortakl\u0131k \u0130\u00e7in Mutabakatlar<img loading=\"lazy\" decoding=\"async\" class=\"size-full wp-image-327369 alignright\" src=\"http:\/\/sana.sy\/tr\/wp-content\/uploads\/2025\/08\/photo_2025-08-08_18-41-47-300x200-1.jpg\" alt=\"\" width=\"300\" height=\"200\" \/><\/strong><\/span><\/p>\n<p style=\"text-align: justify;\">Ziyaret kapsam\u0131nda, Suriye\u2019nin yeniden in\u015fa s\u00fcrecine destek olmak amac\u0131yla iki \u00fclke aras\u0131ndaki i\u015f birli\u011fi olanaklar\u0131 ele al\u0131nd\u0131. Ziyaret, 10 mutabakat zapt\u0131n\u0131n imzalanmas\u0131 ve Suriye-T\u00fcrkiye \u0130\u015f Konseyi\u2019nin kurulu\u015funun ilan edilmesiyle sonu\u00e7land\u0131. Bu ad\u0131m, iki \u00fclkenin kurumlar\u0131 aras\u0131nda i\u015f birli\u011fini tesis etmeyi ve \u00f6zel sekt\u00f6rler aras\u0131nda do\u011frudan ileti\u015fim kanallar\u0131n\u0131 g\u00fc\u00e7lendirmeyi hedefliyor. Bu geli\u015fmelerin Suriyeli ve T\u00fcrk halklar\u0131 \u00fczerinde olumlu etkiler yaratmas\u0131 bekleniyor.<\/p>\n<p style=\"text-align: justify;\">Mutabakatlar ayr\u0131ca, ortak yat\u0131r\u0131m projelerinin desteklenmesini ve idari, sanayi ve modern teknoloji alanlar\u0131nda deneyim payla\u015f\u0131m\u0131n\u0131 da i\u00e7eriyor.<\/p>\n<p style=\"text-align: justify;\"><span style=\"color: #0000ff;\"><strong>Ekonomik Derneklerle \u0130\u015f Birli\u011finin G\u00fc\u00e7lendirilmesi<\/strong><\/span><\/p>\n<p style=\"text-align: justify;\">Suriye ekonomik heyetinin ziyareti yaln\u0131zca resmi makamlarla s\u0131n\u0131rl\u0131 kalmay\u0131p, T\u00fcrkiye\u2019nin \u00f6nde gelen i\u015f insanlar\u0131 derneklerinden biri olan ve 50 bine yak\u0131n \u00fcyesi bulunan M\u00dcS\u0130AD (M\u00fcstakil Sanayici ve \u0130\u015fadamlar\u0131 Derne\u011fi) temsilcileriyle de bir g\u00f6r\u00fc\u015fme ger\u00e7ekle\u015ftirildi.<\/p>\n<p style=\"text-align: justify;\">G\u00f6r\u00fc\u015fmede sanayi ve ticaret alanlar\u0131ndaki i\u015f birli\u011finin art\u0131r\u0131lmas\u0131, yeni ekonomik de\u011fi\u015fim kanallar\u0131n\u0131n a\u00e7\u0131lmas\u0131 konular\u0131 ele al\u0131nd\u0131. M\u00dcS\u0130AD, Suriye&#8217;deki kalk\u0131nma projelerine tam destek vermeye haz\u0131r olduklar\u0131n\u0131 belirtti. Ortak i\u015f birli\u011finin, b\u00f6lgede istikrar ve b\u00fcy\u00fcmenin temel ta\u015f\u0131 oldu\u011funa dikkat \u00e7ekildi.<\/p>\n<p style=\"text-align: justify;\">Heyet ayr\u0131ca, ASKON (Anadolu Aslanlar\u0131 \u0130\u015fadamlar\u0131 Derne\u011fi) genel merkezini ziyaret ederek, imalat sanayilerine yat\u0131r\u0131m f\u0131rsatlar\u0131 ve iki \u00fclke i\u015f insanlar\u0131n\u0131 bir araya getirecek ortak fuar ve ekonomik etkinliklerin d\u00fczenlenmesi konular\u0131nda g\u00f6r\u00fc\u015fmelerde bulundu.<\/p>\n<p style=\"text-align: justify;\">Her iki taraf da bu ad\u0131mlar\u0131n, ikili ekonomik ili\u015fkilerde yeni bir d\u00f6nemin sa\u011flam temelini olu\u015fturdu\u011funu vurgulad\u0131.<\/p>\n<p style=\"text-align: justify;\"><span style=\"color: #0000ff;\"><strong>Dijital \u00dcretim Alan\u0131nda \u0130\u015f Birli\u011fi<\/strong><\/span><\/p>\n<p style=\"text-align: justify;\">Teknolojik geli\u015fmeleri yak\u0131ndan takip etmek amac\u0131yla heyet, MEXT Teknoloji Merkezi\u2019ni ziyaret ederek en son dijital \u00fcretim sistemleri hakk\u0131nda bilgi ald\u0131. Ayr\u0131ca, bu teknolojilerin Suriye pazar\u0131na aktar\u0131lmas\u0131, \u00fcretim kapasitesinin art\u0131r\u0131lmas\u0131 ve yerli \u00fcr\u00fcnlerin rekabet g\u00fcc\u00fcn\u00fcn y\u00fckseltilmesi olanaklar\u0131 tart\u0131\u015f\u0131ld\u0131.<\/p>\n<p style=\"text-align: justify;\"><span style=\"color: #0000ff;\"><strong>Suriye Diasporas\u0131 Yeniden \u0130n\u015fada Ortak<img loading=\"lazy\" decoding=\"async\" class=\"size-full wp-image-327370 alignright\" src=\"http:\/\/sana.sy\/tr\/wp-content\/uploads\/2025\/08\/photo_2025-08-08_18-42-15-300x200-1.jpg\" alt=\"\" width=\"300\" height=\"200\" \/><\/strong><\/span><\/p>\n<p style=\"text-align: justify;\">Ziyaretin sonunda, \u0130stanbul&#8217;da \u201cSuriye D\u00fcnyay\u0131 A\u011f\u0131rl\u0131yor\u201d konferans\u0131 kapsam\u0131nda Suriye-T\u00fcrkiye \u0130\u015f Konseyi\u2019nin kat\u0131l\u0131m\u0131yla, Suriyeli diaspora mensuplar\u0131yla geni\u015f kat\u0131l\u0131ml\u0131 bir toplant\u0131 ger\u00e7ekle\u015ftirildi. Bu toplant\u0131da, yurtd\u0131\u015f\u0131nda ya\u015fayan Suriyelilerin bilgi ve kaynaklar\u0131n\u0131n ulusal kalk\u0131nma projelerine entegre edilmesi y\u00f6ntemleri ele al\u0131nd\u0131. Diaspora, yeniden in\u015fa s\u00fcrecinde temel ortak olarak de\u011ferlendirildi.<\/p>\n<p style=\"text-align: justify;\"><span style=\"color: #0000ff;\"><strong>Suriye-T\u00fcrkiye \u0130li\u015fkilerinde Tarihi Bir D\u00f6n\u00fcm Noktas\u0131<\/strong><\/span><\/p>\n<p style=\"text-align: justify;\">Bakan El \u015eaar, bu ziyareti Suriye-T\u00fcrkiye ili\u015fkileri tarihinde \u00f6nemli bir d\u00f6n\u00fcm noktas\u0131 olarak nitelendirdi. Bu ili\u015fkilerin sadece siyasi ya da ekonomik bir i\u015f birli\u011finden ibaret olmad\u0131\u011f\u0131n\u0131, ayn\u0131 zamanda ortak bir co\u011frafya ve tarih bilincinin yans\u0131mas\u0131 oldu\u011funu ifade etti. T\u00fcrkiye\u2019nin Suriye devrimi y\u0131llar\u0131nda sadece kom\u015fu de\u011fil, milyonlarca Suriyeli i\u00e7in ikinci bir vatan oldu\u011funu vurgulayan El \u015eaar, T\u00fcrkiye\u2019yi vazge\u00e7ilmez bir stratejik ortak olarak nitelendirdi ve bu ortakl\u0131\u011f\u0131n in\u015fa ve \u00fcretim s\u00fcrecinde devam etmesi gerekti\u011fini s\u00f6yledi.<\/p>\n<p style=\"text-align: justify;\">T\u00fcrkiye Ticaret Bakan\u0131 \u00d6mer Bolat ise iki \u00fclke aras\u0131ndaki ili\u015fkilerin h\u0131zla geli\u015fti\u011fini belirtti. Son yedi ayda ikili ticaret hacminin 1,9 milyar T\u00fcrk Liras\u0131na ula\u015ft\u0131\u011f\u0131n\u0131, bunun daha geni\u015f i\u015f birli\u011fi alanlar\u0131 i\u00e7in kap\u0131 aralad\u0131\u011f\u0131n\u0131 ifade etti.<\/p>\n<p style=\"text-align: justify;\">Bu ziyaret, kar\u015f\u0131l\u0131kl\u0131 i\u015f birli\u011fi, ticaretin art\u0131r\u0131lmas\u0131 ve ortak projelerin desteklenmesi temeline dayanan Suriye-T\u00fcrkiye stratejik ortakl\u0131\u011f\u0131n\u0131n in\u015fas\u0131nda ileriye d\u00f6n\u00fck at\u0131lm\u0131\u015f \u00f6nemli bir ad\u0131m olarak de\u011ferlendiriliyor. Bu s\u00fcre\u00e7, iki karde\u015f halk\u0131n \u00e7\u0131karlar\u0131n\u0131 g\u00f6zeterek b\u00f6lgede istikrar ve kalk\u0131nmay\u0131 peki\u015ftirmeyi hedefliyor.<\/p>\n","protected":false},"excerpt":{"rendered":"<p>ANKARA (SANA) &#8211; Suriye ile T\u00fcrkiye aras\u0131nda iki \u00fclkenin yarar\u0131na olacak stratejik bir ekonomik ortakl\u0131k kurma y\u00f6n\u00fcndeki ortak iradeyi yans\u0131tan bir ad\u0131m olarak, Suriye Ekonomi ve Sanayi Bakan\u0131 Muhammed Nidal El \u015eaar ba\u015fkanl\u0131\u011f\u0131ndaki \u00fcst d\u00fczey bir ekonomik heyet, 4-7 A\u011fustos tarihleri aras\u0131nda Ankara\u2019y\u0131 ziyaret etti. S\u00fcrd\u00fcr\u00fclebilir Ortakl\u0131k \u0130\u00e7in Mutabakatlar Ziyaret kapsam\u0131nda, Suriye\u2019nin yeniden in\u015fa s\u00fcrecine &hellip;<\/p>\n","protected":false},"author":41,"featured_media":327368,"comment_status":"closed","ping_status":"closed","sticky":false,"template":"","format":"standard","meta":{"footnotes":""},"categories":[485,589,486,17988,2555],"tags":[],"class_list":["post-327367","post","type-post","status-publish","format-standard","has-post-thumbnail","","category-is-ve-sermaye","category-haber-seridi","category-haberler-is-ve-sermaye","category-son-haberler","category-suriye-ve-turkiye"],"_links":{"self":[{"href":"https:\/\/archive.sana.sy\/tr\/index.php?rest_route=\/wp\/v2\/posts\/327367","targetHints":{"allow":["GET"]}}],"collection":[{"href":"https:\/\/archive.sana.sy\/tr\/index.php?rest_route=\/wp\/v2\/posts"}],"about":[{"href":"https:\/\/archive.sana.sy\/tr\/index.php?rest_route=\/wp\/v2\/types\/post"}],"author":[{"embeddable":true,"href":"https:\/\/archive.sana.sy\/tr\/index.php?rest_route=\/wp\/v2\/users\/41"}],"replies":[{"embeddable":true,"href":"https:\/\/archive.sana.sy\/tr\/index.php?rest_route=%2Fwp%2Fv2%2Fcomments&post=327367"}],"version-history":[{"count":1,"href":"https:\/\/archive.sana.sy\/tr\/index.php?rest_route=\/wp\/v2\/posts\/327367\/revisions"}],"predecessor-version":[{"id":327371,"href":"https:\/\/archive.sana.sy\/tr\/index.php?rest_route=\/wp\/v2\/posts\/327367\/revisions\/327371"}],"wp:featuredmedia":[{"embeddable":true,"href":"https:\/\/archive.sana.sy\/tr\/index.php?rest_route=\/wp\/v2\/media\/327368"}],"wp:attachment":[{"href":"https:\/\/archive.sana.sy\/tr\/index.php?rest_route=%2Fwp%2Fv2%2Fmedia&parent=327367"}],"wp:term":[{"taxonomy":"category","embeddable":true,"href":"https:\/\/archive.sana.sy\/tr\/index.php?rest_route=%2Fwp%2Fv2%2Fcategories&post=327367"},{"taxonomy":"post_tag","embeddable":true,"href":"https:\/\/archive.sana.sy\/tr\/index.php?rest_route=%2Fwp%2Fv2%2Ftags&post=327367"}],"curies":[{"name":"wp","href":"https:\/\/api.w.org\/{rel}","templated":true}]}}