{"id":327373,"date":"2025-08-09T11:03:40","date_gmt":"2025-08-09T08:03:40","guid":{"rendered":"https:\/\/sana.sy\/tr\/?p=327373"},"modified":"2025-08-09T11:03:40","modified_gmt":"2025-08-09T08:03:40","slug":"disisleri-bakanligi-amerikan-isleri-daire-baskani-birligin-gercek-olcusu-sahadaki-eylemlerdir","status":"publish","type":"post","link":"https:\/\/archive.sana.sy\/tr\/?p=327373","title":{"rendered":"D\u0131\u015fi\u015fleri Bakanl\u0131\u011f\u0131 Amerikan \u0130\u015fleri Daire Ba\u015fkan\u0131: Birli\u011fin Ger\u00e7ek \u00d6l\u00e7\u00fcs\u00fc Sahadaki Eylemlerdir"},"content":{"rendered":"<p style=\"text-align: justify;\"><span style=\"color: #ff0000;\">\u015eAM (SANA) &#8211;<\/span> Suriye D\u0131\u015fi\u015fleri ve Yurtd\u0131\u015f\u0131ndakiler Bakanl\u0131\u011f\u0131 Amerikan \u0130\u015fleri M\u00fcd\u00fcr\u00fc Kutayba \u0130dlibi, ger\u00e7ek birli\u011fin \u00f6l\u00e7\u00fct\u00fcn\u00fcn sahada somutla\u015fan eylemler oldu\u011funu vurgulayarak, \u015eam kap\u0131lar\u0131n\u0131n ciddi diyalog ve ortak \u00e7al\u0131\u015fma isteyen herkese a\u00e7\u0131k kalaca\u011f\u0131n\u0131 belirtti.<\/p>\n<p>\u0130dlibi, (X) platformunda yay\u0131mlad\u0131\u011f\u0131 mesajda, mezhep ve etnik temeller \u00fczerine konferanslar d\u00fczenlenirken, eski rejim simgelerinin yeni isimler alt\u0131nda yeniden ihra\u00e7 edilmesiyle birlik ve b\u00f6l\u00fcnmenin reddi konusunun e\u015fit tutulamayaca\u011f\u0131n\u0131 ifade etti.<\/p>\n<p>\u0130dlibi ayr\u0131ca, ger\u00e7ek birli\u011fin \u00f6l\u00e7\u00fct\u00fcn\u00fcn sahada somutla\u015fan eylemler ve Suriye topraklar\u0131nda ve halk\u0131 aras\u0131nda in\u015fa edilen kazan\u0131mlar oldu\u011funu, diktat\u00f6rl\u00fc\u011f\u00fc ve simgelerini reddeden, etnik ve mezhepsel \u00e7at\u0131\u015fmalar\u0131n yaralar\u0131n\u0131 iyile\u015ftiren ulusal bir projeye ba\u011fl\u0131l\u0131k gerekti\u011fini vurgulad\u0131.<\/p>\n<p>Son olarak, \u0130dlibi, \u015eam kap\u0131lar\u0131n\u0131n Suriye&#8217;yi t\u00fcm halk\u0131na lay\u0131k daha iyi bir gelece\u011fe ula\u015ft\u0131rmay\u0131 ama\u00e7layan ciddi diyalog ve ortak \u00e7al\u0131\u015fma isteyen herkese a\u00e7\u0131k kalaca\u011f\u0131n\u0131 a\u00e7\u0131klad\u0131.<\/p>\n","protected":false},"excerpt":{"rendered":"<p>\u015eAM (SANA) &#8211; Suriye D\u0131\u015fi\u015fleri ve Yurtd\u0131\u015f\u0131ndakiler Bakanl\u0131\u011f\u0131 Amerikan \u0130\u015fleri M\u00fcd\u00fcr\u00fc Kutayba \u0130dlibi, ger\u00e7ek birli\u011fin \u00f6l\u00e7\u00fct\u00fcn\u00fcn sahada somutla\u015fan eylemler oldu\u011funu vurgulayarak, \u015eam kap\u0131lar\u0131n\u0131n ciddi diyalog ve ortak \u00e7al\u0131\u015fma isteyen herkese a\u00e7\u0131k kalaca\u011f\u0131n\u0131 belirtti. \u0130dlibi, (X) platformunda yay\u0131mlad\u0131\u011f\u0131 mesajda, mezhep ve etnik temeller \u00fczerine konferanslar d\u00fczenlenirken, eski rejim simgelerinin yeni isimler alt\u0131nda yeniden ihra\u00e7 edilmesiyle birlik &hellip;<\/p>\n","protected":false},"author":44,"featured_media":327374,"comment_status":"closed","ping_status":"closed","sticky":false,"template":"","format":"standard","meta":{"footnotes":""},"categories":[589,479,17988,478],"tags":[44171],"class_list":["post-327373","post","type-post","status-publish","format-standard","has-post-thumbnail","","category-haber-seridi","category-haberler-yerel","category-son-haberler","category-yerel","tag-disisleri-bakanligi-amerikan-isleri-daire-baskani-birligin-gercek-olcusu-sahadaki-eylemlerdir"],"_links":{"self":[{"href":"https:\/\/archive.sana.sy\/tr\/index.php?rest_route=\/wp\/v2\/posts\/327373","targetHints":{"allow":["GET"]}}],"collection":[{"href":"https:\/\/archive.sana.sy\/tr\/index.php?rest_route=\/wp\/v2\/posts"}],"about":[{"href":"https:\/\/archive.sana.sy\/tr\/index.php?rest_route=\/wp\/v2\/types\/post"}],"author":[{"embeddable":true,"href":"https:\/\/archive.sana.sy\/tr\/index.php?rest_route=\/wp\/v2\/users\/44"}],"replies":[{"embeddable":true,"href":"https:\/\/archive.sana.sy\/tr\/index.php?rest_route=%2Fwp%2Fv2%2Fcomments&post=327373"}],"version-history":[{"count":1,"href":"https:\/\/archive.sana.sy\/tr\/index.php?rest_route=\/wp\/v2\/posts\/327373\/revisions"}],"predecessor-version":[{"id":327375,"href":"https:\/\/archive.sana.sy\/tr\/index.php?rest_route=\/wp\/v2\/posts\/327373\/revisions\/327375"}],"wp:featuredmedia":[{"embeddable":true,"href":"https:\/\/archive.sana.sy\/tr\/index.php?rest_route=\/wp\/v2\/media\/327374"}],"wp:attachment":[{"href":"https:\/\/archive.sana.sy\/tr\/index.php?rest_route=%2Fwp%2Fv2%2Fmedia&parent=327373"}],"wp:term":[{"taxonomy":"category","embeddable":true,"href":"https:\/\/archive.sana.sy\/tr\/index.php?rest_route=%2Fwp%2Fv2%2Fcategories&post=327373"},{"taxonomy":"post_tag","embeddable":true,"href":"https:\/\/archive.sana.sy\/tr\/index.php?rest_route=%2Fwp%2Fv2%2Ftags&post=327373"}],"curies":[{"name":"wp","href":"https:\/\/api.w.org\/{rel}","templated":true}]}}