{"id":327376,"date":"2025-08-09T11:56:58","date_gmt":"2025-08-09T08:56:58","guid":{"rendered":"https:\/\/sana.sy\/tr\/?p=327376"},"modified":"2025-08-09T11:56:58","modified_gmt":"2025-08-09T08:56:58","slug":"suriye-amerikan-is-konseyinin-sync25-ii-konferansina-katilimi-teknoloji-ve-yaraticiliga-verilen-destegi-yansitiyor","status":"publish","type":"post","link":"https:\/\/archive.sana.sy\/tr\/?p=327376","title":{"rendered":"Suriye-Amerikan \u0130\u015f Konseyi\u2019nin \u201cSYNC\u201925 II\u201d Konferans\u0131na Kat\u0131l\u0131m\u0131, Teknoloji ve Yarat\u0131c\u0131l\u0131\u011fa Verilen Deste\u011fi Yans\u0131t\u0131yor"},"content":{"rendered":"<p style=\"text-align: justify;\"><strong><span style=\"color: #ff0000;\">\u015eAM (SANA) &#8211;<\/span><\/strong> Washington merkezli Suriye-Amerikan \u0130\u015f Konseyi&#8217;nin \u015eam&#8217;da d\u00fczenlenen \u201cSYNC\u201925 II\u201d Konferans\u0131\u2019na kat\u0131l\u0131m\u0131, yaln\u0131zca Suriye ile Amerika Birle\u015fik Devletleri aras\u0131ndaki ekonomik ve ticari i\u015f birli\u011fi platformu olarak de\u011fil, ayn\u0131 zamanda modern teknoloji projelerini destekleme ve yarat\u0131c\u0131 potansiyelin de\u011ferlendirilmesine katk\u0131 sa\u011flama rol\u00fcn\u00fc de yans\u0131t\u0131yor.<\/p>\n<p style=\"text-align: justify;\"><strong>Suriye \u015firketlerine destek ve Amerikan pazar\u0131na a\u00e7\u0131l\u0131m<\/strong><\/p>\n<p style=\"text-align: justify;\">Suriye-Amerikan \u0130\u015f Konseyi&#8217;nin kurucu \u00fcyesi Dr. Cihad Salkini, SANA muhabirine yapt\u0131\u011f\u0131 a\u00e7\u0131klamada, Konsey \u00fcyelerinin ve temsilcilerinin \u201cSYNC\u201925 II\u201d Konferans\u0131\u2019na kat\u0131l\u0131m\u0131n\u0131n, teknoloji, ileti\u015fim ve modern teknik hizmetler alan\u0131nda faaliyet g\u00f6steren Suriyeli \u015firketleri desteklemeyi ve bu \u015firketlerin Amerikan pazar\u0131na giri\u015fini sa\u011flamay\u0131 hedefledi\u011fini belirtti. Ayn\u0131 zamanda, Amerikan \u015firketlerini Suriye\u2019ye yat\u0131r\u0131m yapmaya te\u015fvik etmek ve yerel \u015firketlerle entegrasyonlar\u0131n\u0131 sa\u011flamak da temel hedefler aras\u0131nda yer al\u0131yor.<\/p>\n<p style=\"text-align: justify;\"><strong>Yarat\u0131c\u0131 gen\u00e7 nesle olan g\u00fcvenin peki\u015ftirilmesi<\/strong><\/p>\n<p style=\"text-align: justify;\">Salkini, Konsey\u2019in konferans kapsam\u0131ndaki kat\u0131l\u0131m\u0131n\u0131n, \u00e7al\u0131\u015fmalar\u0131n h\u0131zland\u0131r\u0131lmas\u0131n\u0131n ve Suriye halk\u0131na hizmet i\u00e7in \u00e7aban\u0131n art\u0131r\u0131lmas\u0131n\u0131n gereklili\u011fine olan g\u00fcvenin peki\u015ftirilmesi ba\u011flam\u0131nda ger\u00e7ekle\u015fti\u011fini belirterek, yarat\u0131c\u0131 gen\u00e7 neslin s\u00fcrekli desteklenmesinin \u00f6nemine dikkat \u00e7ekti.<\/p>\n<p style=\"text-align: justify;\"><strong>Silikon Vadisi uzmanlar\u0131 dijital d\u00f6n\u00fc\u015f\u00fcme destek veriyor<\/strong><\/p>\n<p style=\"text-align: justify;\">Konsey temsilcilerinden Ahmed Silini ise, konferans\u0131n b\u00fcy\u00fck \u00f6nem ta\u015f\u0131d\u0131\u011f\u0131n\u0131, \u00e7\u00fcnk\u00fc organizat\u00f6rlerin \u00e7o\u011funlu\u011funun Amerika&#8217;n\u0131n Kaliforniya eyaletindeki Silikon Vadisi\u2019nde g\u00f6rev yapan ve teknoloji alan\u0131nda d\u00fcnya \u00e7ap\u0131nda uzmanla\u015fm\u0131\u015f Suriyeli-Amerikal\u0131 m\u00fchendisler oldu\u011funu ifade etti. Bu durumun, dijital d\u00f6n\u00fc\u015f\u00fcm s\u00fcrecinin geli\u015ftirilmesi ve Suriye\u2019deki ileti\u015fim altyap\u0131s\u0131n\u0131n yeniden in\u015fa edilmesi a\u00e7\u0131s\u0131ndan \u00f6nemli bir etken oldu\u011funu vurgulad\u0131.<\/p>\n<p style=\"text-align: justify;\"><strong>Yeni teknolojiler ve olumlu geli\u015fmelere dair i\u015faretler<\/strong><\/p>\n<p style=\"text-align: justify;\">Salkini, konferansa kat\u0131lan uzman \u015firketlerin sundu\u011fu \u00e7\u00f6z\u00fcmler sayesinde en yeni teknolojilerin tan\u0131t\u0131ld\u0131\u011f\u0131n\u0131 belirterek, ileti\u015fim hizmetlerinde ya\u015fanacak iyile\u015fme ve dijital d\u00f6n\u00fc\u015f\u00fcm s\u00fcrecine y\u00f6nelik ilk olumlu g\u00f6stergelerin \u00f6n\u00fcm\u00fczdeki d\u00f6nemde g\u00f6r\u00fclece\u011fini ifade etti.<\/p>\n<p style=\"text-align: justify;\">Ayr\u0131ca Konsey\u2019in, sanayi ve yat\u0131r\u0131m alanlar\u0131n\u0131 desteklemeye, Suriyeli uzmanl\u0131klar\u0131n d\u0131\u015f pazarlara ula\u015fmas\u0131n\u0131 sa\u011flamaya ve yerel \u015firketleri uluslararas\u0131 ortaklarla bulu\u015fturarak ekonomik kalk\u0131nmaya yeni ufuklar a\u00e7maya \u00f6ncelik verdi\u011fini ekledi.<\/p>\n<p style=\"text-align: justify;\"><strong>Gen\u00e7 yeteneklerin k\u00fcresel pazarlara eri\u015fimi<\/strong><\/p>\n<p style=\"text-align: justify;\">Konsey temsilcilerinden Cihad Dabul da, Suriyeli gen\u00e7 yeteneklerin desteklenmesi ve bu yeteneklerin k\u00fcresel pazarlara eri\u015fimlerinin sa\u011flanmas\u0131n\u0131n \u00f6nemine dikkat \u00e7ekerek, yabanc\u0131 \u015firketlerle i\u015f birli\u011finin bu alandaki katk\u0131s\u0131na vurgu yapt\u0131.<\/p>\n<p style=\"text-align: justify;\">Dabul, Suriye\u2019nin \u00f6zg\u00fcn projeler geli\u015ftirebilecek be\u015fer\u00ee sermayeye sahip oldu\u011funu belirtti ve Konsey\u2019in bu potansiyeli hem yurti\u00e7inde hem de yurtd\u0131\u015f\u0131nda de\u011ferlendirmek i\u00e7in f\u0131rsatlar olu\u015fturdu\u011funu; yerel \u015firketleri ve ulusal uzmanl\u0131klar\u0131, Amerikan \u015firketleriyle i\u015f birli\u011fi i\u00e7inde uluslararas\u0131 standartlarda projeler ger\u00e7ekle\u015ftirmeye haz\u0131rlad\u0131\u011f\u0131n\u0131 ifade etti. Bu \u00e7al\u0131\u015fmalar\u0131n, \u00fclke ekonomisine olumlu yans\u0131malar\u0131 olaca\u011f\u0131na i\u015faret etti.<\/p>\n<p style=\"text-align: justify;\">\u015eam\u2019daki \u201cYedi Kap\u0131 Oteli\u201dnde d\u00fcn ba\u015flayan \u201cSYNC\u201925 II\u201d Konferans\u0131, Silikon Vadisi\u2019ndeki Suriyeli-Amerikal\u0131 giri\u015fimciler ve m\u00fchendisler taraf\u0131ndan, Suriye \u0130leti\u015fim ve Teknoloji Bakanl\u0131\u011f\u0131 ile i\u015f birli\u011fi i\u00e7inde organize edildi. Konferans\u0131n amac\u0131, k\u00fcresel teknoloji end\u00fcstrisini g\u00fc\u00e7lendirmek olup, etkinlik bug\u00fcn ak\u015fam sona erecek.<\/p>\n","protected":false},"excerpt":{"rendered":"<p>\u015eAM (SANA) &#8211; Washington merkezli Suriye-Amerikan \u0130\u015f Konseyi&#8217;nin \u015eam&#8217;da d\u00fczenlenen \u201cSYNC\u201925 II\u201d Konferans\u0131\u2019na kat\u0131l\u0131m\u0131, yaln\u0131zca Suriye ile Amerika Birle\u015fik Devletleri aras\u0131ndaki ekonomik ve ticari i\u015f birli\u011fi platformu olarak de\u011fil, ayn\u0131 zamanda modern teknoloji projelerini destekleme ve yarat\u0131c\u0131 potansiyelin de\u011ferlendirilmesine katk\u0131 sa\u011flama rol\u00fcn\u00fc de yans\u0131t\u0131yor. Suriye \u015firketlerine destek ve Amerikan pazar\u0131na a\u00e7\u0131l\u0131m Suriye-Amerikan \u0130\u015f Konseyi&#8217;nin kurucu &hellip;<\/p>\n","protected":false},"author":44,"featured_media":327377,"comment_status":"closed","ping_status":"closed","sticky":false,"template":"","format":"standard","meta":{"footnotes":""},"categories":[589,479,17988,478],"tags":[44172,44173],"class_list":["post-327376","post","type-post","status-publish","format-standard","has-post-thumbnail","","category-haber-seridi","category-haberler-yerel","category-son-haberler","category-yerel","tag-suriye-amerikan-is-konseyinin-sync25-ii-konferansina-katilimi","tag-teknoloji-ve-yaraticiliga-verilen-destegi-yansitiyor"],"_links":{"self":[{"href":"https:\/\/archive.sana.sy\/tr\/index.php?rest_route=\/wp\/v2\/posts\/327376","targetHints":{"allow":["GET"]}}],"collection":[{"href":"https:\/\/archive.sana.sy\/tr\/index.php?rest_route=\/wp\/v2\/posts"}],"about":[{"href":"https:\/\/archive.sana.sy\/tr\/index.php?rest_route=\/wp\/v2\/types\/post"}],"author":[{"embeddable":true,"href":"https:\/\/archive.sana.sy\/tr\/index.php?rest_route=\/wp\/v2\/users\/44"}],"replies":[{"embeddable":true,"href":"https:\/\/archive.sana.sy\/tr\/index.php?rest_route=%2Fwp%2Fv2%2Fcomments&post=327376"}],"version-history":[{"count":1,"href":"https:\/\/archive.sana.sy\/tr\/index.php?rest_route=\/wp\/v2\/posts\/327376\/revisions"}],"predecessor-version":[{"id":327378,"href":"https:\/\/archive.sana.sy\/tr\/index.php?rest_route=\/wp\/v2\/posts\/327376\/revisions\/327378"}],"wp:featuredmedia":[{"embeddable":true,"href":"https:\/\/archive.sana.sy\/tr\/index.php?rest_route=\/wp\/v2\/media\/327377"}],"wp:attachment":[{"href":"https:\/\/archive.sana.sy\/tr\/index.php?rest_route=%2Fwp%2Fv2%2Fmedia&parent=327376"}],"wp:term":[{"taxonomy":"category","embeddable":true,"href":"https:\/\/archive.sana.sy\/tr\/index.php?rest_route=%2Fwp%2Fv2%2Fcategories&post=327376"},{"taxonomy":"post_tag","embeddable":true,"href":"https:\/\/archive.sana.sy\/tr\/index.php?rest_route=%2Fwp%2Fv2%2Ftags&post=327376"}],"curies":[{"name":"wp","href":"https:\/\/api.w.org\/{rel}","templated":true}]}}