{"id":327379,"date":"2025-08-09T12:15:10","date_gmt":"2025-08-09T09:15:10","guid":{"rendered":"https:\/\/sana.sy\/tr\/?p=327379"},"modified":"2025-08-09T14:36:41","modified_gmt":"2025-08-09T11:36:41","slug":"turkiye-enerji-bakani-suriyede-normallesmeye-yonelik-cabalarimizi-yogunlastiriyoruz","status":"publish","type":"post","link":"https:\/\/archive.sana.sy\/tr\/?p=327379","title":{"rendered":"T\u00fcrkiye Enerji Bakan\u0131: Suriye&#8217;de Hayat\u0131n Normele D\u00f6nmesi \u0130\u00e7in \u00c7abalar\u0131m\u0131z\u0131 Yo\u011funla\u015ft\u0131r\u0131yoruz"},"content":{"rendered":"<p style=\"text-align: justify;\"><span style=\"color: #ff0000;\"><strong>ANKARA (SANA) &#8211;<\/strong> <\/span>T\u00fcrkiye Enerji ve Tabii Kaynaklar Bakan\u0131 Alparslan Bayraktar, \u00fclkesinin Suriye&#8217;de hayat\u0131n normale d\u00f6nmesi amac\u0131yla y\u00fcr\u00fctt\u00fc\u011f\u00fc \u00e7abalar\u0131 yo\u011funla\u015ft\u0131rarak s\u00fcrd\u00fcrd\u00fc\u011f\u00fcn\u00fc bir kez daha vurgulad\u0131.<\/p>\n<p style=\"text-align: justify;\">Bir televizyon program\u0131nda konu\u015fan Bakan Bayraktar, Azerbaycan do\u011falgaz\u0131n\u0131n T\u00fcrkiye topraklar\u0131 \u00fczerinden Suriye\u2019ye ula\u015ft\u0131r\u0131lmas\u0131n\u0131 sa\u011flayan do\u011falgaz hatt\u0131na dikkat \u00e7ekerek, projenin ilk a\u015famas\u0131nda bu hat \u00fczerinden g\u00fcnl\u00fck 3,4 milyon metrek\u00fcp do\u011falgaz\u0131n iletilece\u011fini belirten Bayraktar, hatt\u0131n kapasitesi sayesinde bu miktar\u0131n ilerleyen a\u015famalarda 6 milyon metrek\u00fcpe \u00e7\u0131kar\u0131labilece\u011fini ifade etti.<\/p>\n<p style=\"text-align: justify;\">Bakan Bayraktar ayr\u0131ca, b\u00f6lgede enerji altyap\u0131s\u0131n\u0131n olu\u015fturulmas\u0131n\u0131n, insanlar\u0131n g\u00fcnl\u00fck ya\u015famlar\u0131na devam edebilmesi a\u00e7\u0131s\u0131ndan b\u00fcy\u00fck \u00f6nem ta\u015f\u0131d\u0131\u011f\u0131n\u0131 belirtti. Bu kapsamda, T\u00fcrkiye&#8217;den teknik bir ekibin Suriye\u2019ye g\u00f6nderildi\u011fini aktaran Bayraktar, s\u00f6z konusu ekibin enerji altyap\u0131s\u0131n\u0131n k\u0131sa, orta ve uzun vadede rehabilitasyonu i\u00e7in \u00e7al\u0131\u015fmalar y\u00fcr\u00fctt\u00fc\u011f\u00fcn\u00fc kaydetti.<\/p>\n<p style=\"text-align: justify;\">Ge\u00e7ti\u011fimiz Cumartesi g\u00fcn\u00fc, Azerbaycan\u2019dan T\u00fcrkiye \u00fczerinden Suriye\u2019ye do\u011falgaz sevkiyat s\u00fcreci resmen ba\u015flad\u0131. Katar\u2019\u0131n finansman deste\u011fiyle hayata ge\u00e7irilen proje, d\u00f6rt \u00fclkenin resmi temsilcilerinin kat\u0131l\u0131m\u0131yla ba\u015flat\u0131ld\u0131. Projenin amac\u0131, Suriye\u2019de enerji sekt\u00f6r\u00fcn\u00fc desteklemek ve \u00fclkedeki elektrik arz\u0131n\u0131 iyile\u015ftirmek olarak a\u00e7\u0131kland\u0131.<\/p>\n","protected":false},"excerpt":{"rendered":"<p>ANKARA (SANA) &#8211; T\u00fcrkiye Enerji ve Tabii Kaynaklar Bakan\u0131 Alparslan Bayraktar, \u00fclkesinin Suriye&#8217;de hayat\u0131n normale d\u00f6nmesi amac\u0131yla y\u00fcr\u00fctt\u00fc\u011f\u00fc \u00e7abalar\u0131 yo\u011funla\u015ft\u0131rarak s\u00fcrd\u00fcrd\u00fc\u011f\u00fcn\u00fc bir kez daha vurgulad\u0131. Bir televizyon program\u0131nda konu\u015fan Bakan Bayraktar, Azerbaycan do\u011falgaz\u0131n\u0131n T\u00fcrkiye topraklar\u0131 \u00fczerinden Suriye\u2019ye ula\u015ft\u0131r\u0131lmas\u0131n\u0131 sa\u011flayan do\u011falgaz hatt\u0131na dikkat \u00e7ekerek, projenin ilk a\u015famas\u0131nda bu hat \u00fczerinden g\u00fcnl\u00fck 3,4 milyon metrek\u00fcp do\u011falgaz\u0131n iletilece\u011fini &hellip;<\/p>\n","protected":false},"author":44,"featured_media":327380,"comment_status":"closed","ping_status":"closed","sticky":false,"template":"","format":"standard","meta":{"footnotes":""},"categories":[589,17988,2554,2555],"tags":[44174],"class_list":["post-327379","post","type-post","status-publish","format-standard","has-post-thumbnail","","category-haber-seridi","category-son-haberler","category-suriye-ve-dunya","category-suriye-ve-turkiye","tag-turkiye-enerji-bakani-suriyede-normallesmeye-yonelik-cabalarimizi-yogunlastiriyoruz"],"_links":{"self":[{"href":"https:\/\/archive.sana.sy\/tr\/index.php?rest_route=\/wp\/v2\/posts\/327379","targetHints":{"allow":["GET"]}}],"collection":[{"href":"https:\/\/archive.sana.sy\/tr\/index.php?rest_route=\/wp\/v2\/posts"}],"about":[{"href":"https:\/\/archive.sana.sy\/tr\/index.php?rest_route=\/wp\/v2\/types\/post"}],"author":[{"embeddable":true,"href":"https:\/\/archive.sana.sy\/tr\/index.php?rest_route=\/wp\/v2\/users\/44"}],"replies":[{"embeddable":true,"href":"https:\/\/archive.sana.sy\/tr\/index.php?rest_route=%2Fwp%2Fv2%2Fcomments&post=327379"}],"version-history":[{"count":2,"href":"https:\/\/archive.sana.sy\/tr\/index.php?rest_route=\/wp\/v2\/posts\/327379\/revisions"}],"predecessor-version":[{"id":327390,"href":"https:\/\/archive.sana.sy\/tr\/index.php?rest_route=\/wp\/v2\/posts\/327379\/revisions\/327390"}],"wp:featuredmedia":[{"embeddable":true,"href":"https:\/\/archive.sana.sy\/tr\/index.php?rest_route=\/wp\/v2\/media\/327380"}],"wp:attachment":[{"href":"https:\/\/archive.sana.sy\/tr\/index.php?rest_route=%2Fwp%2Fv2%2Fmedia&parent=327379"}],"wp:term":[{"taxonomy":"category","embeddable":true,"href":"https:\/\/archive.sana.sy\/tr\/index.php?rest_route=%2Fwp%2Fv2%2Fcategories&post=327379"},{"taxonomy":"post_tag","embeddable":true,"href":"https:\/\/archive.sana.sy\/tr\/index.php?rest_route=%2Fwp%2Fv2%2Ftags&post=327379"}],"curies":[{"name":"wp","href":"https:\/\/api.w.org\/{rel}","templated":true}]}}