{"id":327383,"date":"2025-08-09T12:58:50","date_gmt":"2025-08-09T09:58:50","guid":{"rendered":"https:\/\/sana.sy\/tr\/?p=327383"},"modified":"2025-08-09T12:58:50","modified_gmt":"2025-08-09T09:58:50","slug":"almanya-suriyenin-toprak-butunlugune-ve-tam-egemenligine-olan-bagliligini-yineledi","status":"publish","type":"post","link":"https:\/\/archive.sana.sy\/tr\/?p=327383","title":{"rendered":"Almanya, Suriye&#8217;nin Toprak B\u00fct\u00fcnl\u00fc\u011f\u00fcne Ve Tam Egemenli\u011fine Olan Ba\u011fl\u0131l\u0131\u011f\u0131n\u0131 Yineledi"},"content":{"rendered":"<p style=\"text-align: justify;\"><strong>\u015eAM (SANA) \u2013<\/strong> \u015eam\u2019daki Almanya B\u00fcy\u00fckel\u00e7ili\u011fi Ge\u00e7ici Maslahatg\u00fczar\u0131 Clemens Hach, Almanya\u2019n\u0131n Suriye toprak b\u00fct\u00fcnl\u00fc\u011f\u00fc ve tam egemenli\u011fine ba\u011fl\u0131l\u0131\u011f\u0131n\u0131 yeniden vurgulad\u0131 ve geli\u015fim ve reform s\u00fcrecini desteklemek i\u00e7in diyalo\u011fun \u00f6nemine dikkat \u00e7ekti.<\/p>\n<p style=\"text-align: justify;\">Hach, \u201cSuriye Televizyonu\u201dna \u00f6zel a\u00e7\u0131klamas\u0131nda Suriye Demokratik G\u00fc\u00e7leri (SDG) konferans\u0131na ili\u015fkin olarak, \u201cDiyalog, geli\u015fim ve reform \u00f6nerilerini destekleyen ulusal bir \u00e7o\u011funluk olu\u015fturman\u0131n en iyi yoludur\u201d dedi ve Suriye toplumunun t\u00fcm kesimlerini \u201cbirle\u015fik Suriye \u00e7at\u0131s\u0131 alt\u0131nda bar\u0131\u015f i\u00e7inde bir arada ya\u015famay\u0131 s\u00fcrd\u00fcrmeye\u201d \u00e7a\u011f\u0131rd\u0131.<\/p>\n<p style=\"text-align: justify;\">Hach ayr\u0131ca yak\u0131nda se\u00e7ilmesi planlanan Halk Meclisi\u2019nin \u201c\u00fclkedeki farkl\u0131 sosyal g\u00fc\u00e7leri bir araya getiren ve Suriye\u2019nin gelece\u011fine dair g\u00f6r\u00fc\u015flerini ifade etmelerine olanak tan\u0131yan bir platform\u201d olmas\u0131n\u0131 umdu\u011funu belirtti.<\/p>\n","protected":false},"excerpt":{"rendered":"<p>\u015eAM (SANA) \u2013 \u015eam\u2019daki Almanya B\u00fcy\u00fckel\u00e7ili\u011fi Ge\u00e7ici Maslahatg\u00fczar\u0131 Clemens Hach, Almanya\u2019n\u0131n Suriye toprak b\u00fct\u00fcnl\u00fc\u011f\u00fc ve tam egemenli\u011fine ba\u011fl\u0131l\u0131\u011f\u0131n\u0131 yeniden vurgulad\u0131 ve geli\u015fim ve reform s\u00fcrecini desteklemek i\u00e7in diyalo\u011fun \u00f6nemine dikkat \u00e7ekti. Hach, \u201cSuriye Televizyonu\u201dna \u00f6zel a\u00e7\u0131klamas\u0131nda Suriye Demokratik G\u00fc\u00e7leri (SDG) konferans\u0131na ili\u015fkin olarak, \u201cDiyalog, geli\u015fim ve reform \u00f6nerilerini destekleyen ulusal bir \u00e7o\u011funluk olu\u015fturman\u0131n en iyi &hellip;<\/p>\n","protected":false},"author":44,"featured_media":327384,"comment_status":"closed","ping_status":"closed","sticky":false,"template":"","format":"standard","meta":{"footnotes":""},"categories":[589,479,17988,478],"tags":[31795,44175],"class_list":["post-327383","post","type-post","status-publish","format-standard","has-post-thumbnail","","category-haber-seridi","category-haberler-yerel","category-son-haberler","category-yerel","tag-almanya","tag-suriyenin-toprak-butunlugune-ve-tam-egemenligine-olan-bagliligini-yineledi"],"_links":{"self":[{"href":"https:\/\/archive.sana.sy\/tr\/index.php?rest_route=\/wp\/v2\/posts\/327383","targetHints":{"allow":["GET"]}}],"collection":[{"href":"https:\/\/archive.sana.sy\/tr\/index.php?rest_route=\/wp\/v2\/posts"}],"about":[{"href":"https:\/\/archive.sana.sy\/tr\/index.php?rest_route=\/wp\/v2\/types\/post"}],"author":[{"embeddable":true,"href":"https:\/\/archive.sana.sy\/tr\/index.php?rest_route=\/wp\/v2\/users\/44"}],"replies":[{"embeddable":true,"href":"https:\/\/archive.sana.sy\/tr\/index.php?rest_route=%2Fwp%2Fv2%2Fcomments&post=327383"}],"version-history":[{"count":1,"href":"https:\/\/archive.sana.sy\/tr\/index.php?rest_route=\/wp\/v2\/posts\/327383\/revisions"}],"predecessor-version":[{"id":327385,"href":"https:\/\/archive.sana.sy\/tr\/index.php?rest_route=\/wp\/v2\/posts\/327383\/revisions\/327385"}],"wp:featuredmedia":[{"embeddable":true,"href":"https:\/\/archive.sana.sy\/tr\/index.php?rest_route=\/wp\/v2\/media\/327384"}],"wp:attachment":[{"href":"https:\/\/archive.sana.sy\/tr\/index.php?rest_route=%2Fwp%2Fv2%2Fmedia&parent=327383"}],"wp:term":[{"taxonomy":"category","embeddable":true,"href":"https:\/\/archive.sana.sy\/tr\/index.php?rest_route=%2Fwp%2Fv2%2Fcategories&post=327383"},{"taxonomy":"post_tag","embeddable":true,"href":"https:\/\/archive.sana.sy\/tr\/index.php?rest_route=%2Fwp%2Fv2%2Ftags&post=327383"}],"curies":[{"name":"wp","href":"https:\/\/api.w.org\/{rel}","templated":true}]}}