{"id":327387,"date":"2025-08-09T08:00:27","date_gmt":"2025-08-09T05:00:27","guid":{"rendered":"https:\/\/sana.sy\/tr\/?p=327387"},"modified":"2025-08-09T14:25:13","modified_gmt":"2025-08-09T11:25:13","slug":"suriye-enerji-bakani-enerji-sektorunde-kapsamli-yeniden-yapilandirma-uretimi-artirmak-ve-altyapiyi-guclendirmek-icin-holding-sirketler-kuruluyor","status":"publish","type":"post","link":"https:\/\/archive.sana.sy\/tr\/?p=327387","title":{"rendered":"Suriye Enerji Bakan\u0131: Enerji Sekt\u00f6r\u00fcnde Kapsaml\u0131 Yeniden Yap\u0131land\u0131rma, \u00dcretimi Art\u0131rmak Ve Altyap\u0131y\u0131 G\u00fc\u00e7lendirmek I\u00e7in Holding \u015eirketler Kuruluyor"},"content":{"rendered":"<p style=\"text-align: justify;\"><span style=\"color: #ff0000;\"><strong>\u015eAM (SANA) &#8211;<\/strong><\/span> Enerji Bakan\u0131 M\u00fchendis Muhammed El Be\u015fir, bakanl\u0131\u011f\u0131n Suriye&#8217;deki enerji sekt\u00f6r\u00fcnde kapsaml\u0131 bir yeniden yap\u0131land\u0131rma s\u00fcreci ba\u015flatt\u0131\u011f\u0131n\u0131 belirterek, petrol, elektrik ve madencilik alanlar\u0131nda \u00fcretimi iyile\u015ftirmek ve altyap\u0131y\u0131 geli\u015ftirmek amac\u0131yla holding \u015firketler kurulaca\u011f\u0131n\u0131 duyurdu. Bu ad\u0131mlar\u0131n, vatanda\u015flar\u0131n g\u00fcnl\u00fck ihtiya\u00e7lar\u0131n\u0131 kar\u015f\u0131lamaya ve ekonomik kalk\u0131nma projelerini desteklemeye katk\u0131 sa\u011flamas\u0131 hedefleniyor.<\/p>\n<p style=\"text-align: justify;\">Suriye Haber Kanal\u0131 ile yapt\u0131\u011f\u0131 r\u00f6portajda El Be\u015fir, bakanl\u0131\u011f\u0131n sava\u015f ve yapt\u0131r\u0131mlar\u0131n ard\u0131ndan harap halde devrald\u0131\u011f\u0131 altyap\u0131n\u0131n \u2013 rafineriler, sahalar ve enerji santralleri d\u00e2hil \u2013 k\u00f6kl\u00fc bir \u015fekilde yeniden rehabilite edilmeye ba\u015fland\u0131\u011f\u0131n\u0131 ve sekt\u00f6r i\u00e7in yeni bir organizasyonel yap\u0131 olu\u015fturuldu\u011funu ifade etti.<\/p>\n<p style=\"text-align: justify;\">Bakan El Be\u015fir, &#8220;Aramco&#8221; ve &#8220;Qatar Petroleum&#8221; gibi uluslararas\u0131 modellere benzer \u015fekilde \u00fcretim, rafinaj ve da\u011f\u0131t\u0131m g\u00f6revlerini \u00fcstlenecek holding \u015firketlerin kurulmas\u0131 y\u00f6n\u00fcnde ad\u0131mlar at\u0131ld\u0131\u011f\u0131n\u0131 a\u00e7\u0131klad\u0131. Ayr\u0131ca madencilik ve fosfat y\u00f6netimi i\u00e7in uzmanla\u015fm\u0131\u015f bir \u015firketin kurulmas\u0131n\u0131n da de\u011ferlendirildi\u011fini s\u00f6yledi.<\/p>\n<p style=\"text-align: justify;\">Elektrik \u00fcretim kapasitesinin yakla\u015f\u0131k 5000 megavata ula\u015ft\u0131\u011f\u0131n\u0131 belirten Be\u015fir, gaz ve fuel-oil arz\u0131ndaki yetersizlik nedeniyle \u00e7al\u0131\u015fma saatlerinin s\u0131n\u0131rl\u0131 oldu\u011funu, ancak T\u00fcrkiye ile gaz hatt\u0131n\u0131n yeniden faaliyete ge\u00e7mesiyle Azerbaycan\u2019dan gaz al\u0131nmaya ba\u015fland\u0131\u011f\u0131n\u0131, bu durumun g\u00fcnl\u00fck elektrik sa\u011flama s\u00fcresini 8 ila 10 saate kadar art\u0131rabilece\u011fini kaydetti.<\/p>\n<p style=\"text-align: justify;\">Bakan, T\u00fcrkiye&#8217;den ek gaz ithalat\u0131 konusunda g\u00f6r\u00fc\u015fmelerin s\u00fcrd\u00fc\u011f\u00fcn\u00fc ve Suriye&#8217;nin b\u00f6lgesel enerji a\u011flar\u0131na ba\u011flanmas\u0131 i\u00e7in \u00e7al\u0131\u015fmalar yap\u0131ld\u0131\u011f\u0131n\u0131 belirtti. Bu kapsamda, kom\u015fu \u00fclkelerle elektrik \u015febekesinin onar\u0131m\u0131 i\u00e7in D\u00fcnya Bankas\u0131\u2019ndan hibe al\u0131nd\u0131\u011f\u0131n\u0131 da s\u00f6zlerine ekledi.<\/p>\n<p style=\"text-align: justify;\">Petrol rafinaj\u0131 konusunda ise Humus ve Baniyas rafinerilerinin \u00fcretim kapasitelerinin art\u0131r\u0131ld\u0131\u011f\u0131n\u0131 belirten Be\u015fir, g\u00fcnl\u00fck 200 bin varil kapasiteli yeni bir rafineri kurulmas\u0131 i\u00e7in \u00e7al\u0131\u015fmalar\u0131n s\u00fcrd\u00fc\u011f\u00fcn\u00fc, bu sayede Suriye\u2019nin petrol t\u00fcrevlerini ihra\u00e7 edebilece\u011fini ifade etti. Ayr\u0131ca, T\u00fcrk \u015firketi &#8220;Socar&#8221; gibi uzman firmalarla g\u00f6r\u00fc\u015fmelerin s\u00fcrd\u00fc\u011f\u00fcn\u00fc belirtti.<\/p>\n<p style=\"text-align: justify;\">El Be\u015fir, Kerk\u00fck ile Banyas Liman\u0131\u2019n\u0131 birbirine ba\u011flayan petrol boru hatt\u0131n\u0131n yeniden faaliyete ge\u00e7irilmesi planlar\u0131 oldu\u011funu, ayr\u0131ca aralar\u0131nda &#8220;Aramco&#8221;nun da bulundu\u011fu Suudi \u015firketlerle, yak\u0131n zamanda imzalanan bir mutabakat zapt\u0131 kapsam\u0131nda i\u015f birli\u011finin devam etti\u011fini s\u00f6yledi.<\/p>\n<p style=\"text-align: justify;\">Enerji stratejisinin yenilenebilir enerji projelerine odakland\u0131\u011f\u0131n\u0131 vurgulayan Be\u015fir, \u00f6zellikle g\u00fcne\u015f ve r\u00fczg\u00e2r enerjisi alanlar\u0131nda yerel yat\u0131r\u0131mc\u0131lar\u0131n 10 megavattan k\u00fc\u00e7\u00fck kapasiteli santraller kurmalar\u0131n\u0131n te\u015fvik edildi\u011fini belirtti.<\/p>\n","protected":false},"excerpt":{"rendered":"<p>\u015eAM (SANA) &#8211; Enerji Bakan\u0131 M\u00fchendis Muhammed El Be\u015fir, bakanl\u0131\u011f\u0131n Suriye&#8217;deki enerji sekt\u00f6r\u00fcnde kapsaml\u0131 bir yeniden yap\u0131land\u0131rma s\u00fcreci ba\u015flatt\u0131\u011f\u0131n\u0131 belirterek, petrol, elektrik ve madencilik alanlar\u0131nda \u00fcretimi iyile\u015ftirmek ve altyap\u0131y\u0131 geli\u015ftirmek amac\u0131yla holding \u015firketler kurulaca\u011f\u0131n\u0131 duyurdu. Bu ad\u0131mlar\u0131n, vatanda\u015flar\u0131n g\u00fcnl\u00fck ihtiya\u00e7lar\u0131n\u0131 kar\u015f\u0131lamaya ve ekonomik kalk\u0131nma projelerini desteklemeye katk\u0131 sa\u011flamas\u0131 hedefleniyor. Suriye Haber Kanal\u0131 ile yapt\u0131\u011f\u0131 r\u00f6portajda &hellip;<\/p>\n","protected":false},"author":44,"featured_media":327388,"comment_status":"closed","ping_status":"closed","sticky":false,"template":"","format":"standard","meta":{"footnotes":""},"categories":[589,479,17988,478],"tags":[44176,44177],"class_list":["post-327387","post","type-post","status-publish","format-standard","has-post-thumbnail","","category-haber-seridi","category-haberler-yerel","category-son-haberler","category-yerel","tag-suriye-enerji-bakani-enerji-sektorunde-kapsamli-yeniden-yapilandirma","tag-uretimi-artirmak-ve-altyapiyi-guclendirmek-icin-holding-sirketler-kuruluyor"],"_links":{"self":[{"href":"https:\/\/archive.sana.sy\/tr\/index.php?rest_route=\/wp\/v2\/posts\/327387","targetHints":{"allow":["GET"]}}],"collection":[{"href":"https:\/\/archive.sana.sy\/tr\/index.php?rest_route=\/wp\/v2\/posts"}],"about":[{"href":"https:\/\/archive.sana.sy\/tr\/index.php?rest_route=\/wp\/v2\/types\/post"}],"author":[{"embeddable":true,"href":"https:\/\/archive.sana.sy\/tr\/index.php?rest_route=\/wp\/v2\/users\/44"}],"replies":[{"embeddable":true,"href":"https:\/\/archive.sana.sy\/tr\/index.php?rest_route=%2Fwp%2Fv2%2Fcomments&post=327387"}],"version-history":[{"count":1,"href":"https:\/\/archive.sana.sy\/tr\/index.php?rest_route=\/wp\/v2\/posts\/327387\/revisions"}],"predecessor-version":[{"id":327389,"href":"https:\/\/archive.sana.sy\/tr\/index.php?rest_route=\/wp\/v2\/posts\/327387\/revisions\/327389"}],"wp:featuredmedia":[{"embeddable":true,"href":"https:\/\/archive.sana.sy\/tr\/index.php?rest_route=\/wp\/v2\/media\/327388"}],"wp:attachment":[{"href":"https:\/\/archive.sana.sy\/tr\/index.php?rest_route=%2Fwp%2Fv2%2Fmedia&parent=327387"}],"wp:term":[{"taxonomy":"category","embeddable":true,"href":"https:\/\/archive.sana.sy\/tr\/index.php?rest_route=%2Fwp%2Fv2%2Fcategories&post=327387"},{"taxonomy":"post_tag","embeddable":true,"href":"https:\/\/archive.sana.sy\/tr\/index.php?rest_route=%2Fwp%2Fv2%2Ftags&post=327387"}],"curies":[{"name":"wp","href":"https:\/\/api.w.org\/{rel}","templated":true}]}}