{"id":327391,"date":"2025-08-09T15:53:16","date_gmt":"2025-08-09T12:53:16","guid":{"rendered":"https:\/\/sana.sy\/tr\/?p=327391"},"modified":"2025-08-11T10:43:09","modified_gmt":"2025-08-11T07:43:09","slug":"suriye-hukumetinden-bir-kaynak-sdg-konferansi-devam-eden-muzakere-cabalarina-darbe-niteligindedir-ve-hukumet-paris-toplantilarina-katilmayacaktir","status":"publish","type":"post","link":"https:\/\/archive.sana.sy\/tr\/?p=327391","title":{"rendered":"Suriye H\u00fck\u00fcmetinden Bir Kaynak: SDG Konferans\u0131, Devam Eden M\u00fczakere \u00c7abalar\u0131na Darbe Niteli\u011findedir ve H\u00fck\u00fcmet Paris Toplant\u0131lar\u0131na Kat\u0131lmayacakt\u0131r"},"content":{"rendered":"<p style=\"text-align: justify;\" data-start=\"355\" data-end=\"891\"><span style=\"color: #ff0000;\"><strong>\u015eAM (SANA)<\/strong> <\/span>\u2013 Suriye h\u00fck\u00fcmetinden yetkili bir kaynak, SDG\u2019nin \u00fclkenin kuzeydo\u011fusunda d\u00fczenledi\u011fi konferans\u0131n kapsaml\u0131 bir ulusal \u00e7er\u00e7eveyi de\u011fil, Suriye halk\u0131n\u0131n zaferinden zarar g\u00f6ren taraflar\u0131 i\u00e7eren k\u0131r\u0131lgan bir ittifak\u0131 temsil etti\u011fini do\u011frulayarak, bu konferans\u0131n devam eden m\u00fczakere \u00e7abalar\u0131na a\u011f\u0131r bir darbe vurdu\u011funu ve h\u00fck\u00fcmetin Paris\u2019te planlanan hi\u00e7bir toplant\u0131ya kat\u0131lmayaca\u011f\u0131n\u0131, ayr\u0131ca eski rejim d\u00f6nemini herhangi bir isim veya k\u0131l\u0131f alt\u0131nda canland\u0131rmaya \u00e7al\u0131\u015fan hi\u00e7bir tarafla m\u00fczakere masas\u0131na oturmayaca\u011f\u0131n\u0131 ifade etti.<\/p>\n<p style=\"text-align: justify;\" data-start=\"893\" data-end=\"1304\"><span style=\"color: #0000ff;\">Suriye h\u00fck\u00fcmetinden SDG konferans\u0131na ili\u015fkin yetkili kaynak \u015funlar\u0131 kaydetti:<\/span><br data-start=\"970\" data-end=\"973\" \/>\u201cSuriye h\u00fck\u00fcmeti, vatanda\u015flar\u0131n b\u00f6lgesel veya ulusal d\u00fczeyde bar\u0131\u015f\u00e7\u0131l toplanma ve yap\u0131c\u0131 diyalog hakk\u0131n\u0131n, Suriye topraklar\u0131n\u0131n, halk\u0131n\u0131n ve egemenli\u011finin birli\u011fini esas alan kapsaml\u0131 bir ulusal proje \u00e7er\u00e7evesinde olmas\u0131 ko\u015fuluyla, devlet taraf\u0131ndan garanti alt\u0131na al\u0131nan ve te\u015fvik edilen korunan bir hak oldu\u011funu teyit etmektedir.<\/p>\n<p style=\"text-align: justify;\" data-start=\"1306\" data-end=\"1631\">H\u00fck\u00fcmet, dini veya etnik gruplar\u0131n faaliyetlerinin bar\u0131\u015f\u00e7\u0131l olmas\u0131, devlete kar\u015f\u0131 silah ta\u015f\u0131mamas\u0131 ve Suriye devletinin bi\u00e7imine kendi vizyonlar\u0131n\u0131 dayatmamas\u0131 \u015fart\u0131yla, ulusal yasal \u00e7er\u00e7eveler dahilinde siyasi g\u00f6r\u00fc\u015flerini ifade etme, toplant\u0131lar d\u00fczenleme ve siyasi partilerini kurma haklar\u0131n\u0131n bulundu\u011funu teyit etmektedir.<\/p>\n<p style=\"text-align: justify;\" data-start=\"1633\" data-end=\"1941\">Devletin \u015fekli, hizipsel anla\u015fmalarla de\u011fil, halk referandumuyla onaylanan ve t\u00fcm vatanda\u015flar\u0131n e\u015fit kat\u0131l\u0131m\u0131n\u0131 sa\u011flayan kal\u0131c\u0131 bir anayasa ile belirlenecektir. Her vatanda\u015f devlet vizyonunu sunma hakk\u0131na sahiptir; ancak bu hak kamuoyu diyalo\u011fu ve sand\u0131k yoluyla kullan\u0131labilir, tehdit veya zorbal\u0131kla de\u011fil.<\/p>\n<p style=\"text-align: justify;\" data-start=\"1943\" data-end=\"2487\">\u00dclkenin kuzeydo\u011fusunda ya\u015fananlar kapsaml\u0131 bir ulusal \u00e7er\u00e7eveyi temsil etmemektedir. Aksine, Suriye halk\u0131n\u0131n zaferi ve eski rejimin \u00e7\u00f6k\u00fc\u015f\u00fcnden zarar g\u00f6ren taraflar ile stat\u00fckoyu zorla dayatan ve Suriye bile\u015fenlerinin temsilini tekelle\u015ftiren ya da b\u00f6yle bir \u00e7aba i\u00e7inde olan baz\u0131 taraflardan olu\u015fan k\u0131r\u0131lgan bir ittifak\u0131 ifade etmektedir. D\u0131\u015f deste\u011fe ba\u011fl\u0131 olan bu taraflar, gelecekteki taleplerden ka\u00e7\u0131nmak ve Suriye devletinin ilkelerini\u2014tek ordu, tek h\u00fck\u00fcmet ve tek \u00fclke esas\u0131na dayanan\u2014reddetmek amac\u0131yla bu t\u00fcr konferanslara ba\u015fvurmaktad\u0131r.<\/p>\n<p style=\"text-align: justify;\" data-start=\"2489\" data-end=\"2952\">H\u00fck\u00fcmet, 10 Mart mutabakat\u0131n\u0131n a\u00e7\u0131k ihlali olan, d\u00fc\u015fmanca eylemlerde bulunan ayr\u0131l\u0131k\u00e7\u0131 \u015fahsiyetlerin a\u011f\u0131rlanmas\u0131n\u0131 \u015fiddetle k\u0131namaktad\u0131r. Bu eylemlerin sonu\u00e7lar\u0131ndan SDG ve liderli\u011fini tamamen sorumlu tutmaktad\u0131r. H\u00fck\u00fcmet, bu konferans\u0131 Suriye meselelerini uluslararas\u0131la\u015ft\u0131rma, d\u0131\u015f m\u00fcdahaleyi te\u015fvik etme ve yapt\u0131r\u0131mlar\u0131 yeniden uygulama giri\u015fimi olarak de\u011ferlendirmekte ve SDG\u2019nin bu nedenle hukuki, siyasi ve tarihi sorumluluklar\u0131n\u0131n bulundu\u011funu d\u00fc\u015f\u00fcnmektedir.<\/p>\n<p style=\"text-align: justify;\" data-start=\"2954\" data-end=\"3382\">Konferans, ister \u201cyeni bir ulusal ordu \u00e7ekirde\u011fi\u201d kurulmas\u0131, ister anayasa bildirgesinin yeniden de\u011ferlendirilmesi ya da idari b\u00f6l\u00fcnmelerin de\u011fi\u015ftirilmesi olsun, 10 Mart anla\u015fmas\u0131yla \u00e7eli\u015fen \u00f6neriler sunma giri\u015fimi olmu\u015ftur. Oysa anla\u015fma, Suriye\u2019nin kuzeydo\u011fusundaki t\u00fcm sivil ve askeri kurumlar\u0131n devlet kurumlar\u0131na entegrasyonunu a\u00e7\u0131k\u00e7a \u015fart ko\u015fmu\u015f ve haklar\u0131n ba\u011fl\u0131l\u0131\u011fa de\u011fil, yetkiye dayal\u0131 olmas\u0131n\u0131 garanti alt\u0131na alm\u0131\u015ft\u0131r.<\/p>\n<p style=\"text-align: justify;\" data-start=\"3384\" data-end=\"3622\">Bu konferans, Suriye h\u00fck\u00fcmetinin Ge\u00e7i\u015f D\u00f6nemi Adalet Komisyonu\u2019nun kurulmas\u0131 ve \u00e7al\u0131\u015fmalar\u0131na ba\u015flamas\u0131 gibi taahh\u00fctlerine ve \u015eubat ay\u0131nda ba\u015flat\u0131lan ve \u00fclke g\u00fcvenli hale gelene kadar devam edecek ulusal diyalog s\u00fcrecine a\u00e7\u0131k\u00e7a ayk\u0131r\u0131d\u0131r.<\/p>\n<p style=\"text-align: justify;\" data-start=\"3624\" data-end=\"3956\">Konferans, ate\u015fkes \u015fartlar\u0131n\u0131n uygulanmas\u0131ndan ve kurumlar\u0131n entegrasyonundan ka\u00e7\u0131nmak anlam\u0131na gelmekte ve anla\u015fman\u0131n s\u00fcrekli ihlal edilmesine yol a\u00e7maktad\u0131r. Ayr\u0131ca, Kandil\u2019den talimat alan a\u015f\u0131r\u0131 K\u00fcrt gruplar\u0131 taraf\u0131ndan Suriye Araplar\u0131na y\u00f6nelik sistematik demografik de\u011fi\u015fim politikalar\u0131n\u0131n \u00f6rt\u00fclmesi i\u00e7in k\u0131l\u0131f olu\u015fturmaktad\u0131r.<\/p>\n<p style=\"text-align: justify;\" data-start=\"3958\" data-end=\"4239\">Suriye h\u00fck\u00fcmeti, ba\u011f\u0131ms\u0131zl\u0131k \u00f6ncesi \u00fclkeyi b\u00f6lmeyi ama\u00e7layan konferanslar\u0131n yakla\u015f\u0131m\u0131n\u0131 yeniden de\u011ferlendirirken, halk\u0131n bu planlar\u0131 bo\u015fa \u00e7\u0131karan iradesinin bug\u00fcn de projeleri ba\u015far\u0131s\u0131z k\u0131laca\u011f\u0131n\u0131 ve \u0130kinci Cumhuriyet\u2019in in\u015fas\u0131na do\u011fru kararl\u0131l\u0131kla ilerleyece\u011fini teyit etmektedir.<\/p>\n<p style=\"text-align: justify;\" data-start=\"4241\" data-end=\"4712\">H\u00fck\u00fcmet, bu konferans\u0131n devam eden m\u00fczakere s\u00fcrecine darbe oldu\u011funu onaylamaktad\u0131r. Bu nedenle Paris\u2019teki hi\u00e7bir toplant\u0131ya kat\u0131lmayacak ve eski rejim d\u00f6nemini herhangi bir bahane veya k\u0131l\u0131f alt\u0131nda canland\u0131rmaya \u00e7al\u0131\u015fan taraflarla m\u00fczakere masas\u0131na oturmayacakt\u0131r. SDG\u2019yi 10 Mart mutabakat\u0131 \u00e7er\u00e7evesinde ciddi \u015fekilde \u00e7al\u0131\u015fmaya ve uluslararas\u0131 arabulucular\u0131 t\u00fcm m\u00fczakereleri Suriyelilerin me\u015fru ve ulusal diyalog adresi olarak kabul etti\u011fi \u015eam\u2019a ta\u015f\u0131maya \u00e7a\u011f\u0131rmaktad\u0131r.\u201d<\/p>\n","protected":false},"excerpt":{"rendered":"<p>\u015eAM (SANA) \u2013 Suriye h\u00fck\u00fcmetinden yetkili bir kaynak, SDG\u2019nin \u00fclkenin kuzeydo\u011fusunda d\u00fczenledi\u011fi konferans\u0131n kapsaml\u0131 bir ulusal \u00e7er\u00e7eveyi de\u011fil, Suriye halk\u0131n\u0131n zaferinden zarar g\u00f6ren taraflar\u0131 i\u00e7eren k\u0131r\u0131lgan bir ittifak\u0131 temsil etti\u011fini do\u011frulayarak, bu konferans\u0131n devam eden m\u00fczakere \u00e7abalar\u0131na a\u011f\u0131r bir darbe vurdu\u011funu ve h\u00fck\u00fcmetin Paris\u2019te planlanan hi\u00e7bir toplant\u0131ya kat\u0131lmayaca\u011f\u0131n\u0131, ayr\u0131ca eski rejim d\u00f6nemini herhangi bir isim &hellip;<\/p>\n","protected":false},"author":44,"featured_media":327392,"comment_status":"closed","ping_status":"closed","sticky":false,"template":"","format":"standard","meta":{"footnotes":""},"categories":[479,17988,478],"tags":[],"class_list":["post-327391","post","type-post","status-publish","format-standard","has-post-thumbnail","","category-haberler-yerel","category-son-haberler","category-yerel"],"_links":{"self":[{"href":"https:\/\/archive.sana.sy\/tr\/index.php?rest_route=\/wp\/v2\/posts\/327391","targetHints":{"allow":["GET"]}}],"collection":[{"href":"https:\/\/archive.sana.sy\/tr\/index.php?rest_route=\/wp\/v2\/posts"}],"about":[{"href":"https:\/\/archive.sana.sy\/tr\/index.php?rest_route=\/wp\/v2\/types\/post"}],"author":[{"embeddable":true,"href":"https:\/\/archive.sana.sy\/tr\/index.php?rest_route=\/wp\/v2\/users\/44"}],"replies":[{"embeddable":true,"href":"https:\/\/archive.sana.sy\/tr\/index.php?rest_route=%2Fwp%2Fv2%2Fcomments&post=327391"}],"version-history":[{"count":1,"href":"https:\/\/archive.sana.sy\/tr\/index.php?rest_route=\/wp\/v2\/posts\/327391\/revisions"}],"predecessor-version":[{"id":327393,"href":"https:\/\/archive.sana.sy\/tr\/index.php?rest_route=\/wp\/v2\/posts\/327391\/revisions\/327393"}],"wp:featuredmedia":[{"embeddable":true,"href":"https:\/\/archive.sana.sy\/tr\/index.php?rest_route=\/wp\/v2\/media\/327392"}],"wp:attachment":[{"href":"https:\/\/archive.sana.sy\/tr\/index.php?rest_route=%2Fwp%2Fv2%2Fmedia&parent=327391"}],"wp:term":[{"taxonomy":"category","embeddable":true,"href":"https:\/\/archive.sana.sy\/tr\/index.php?rest_route=%2Fwp%2Fv2%2Fcategories&post=327391"},{"taxonomy":"post_tag","embeddable":true,"href":"https:\/\/archive.sana.sy\/tr\/index.php?rest_route=%2Fwp%2Fv2%2Ftags&post=327391"}],"curies":[{"name":"wp","href":"https:\/\/api.w.org\/{rel}","templated":true}]}}