{"id":327394,"date":"2025-08-09T16:01:28","date_gmt":"2025-08-09T13:01:28","guid":{"rendered":"https:\/\/sana.sy\/tr\/?p=327394"},"modified":"2025-08-09T16:01:28","modified_gmt":"2025-08-09T13:01:28","slug":"israil-isgal-gucleri-kuneytra-kirsalindaki-bazi-koylere-sizdi","status":"publish","type":"post","link":"https:\/\/archive.sana.sy\/tr\/?p=327394","title":{"rendered":"\u0130srail \u0130\u015fgal G\u00fc\u00e7leri Kuneytra K\u0131rsal\u0131ndaki Baz\u0131 K\u00f6ylere S\u0131zd\u0131"},"content":{"rendered":"<p style=\"text-align: justify;\"><span style=\"color: #ff0000;\"><strong>KUNEYTRA <\/strong><strong>(SANA)<\/strong><\/span> &#8211; \u0130srail i\u015fgal g\u00fc\u00e7leri, Kuneytra ilinin orta ve g\u00fcney k\u0131rsal\u0131ndaki baz\u0131 k\u00f6y ve kasabalara y\u00f6nelik tekrarlayan s\u0131zmalar\u0131n\u0131 s\u00fcrd\u00fcrerek, kontrol noktalar\u0131 kurdu ve sivilleri aramaya tabi tuttu.<\/p>\n<p style=\"text-align: justify;\">SANA&#8217;n\u0131n Kuneytra muhabirine g\u00f6re, Tel Ahmar \u00fcss\u00fcnden bat\u0131 y\u00f6n\u00fcnde hareket eden ve asker ta\u015f\u0131yan 10 adet 4&#215;4 arazi arac\u0131, Bureyka\u2013Kodneh yolu y\u00f6n\u00fcnde ilerleyerek bir kontrol noktas\u0131 olu\u015fturdu. Ayn\u0131 zamanda, 10 ara\u00e7tan olu\u015fan bir \u0130srail askeri konvoyu Ruveyhine k\u00f6y\u00fcne girerek Kuneytra\u2019n\u0131n orta k\u0131rsal\u0131nda yer alan Resm el-Halebi k\u00f6y\u00fcne do\u011fru ilerledi.<\/p>\n<p style=\"text-align: justify;\">G\u00fcn\u00fcn erken saatlerinde, g\u00fcney k\u0131rsalda yer alan El-A\u015fe kap\u0131s\u0131ndan giren be\u015f \u0130srail askeri arac\u0131, Hayran y\u00f6n\u00fcnden gelerek El-Rafid beldesine s\u0131zd\u0131 ve ard\u0131ndan Culh kap\u0131s\u0131 y\u00f6n\u00fcnde yollar\u0131na devam etti.<\/p>\n<p style=\"text-align: justify;\">Ayr\u0131ca, Kuneytra\u2019n\u0131n orta k\u0131rsal\u0131ndaki Adnaniye b\u00f6lgesinden yola \u00e7\u0131kan bir \u0130srail devriyesi, Ruveyhine k\u00f6y\u00fcne do\u011fru ilerledi. Asker ta\u015f\u0131yan ara\u00e7lardan ve iki tanktan olu\u015fan devriye, k\u00f6y\u00fcn kenarlar\u0131na konu\u015fland\u0131.<\/p>\n<p style=\"text-align: justify;\">\u0130srail i\u015fgal g\u00fc\u00e7leri, Kuneytra&#8217;n\u0131n orta ve g\u00fcney k\u0131rsal\u0131ndaki \u00e7e\u015fitli k\u00f6y ve kasabalara ger\u00e7ekle\u015ftirdi\u011fi bu s\u0131zmalardan birka\u00e7 saat sonra geri \u00e7ekildi.<\/p>\n<p style=\"text-align: justify;\">\n","protected":false},"excerpt":{"rendered":"<p>KUNEYTRA (SANA) &#8211; \u0130srail i\u015fgal g\u00fc\u00e7leri, Kuneytra ilinin orta ve g\u00fcney k\u0131rsal\u0131ndaki baz\u0131 k\u00f6y ve kasabalara y\u00f6nelik tekrarlayan s\u0131zmalar\u0131n\u0131 s\u00fcrd\u00fcrerek, kontrol noktalar\u0131 kurdu ve sivilleri aramaya tabi tuttu. SANA&#8217;n\u0131n Kuneytra muhabirine g\u00f6re, Tel Ahmar \u00fcss\u00fcnden bat\u0131 y\u00f6n\u00fcnde hareket eden ve asker ta\u015f\u0131yan 10 adet 4&#215;4 arazi arac\u0131, Bureyka\u2013Kodneh yolu y\u00f6n\u00fcnde ilerleyerek bir kontrol noktas\u0131 olu\u015fturdu. &hellip;<\/p>\n","protected":false},"author":44,"featured_media":327395,"comment_status":"closed","ping_status":"closed","sticky":false,"template":"","format":"standard","meta":{"footnotes":""},"categories":[589,479,17988,478],"tags":[44178],"class_list":["post-327394","post","type-post","status-publish","format-standard","has-post-thumbnail","","category-haber-seridi","category-haberler-yerel","category-son-haberler","category-yerel","tag-israil-isgal-gucleri-kuneytra-kirsalindaki-bazi-koylere-sizdi"],"_links":{"self":[{"href":"https:\/\/archive.sana.sy\/tr\/index.php?rest_route=\/wp\/v2\/posts\/327394","targetHints":{"allow":["GET"]}}],"collection":[{"href":"https:\/\/archive.sana.sy\/tr\/index.php?rest_route=\/wp\/v2\/posts"}],"about":[{"href":"https:\/\/archive.sana.sy\/tr\/index.php?rest_route=\/wp\/v2\/types\/post"}],"author":[{"embeddable":true,"href":"https:\/\/archive.sana.sy\/tr\/index.php?rest_route=\/wp\/v2\/users\/44"}],"replies":[{"embeddable":true,"href":"https:\/\/archive.sana.sy\/tr\/index.php?rest_route=%2Fwp%2Fv2%2Fcomments&post=327394"}],"version-history":[{"count":1,"href":"https:\/\/archive.sana.sy\/tr\/index.php?rest_route=\/wp\/v2\/posts\/327394\/revisions"}],"predecessor-version":[{"id":327396,"href":"https:\/\/archive.sana.sy\/tr\/index.php?rest_route=\/wp\/v2\/posts\/327394\/revisions\/327396"}],"wp:featuredmedia":[{"embeddable":true,"href":"https:\/\/archive.sana.sy\/tr\/index.php?rest_route=\/wp\/v2\/media\/327395"}],"wp:attachment":[{"href":"https:\/\/archive.sana.sy\/tr\/index.php?rest_route=%2Fwp%2Fv2%2Fmedia&parent=327394"}],"wp:term":[{"taxonomy":"category","embeddable":true,"href":"https:\/\/archive.sana.sy\/tr\/index.php?rest_route=%2Fwp%2Fv2%2Fcategories&post=327394"},{"taxonomy":"post_tag","embeddable":true,"href":"https:\/\/archive.sana.sy\/tr\/index.php?rest_route=%2Fwp%2Fv2%2Ftags&post=327394"}],"curies":[{"name":"wp","href":"https:\/\/api.w.org\/{rel}","templated":true}]}}