{"id":327397,"date":"2025-08-09T16:07:15","date_gmt":"2025-08-09T13:07:15","guid":{"rendered":"https:\/\/sana.sy\/tr\/?p=327397"},"modified":"2025-08-09T16:07:15","modified_gmt":"2025-08-09T13:07:15","slug":"misir-ve-turkiye-suriyenin-birlik-ve-butunlugunun-korunmasinin-onemini-vurguladi","status":"publish","type":"post","link":"https:\/\/archive.sana.sy\/tr\/?p=327397","title":{"rendered":"M\u0131s\u0131r ve T\u00fcrkiye, Suriye&#8217;nin Birlik ve B\u00fct\u00fcnl\u00fc\u011f\u00fcn\u00fcn Korunmas\u0131n\u0131n \u00d6nemini Vurgulad\u0131"},"content":{"rendered":"<p style=\"text-align: justify;\"><span style=\"color: #ff0000;\"><strong>KAH\u0130RE (SANA)<\/strong> &#8211;<\/span> M\u0131s\u0131r ve T\u00fcrkiye bug\u00fcn, Suriye&#8217;nin toprak b\u00fct\u00fcnl\u00fc\u011f\u00fcn\u00fcn korunmas\u0131n\u0131n \u00f6nemine vurgular\u0131n\u0131 yinelediler.<\/p>\n<p style=\"text-align: justify;\">El-Ahram Kap\u0131s\u0131&#8217;na g\u00f6re bu a\u00e7\u0131klama, iki \u00fclkenin d\u0131\u015fi\u015fleri bakanlar\u0131 Bedir Abd\u00fclati ve Hakan Fidan&#8217;\u0131n Yeni Alameyn \u015fehrinde ger\u00e7ekle\u015ftirdikleri g\u00f6r\u00fc\u015fmenin ard\u0131ndan d\u00fczenledikleri ortak bas\u0131n toplant\u0131s\u0131nda geldi.<\/p>\n<p style=\"text-align: justify;\">M\u0131s\u0131rl\u0131 Bakan Abd\u00fclati, &#8220;M\u0131s\u0131r ve T\u00fcrkiye aras\u0131nda, Suriye&#8217;nin toprak b\u00fct\u00fcnl\u00fc\u011f\u00fcn\u00fcn korunmas\u0131 ve kimseyi d\u0131\u015flamayan kapsaml\u0131 bir \u00e7\u00f6z\u00fcm\u00fcn te\u015fvik edilmesinin \u00f6nemi konusunda bir mutabakat var.&#8221; dedi.<\/p>\n","protected":false},"excerpt":{"rendered":"<p>KAH\u0130RE (SANA) &#8211; M\u0131s\u0131r ve T\u00fcrkiye bug\u00fcn, Suriye&#8217;nin toprak b\u00fct\u00fcnl\u00fc\u011f\u00fcn\u00fcn korunmas\u0131n\u0131n \u00f6nemine vurgular\u0131n\u0131 yinelediler. El-Ahram Kap\u0131s\u0131&#8217;na g\u00f6re bu a\u00e7\u0131klama, iki \u00fclkenin d\u0131\u015fi\u015fleri bakanlar\u0131 Bedir Abd\u00fclati ve Hakan Fidan&#8217;\u0131n Yeni Alameyn \u015fehrinde ger\u00e7ekle\u015ftirdikleri g\u00f6r\u00fc\u015fmenin ard\u0131ndan d\u00fczenledikleri ortak bas\u0131n toplant\u0131s\u0131nda geldi. M\u0131s\u0131rl\u0131 Bakan Abd\u00fclati, &#8220;M\u0131s\u0131r ve T\u00fcrkiye aras\u0131nda, Suriye&#8217;nin toprak b\u00fct\u00fcnl\u00fc\u011f\u00fcn\u00fcn korunmas\u0131 ve kimseyi d\u0131\u015flamayan kapsaml\u0131 bir &hellip;<\/p>\n","protected":false},"author":44,"featured_media":327398,"comment_status":"closed","ping_status":"closed","sticky":false,"template":"","format":"standard","meta":{"footnotes":""},"categories":[458,589,459,17988],"tags":[44179,44180],"class_list":["post-327397","post","type-post","status-publish","format-standard","has-post-thumbnail","","category-dunya1","category-haber-seridi","category-haberler-arap-uluslararasi-politika","category-son-haberler","tag-misir-ve-turkiye","tag-suriyenin-birlik-ve-butunlugunun-korunmasinin-onemini-vurguladi"],"_links":{"self":[{"href":"https:\/\/archive.sana.sy\/tr\/index.php?rest_route=\/wp\/v2\/posts\/327397","targetHints":{"allow":["GET"]}}],"collection":[{"href":"https:\/\/archive.sana.sy\/tr\/index.php?rest_route=\/wp\/v2\/posts"}],"about":[{"href":"https:\/\/archive.sana.sy\/tr\/index.php?rest_route=\/wp\/v2\/types\/post"}],"author":[{"embeddable":true,"href":"https:\/\/archive.sana.sy\/tr\/index.php?rest_route=\/wp\/v2\/users\/44"}],"replies":[{"embeddable":true,"href":"https:\/\/archive.sana.sy\/tr\/index.php?rest_route=%2Fwp%2Fv2%2Fcomments&post=327397"}],"version-history":[{"count":1,"href":"https:\/\/archive.sana.sy\/tr\/index.php?rest_route=\/wp\/v2\/posts\/327397\/revisions"}],"predecessor-version":[{"id":327399,"href":"https:\/\/archive.sana.sy\/tr\/index.php?rest_route=\/wp\/v2\/posts\/327397\/revisions\/327399"}],"wp:featuredmedia":[{"embeddable":true,"href":"https:\/\/archive.sana.sy\/tr\/index.php?rest_route=\/wp\/v2\/media\/327398"}],"wp:attachment":[{"href":"https:\/\/archive.sana.sy\/tr\/index.php?rest_route=%2Fwp%2Fv2%2Fmedia&parent=327397"}],"wp:term":[{"taxonomy":"category","embeddable":true,"href":"https:\/\/archive.sana.sy\/tr\/index.php?rest_route=%2Fwp%2Fv2%2Fcategories&post=327397"},{"taxonomy":"post_tag","embeddable":true,"href":"https:\/\/archive.sana.sy\/tr\/index.php?rest_route=%2Fwp%2Fv2%2Ftags&post=327397"}],"curies":[{"name":"wp","href":"https:\/\/api.w.org\/{rel}","templated":true}]}}