{"id":327400,"date":"2025-08-09T06:04:19","date_gmt":"2025-08-09T03:04:19","guid":{"rendered":"https:\/\/sana.sy\/tr\/?p=327400"},"modified":"2025-08-09T18:05:19","modified_gmt":"2025-08-09T15:05:19","slug":"arap-islam-bakanlar-komitesi-israilin-gazzeyi-kontrol-altina-alma-niyetini-kinadi","status":"publish","type":"post","link":"https:\/\/archive.sana.sy\/tr\/?p=327400","title":{"rendered":"Arap-\u0130slam Bakanlar Komitesi, \u0130srail\u2019in Gazze\u2019yi Kontrol Alt\u0131na Alma Niyetini K\u0131nad\u0131"},"content":{"rendered":"<p style=\"text-align: justify;\"><span style=\"color: #ff0000;\"><strong>AMMAN (SANA)<\/strong> <\/span>&#8211;\u00a0 Arap-\u0130slam Ortak Ola\u011fan\u00fcst\u00fc Zirvesi taraf\u0131ndan Gazze \u015eeridi\u2019ndeki geli\u015fmeleri takip etmekle g\u00f6revlendirilen bakanlar komitesi, \u0130srail\u2019in Gazze \u015eeridi\u2019ni kontrol alt\u0131na alma ve i\u015fgal etme niyetini a\u00e7\u0131klamas\u0131n\u0131 \u015fiddetle k\u0131nad\u0131.<\/p>\n<p style=\"text-align: justify;\">\u00dcrd\u00fcn resmi haber ajans\u0131 Petra\u2019n\u0131n aktard\u0131\u011f\u0131 komite a\u00e7\u0131klamas\u0131nda, \u0130srail&#8217;in bu a\u00e7\u0131klamas\u0131n\u0131n ciddi ve kabul edilemez bir t\u0131rman\u0131\u015f oldu\u011fu, uluslararas\u0131 hukukun a\u00e7\u0131k\u00e7a ihlali anlam\u0131na geldi\u011fi ve yasa d\u0131\u015f\u0131 i\u015fgali peki\u015ftirmeye, ayr\u0131ca ilgili uluslararas\u0131 me\u015fruiyet kararlar\u0131n\u0131 hi\u00e7e sayarak zorla bir fiili durum empoze etmeye y\u00f6nelik bir giri\u015fim oldu\u011fu belirtildi.<\/p>\n<p style=\"text-align: justify;\">A\u00e7\u0131klamada, \u0130srail\u2019in bu y\u00f6ndeki tutumunun, \u00f6ld\u00fcrme, a\u00e7 b\u0131rakma, zorla yerinden etme giri\u015fimleri, Filistin topraklar\u0131n\u0131n ilhak\u0131 ve yerle\u015fimci ter\u00f6r\u00fcn\u00fc i\u00e7eren ciddi ihlallerin bir devam\u0131 oldu\u011fu, bunlar\u0131n \u201cinsanl\u0131\u011fa kar\u015f\u0131 su\u00e7lar\u201d kapsam\u0131na girebilece\u011fi vurguland\u0131. Komite, bu su\u00e7lar\u0131n ve ihlallerin, Filistin halk\u0131 i\u00e7in bar\u0131\u015fa y\u00f6nelik t\u00fcm umutlar\u0131 yok etti\u011fine ve \u00e7at\u0131\u015fman\u0131n sona erdirilmesi ile s\u00fck\u00fbnetin sa\u011flanmas\u0131na y\u00f6nelik b\u00f6lgesel ve uluslararas\u0131 \u00e7abalar\u0131 baltalad\u0131\u011f\u0131na dikkat \u00e7ekti.<\/p>\n<p style=\"text-align: justify;\">Komite a\u00e7\u0131klamas\u0131nda ayr\u0131ca, \u0130srail\u2019in Gazze \u015eeridi\u2019ne y\u00f6nelik sald\u0131r\u0131lar\u0131na derhal ve tamamen son verilmesi, i\u015fgal g\u00fc\u00e7lerinin sivillere ve altyap\u0131ya y\u00f6nelik devam eden ihlallerinin durdurulmas\u0131, insani yard\u0131mlar\u0131n \u015farts\u0131z ve acil \u015fekilde Gazze\u2019ye giri\u015fine izin verilmesi ve yard\u0131m ajanslar\u0131 ile uluslararas\u0131 insani kurulu\u015flar\u0131n \u00e7al\u0131\u015fmalar\u0131n\u0131, uluslararas\u0131 insanc\u0131l hukuk ve y\u00fcr\u00fcrl\u00fckteki insani \u00e7al\u0131\u015fma standartlar\u0131 do\u011frultusunda \u00f6zg\u00fcrce s\u00fcrd\u00fcrebilmesinin sa\u011flanmas\u0131 gerekti\u011fi vurguland\u0131.<\/p>\n<p style=\"text-align: justify;\">A\u00e7\u0131klamada ayr\u0131ca, Filistin halk\u0131n\u0131n topraklar\u0131ndan zorla \u00e7\u0131kar\u0131lmas\u0131na y\u00f6nelik her t\u00fcrl\u00fc giri\u015fim kesin bir dille reddedildi ve adil ve kal\u0131c\u0131 bir bar\u0131\u015f\u0131n, yaln\u0131zca 4 Haziran 1967 s\u0131n\u0131rlar\u0131 temelinde ba\u015fkenti Do\u011fu Kud\u00fcs olan ba\u011f\u0131ms\u0131z Filistin devleti \u00e7\u00f6z\u00fcm\u00fcn\u00fcn uygulanmas\u0131yla m\u00fcmk\u00fcn olaca\u011f\u0131na dikkat \u00e7ekildi.<\/p>\n<p style=\"text-align: justify;\">Komite, ba\u015fta Birle\u015fmi\u015f Milletler G\u00fcvenlik Konseyi\u2019nin daimi \u00fcyeleri olmak \u00fczere uluslararas\u0131 toplumu, hukuki ve insani sorumluluklar\u0131n\u0131 \u00fcstlenmeye ve \u0130srail\u2019in sald\u0131rgan politikalar\u0131n\u0131 durdurmak i\u00e7in acil harekete ge\u00e7meye \u00e7a\u011f\u0131rd\u0131.<\/p>\n","protected":false},"excerpt":{"rendered":"<p>AMMAN (SANA) &#8211;\u00a0 Arap-\u0130slam Ortak Ola\u011fan\u00fcst\u00fc Zirvesi taraf\u0131ndan Gazze \u015eeridi\u2019ndeki geli\u015fmeleri takip etmekle g\u00f6revlendirilen bakanlar komitesi, \u0130srail\u2019in Gazze \u015eeridi\u2019ni kontrol alt\u0131na alma ve i\u015fgal etme niyetini a\u00e7\u0131klamas\u0131n\u0131 \u015fiddetle k\u0131nad\u0131. \u00dcrd\u00fcn resmi haber ajans\u0131 Petra\u2019n\u0131n aktard\u0131\u011f\u0131 komite a\u00e7\u0131klamas\u0131nda, \u0130srail&#8217;in bu a\u00e7\u0131klamas\u0131n\u0131n ciddi ve kabul edilemez bir t\u0131rman\u0131\u015f oldu\u011fu, uluslararas\u0131 hukukun a\u00e7\u0131k\u00e7a ihlali anlam\u0131na geldi\u011fi ve yasa &hellip;<\/p>\n","protected":false},"author":44,"featured_media":327401,"comment_status":"closed","ping_status":"closed","sticky":false,"template":"","format":"standard","meta":{"footnotes":""},"categories":[458,589,459,17988],"tags":[44181,44182],"class_list":["post-327400","post","type-post","status-publish","format-standard","has-post-thumbnail","","category-dunya1","category-haber-seridi","category-haberler-arap-uluslararasi-politika","category-son-haberler","tag-arap-islam-bakanlar-komitesi","tag-israilin-gazzeyi-kontrol-altina-alma-niyetini-kinadi"],"_links":{"self":[{"href":"https:\/\/archive.sana.sy\/tr\/index.php?rest_route=\/wp\/v2\/posts\/327400","targetHints":{"allow":["GET"]}}],"collection":[{"href":"https:\/\/archive.sana.sy\/tr\/index.php?rest_route=\/wp\/v2\/posts"}],"about":[{"href":"https:\/\/archive.sana.sy\/tr\/index.php?rest_route=\/wp\/v2\/types\/post"}],"author":[{"embeddable":true,"href":"https:\/\/archive.sana.sy\/tr\/index.php?rest_route=\/wp\/v2\/users\/44"}],"replies":[{"embeddable":true,"href":"https:\/\/archive.sana.sy\/tr\/index.php?rest_route=%2Fwp%2Fv2%2Fcomments&post=327400"}],"version-history":[{"count":1,"href":"https:\/\/archive.sana.sy\/tr\/index.php?rest_route=\/wp\/v2\/posts\/327400\/revisions"}],"predecessor-version":[{"id":327402,"href":"https:\/\/archive.sana.sy\/tr\/index.php?rest_route=\/wp\/v2\/posts\/327400\/revisions\/327402"}],"wp:featuredmedia":[{"embeddable":true,"href":"https:\/\/archive.sana.sy\/tr\/index.php?rest_route=\/wp\/v2\/media\/327401"}],"wp:attachment":[{"href":"https:\/\/archive.sana.sy\/tr\/index.php?rest_route=%2Fwp%2Fv2%2Fmedia&parent=327400"}],"wp:term":[{"taxonomy":"category","embeddable":true,"href":"https:\/\/archive.sana.sy\/tr\/index.php?rest_route=%2Fwp%2Fv2%2Fcategories&post=327400"},{"taxonomy":"post_tag","embeddable":true,"href":"https:\/\/archive.sana.sy\/tr\/index.php?rest_route=%2Fwp%2Fv2%2Ftags&post=327400"}],"curies":[{"name":"wp","href":"https:\/\/api.w.org\/{rel}","templated":true}]}}